{"id":912,"date":"2018-04-22T19:40:11","date_gmt":"2018-04-22T17:40:11","guid":{"rendered":"http:\/\/www.kneipp-garbsen.de\/?p=912"},"modified":"2018-04-22T19:45:47","modified_gmt":"2018-04-22T17:45:47","slug":"sonntags-radtouren-durch-den-fruehling","status":"publish","type":"post","link":"https:\/\/www.kneipp-garbsen.de\/?p=912","title":{"rendered":"Sonntags-Radtouren durch den Fr\u00fchling"},"content":{"rendered":"<p>Am heutigen Sonntag, 22.04.2018,\u00a0 radelten wir \u00fcber Osterwald, Otternhagen, Mecklenhorst zur Leineschleife. Nach einer gro\u00dfen Vesperpause ging es weiter \u00fcber Bordenau, Poggenhagen nach Wunstorf. In Altensruh genossen wir die Einkehr.\u00a0 Edwin M\u00fcnkel f\u00fchrte uns 58 km \u00fcber naturnahe Wege durch die gr\u00fcne, aufbl\u00fchende Landschaft. Wir waren begeistert und danken es ihm mit einem gro\u00dfen Applaus.<\/p>\n<p>Am Sonntag, 29.04.2018, 11.00 Uhr von der IGS aus startet die n\u00e4chste Tour mit Manfred Bojahr \u00fcber Almhorst, D\u00f6teberg, Everloh nach Gehrden, wo ihr in einem Cafe einkehren werdet. Die Fahrt ist 50 km lang und leicht zu bew\u00e4ltigen.<\/p>\n<p>G\u00e4ste sind herzlich willkommen.<\/p>\n<p>&nbsp;<\/p>\n<p>Silvia M\u00fcnkel<\/p>\n","protected":false},"excerpt":{"rendered":"<p>Am heutigen Sonntag, 22.04.2018,\u00a0 radelten wir \u00fcber Osterwald, Otternhagen, Mecklenhorst zur Leineschleife. Nach einer gro\u00dfen Vesperpause ging es weiter \u00fcber Bordenau, Poggenhagen nach Wunstorf. In Altensruh genossen wir die Einkehr.\u00a0 Edwin M\u00fcnkel f\u00fchrte uns 58 km \u00fcber naturnahe Wege durch die gr\u00fcne, aufbl\u00fchende Landschaft. Wir waren begeistert und danken es ihm mit einem gro\u00dfen Applaus. Am Sonntag, 29.04.2018, 11.00 Uhr<span class=\"excerpt-hellip\"> [\u2026]<\/span><\/p>\n","protected":false},"author":2,"featured_media":913,"comment_status":"open","ping_status":"open","sticky":false,"template":"","format":"standard","meta":{"jetpack_post_was_ever_published":false,"_jetpack_newsletter_access":"","_jetpack_dont_email_post_to_subs":false,"_jetpack_newsletter_tier_id":0,"_jetpack_memberships_contains_paywalled_content":false,"_jetpack_memberships_contains_paid_content":false,"footnotes":"","jetpack_publicize_message":"","jetpack_publicize_feature_enabled":true,"jetpack_social_post_already_shared":false,"jetpack_social_options":{"image_generator_settings":{"template":"highway","default_image_id":0,"font":"","enabled":false},"version":2}},"categories":[1],"tags":[],"class_list":["post-912","post","type-post","status-publish","format-standard","has-post-thumbnail","hentry","category-allgemein"],"jetpack_publicize_connections":[],"jetpack_featured_media_url":"https:\/\/i0.wp.com\/www.kneipp-garbsen.de\/wp-content\/uploads\/2018\/04\/Ab-in-den-Fr%C3%BChling.jpg?fit=3618%2C1880&ssl=1","jetpack_sharing_enabled":true,"_links":{"self":[{"href":"https:\/\/www.kneipp-garbsen.de\/index.php?rest_route=\/wp\/v2\/posts\/912","targetHints":{"allow":["GET"]}}],"collection":[{"href":"https:\/\/www.kneipp-garbsen.de\/index.php?rest_route=\/wp\/v2\/posts"}],"about":[{"href":"https:\/\/www.kneipp-garbsen.de\/index.php?rest_route=\/wp\/v2\/types\/post"}],"author":[{"embeddable":true,"href":"https:\/\/www.kneipp-garbsen.de\/index.php?rest_route=\/wp\/v2\/users\/2"}],"replies":[{"embeddable":true,"href":"https:\/\/www.kneipp-garbsen.de\/index.php?rest_route=%2Fwp%2Fv2%2Fcomments&post=912"}],"version-history":[{"count":1,"href":"https:\/\/www.kneipp-garbsen.de\/index.php?rest_route=\/wp\/v2\/posts\/912\/revisions"}],"predecessor-version":[{"id":914,"href":"https:\/\/www.kneipp-garbsen.de\/index.php?rest_route=\/wp\/v2\/posts\/912\/revisions\/914"}],"wp:featuredmedia":[{"embeddable":true,"href":"https:\/\/www.kneipp-garbsen.de\/index.php?rest_route=\/wp\/v2\/media\/913"}],"wp:attachment":[{"href":"https:\/\/www.kneipp-garbsen.de\/index.php?rest_route=%2Fwp%2Fv2%2Fmedia&parent=912"}],"wp:term":[{"taxonomy":"category","embeddable":true,"href":"https:\/\/www.kneipp-garbsen.de\/index.php?rest_route=%2Fwp%2Fv2%2Fcategories&post=912"},{"taxonomy":"post_tag","embeddable":true,"href":"https:\/\/www.kneipp-garbsen.de\/index.php?rest_route=%2Fwp%2Fv2%2Ftags&post=912"}],"curies":[{"name":"wp","href":"https:\/\/api.w.org\/{rel}","templated":true}]}}