{"id":891,"date":"2018-03-14T22:06:24","date_gmt":"2018-03-14T21:06:24","guid":{"rendered":"http:\/\/www.kneipp-garbsen.de\/?p=891"},"modified":"2018-04-22T19:08:28","modified_gmt":"2018-04-22T17:08:28","slug":"harzwanderreise-im-mai-2018","status":"publish","type":"post","link":"https:\/\/www.kneipp-garbsen.de\/?p=891","title":{"rendered":"Harzwanderreise im Mai 2018"},"content":{"rendered":"<p>Nun ist alles gebucht, wie wir es uns gew\u00fcnscht haben.<\/p>\n<p><strong>Samstag<\/strong>, 26. Mai um 13.00 Uhr checken wir im Hotel Heikenberg ein.<\/p>\n<p>Wie w\u00e4hrend fr\u00fcherer Besuche mit Manfred wandern wir zuerst zum Bismarkturm, um die k\u00f6stliche Gewittertorte zu probieren (8 km).<\/p>\n<p><strong>Sonntag<\/strong> fahren wir nach Sieber und wandern den Baudensteig Nr. 4 zum gro\u00dfen Knollen. Wenn sch\u00f6nes Wetter ist, blicken wir \u00fcber den gesamten Harz. Nun geht es fast nur noch bergab, insgesamt 14 km.<\/p>\n<p><strong>Montag<\/strong> wird ein anstrengender Tag! Auf dem Weg nach Duderstadt besuchen wir zun\u00e4chst das Gut Herbigshagen mit der Heinz Sielmann-Stiftung. Wir erfahren Interessantes \u00fcber sein Leben und bewundern die dort gez\u00fcchteten alten\u00a0 Haustierrassen wie das rote Harzer H\u00f6henvieh u. v. m. Auf dem Sielmann-Wanderweg (ca. 8 km) geht es nach Duderstadt, wo uns nach einer Kaffeepause der Stadtf\u00fchrer erwartet, der uns 1,5 Std. seine Stadt erkl\u00e4rt.<\/p>\n<p><strong>Dienstag<\/strong> morgen fahren\u00a0 nach Walkenried. Wir wandern auf dem ber\u00fchmten Karstweg ca. 9 flache km. Gegen 14.00 Uhr kehren wir im Klostercafe ein und anschliessend bekommen wir eine Spezialf\u00fchrung nur f\u00fcr uns in den alten Klostermauern.<\/p>\n<p><strong>Mittwoch<\/strong> wird anstrengend. Es geht auf den H\u00f6henwanderweg rund um St. Andreasberg, dem h\u00f6chsten Ort im Harz, entsprechend auch die Steigungen. Aber ich glaube, wir schaffen das und werden tolle Ausblicke haben. Die Einkehr geniessen wir in der Matthias-Schmidt-Baude.<\/p>\n<p><strong>Donnerstag<\/strong> bevor wir uns vom Harz verabschieden, gehen wir auf den Hausberg in Bad Lauterberg. Von dort aus schauen wir ins Tal und auf den idyllischen Ort. Wer will, f\u00e4hrt mit der Seilbahn runter, um noch einige Zeit den Ausblick wahrzunehmen.<\/p>\n<p>Ich glaube, es wird eine Superzeit. Silvia M\u00fcnkel<\/p>\n<p>&nbsp;<\/p>\n","protected":false},"excerpt":{"rendered":"<p>Nun ist alles gebucht, wie wir es uns gew\u00fcnscht haben. Samstag, 26. Mai um 13.00 Uhr checken wir im Hotel Heikenberg ein. Wie w\u00e4hrend fr\u00fcherer Besuche mit Manfred wandern wir zuerst zum Bismarkturm, um die k\u00f6stliche Gewittertorte zu probieren (8 km). Sonntag fahren wir nach Sieber und wandern den Baudensteig Nr. 4 zum gro\u00dfen Knollen. Wenn sch\u00f6nes Wetter ist, blicken<span class=\"excerpt-hellip\"> [\u2026]<\/span><\/p>\n","protected":false},"author":2,"featured_media":892,"comment_status":"open","ping_status":"open","sticky":false,"template":"","format":"standard","meta":{"jetpack_post_was_ever_published":false,"_jetpack_newsletter_access":"","_jetpack_dont_email_post_to_subs":false,"_jetpack_newsletter_tier_id":0,"_jetpack_memberships_contains_paywalled_content":false,"_jetpack_memberships_contains_paid_content":false,"footnotes":"","jetpack_publicize_message":"","jetpack_publicize_feature_enabled":true,"jetpack_social_post_already_shared":false,"jetpack_social_options":{"image_generator_settings":{"template":"highway","default_image_id":0,"font":"","enabled":false},"version":2}},"categories":[1],"tags":[],"class_list":["post-891","post","type-post","status-publish","format-standard","has-post-thumbnail","hentry","category-allgemein"],"jetpack_publicize_connections":[],"jetpack_featured_media_url":"https:\/\/i0.wp.com\/www.kneipp-garbsen.de\/wp-content\/uploads\/2018\/03\/Duderstadt.jpg?fit=722%2C360&ssl=1","jetpack_sharing_enabled":true,"_links":{"self":[{"href":"https:\/\/www.kneipp-garbsen.de\/index.php?rest_route=\/wp\/v2\/posts\/891","targetHints":{"allow":["GET"]}}],"collection":[{"href":"https:\/\/www.kneipp-garbsen.de\/index.php?rest_route=\/wp\/v2\/posts"}],"about":[{"href":"https:\/\/www.kneipp-garbsen.de\/index.php?rest_route=\/wp\/v2\/types\/post"}],"author":[{"embeddable":true,"href":"https:\/\/www.kneipp-garbsen.de\/index.php?rest_route=\/wp\/v2\/users\/2"}],"replies":[{"embeddable":true,"href":"https:\/\/www.kneipp-garbsen.de\/index.php?rest_route=%2Fwp%2Fv2%2Fcomments&post=891"}],"version-history":[{"count":3,"href":"https:\/\/www.kneipp-garbsen.de\/index.php?rest_route=\/wp\/v2\/posts\/891\/revisions"}],"predecessor-version":[{"id":910,"href":"https:\/\/www.kneipp-garbsen.de\/index.php?rest_route=\/wp\/v2\/posts\/891\/revisions\/910"}],"wp:featuredmedia":[{"embeddable":true,"href":"https:\/\/www.kneipp-garbsen.de\/index.php?rest_route=\/wp\/v2\/media\/892"}],"wp:attachment":[{"href":"https:\/\/www.kneipp-garbsen.de\/index.php?rest_route=%2Fwp%2Fv2%2Fmedia&parent=891"}],"wp:term":[{"taxonomy":"category","embeddable":true,"href":"https:\/\/www.kneipp-garbsen.de\/index.php?rest_route=%2Fwp%2Fv2%2Fcategories&post=891"},{"taxonomy":"post_tag","embeddable":true,"href":"https:\/\/www.kneipp-garbsen.de\/index.php?rest_route=%2Fwp%2Fv2%2Ftags&post=891"}],"curies":[{"name":"wp","href":"https:\/\/api.w.org\/{rel}","templated":true}]}}