{"id":881,"date":"2018-03-11T15:55:26","date_gmt":"2018-03-11T14:55:26","guid":{"rendered":"http:\/\/www.kneipp-garbsen.de\/?p=881"},"modified":"2018-03-11T15:55:26","modified_gmt":"2018-03-11T14:55:26","slug":"kneipp-garbsen-besucht-den-nds-landtag-in-hannover","status":"publish","type":"post","link":"https:\/\/www.kneipp-garbsen.de\/?p=881","title":{"rendered":"Kneipp-Garbsen  besucht den Nds. Landtag in Hannover"},"content":{"rendered":"<p>ein Beitrag von Ingrid Schmidt<\/p>\n<p>35 Mitglieder des Kneippvereins Garbsen besuchten am 5. M\u00e4rz 2018 den nieders\u00e4chsischen Landtag, um nach dem Umbau einen Blick \u201ehinter die Kulissen\u201c zu werfen.<\/p>\n<p>Die Landtagsabgeordnete Editha Westmann (ehemals Lorberg) f\u00fchrte unsere Kneipp-gruppe durch R\u00e4umlichkeiten, die sonst dem Publikum verschlossen bleiben. So durchschritten wir einen Tunnel, der den eigentlichen Trakt mit dem Nebengeb\u00e4ude auf der anderen Seite Richtung Marktkirche verbindet. In dem unterirdischen Gang befinden sich abh\u00f6rsichere R\u00e4ume, die f\u00fcr sehr vertrauliche Sitzungen genutzt werden.<\/p>\n<p>In dem Nebengeb\u00e4ude fanden w\u00e4hrend der Umbauphase die Plenarsitzungen statt; der Plenarsaal ist auch jetzt noch erhalten. Die Sitzungsr\u00e4ume befinden sich ebenso in diesem Geb\u00e4ude.<\/p>\n<p>Es gab auch die Gelegenheit, einen Blick in das B\u00fcro der Landtagspr\u00e4sidentin, Dr. Gabriele Andretta, der h\u00f6chsten Repr\u00e4sentantin im Landtag, zu werfen.<\/p>\n<p>Das Highlight war aber der neue Plenarsaal, der modernisiert und mit zeitgem\u00e4\u00dfer Funktionalit\u00e4t versehen ist. Der Plenarbereich ist transparent, modern und von Licht durchflutet.<\/p>\n<p>Zum Abschluss des Besuches trafen wir uns zum Kaffeetrinken im Fraktionszimmer der CDU. Wir nutzten die M\u00f6glichkeit, Frau Westmann Fragen zu stellen und mit ihr zu diskutieren.<\/p>\n<p>Kneipp-Garbsen war begeistert vom neuen Landtag und der \u00e4u\u00dferst informativen F\u00fchrung durch die Landtagsabgeordnete, Frau Westmann.<\/p>\n<p>Einige Teilnehmer setzten sich als Ziel, nachdem sie die Strukturen der parlamentarischen Arbeit kennengelernt haben, auch einmal an einer Plenarsitzung teilzunehmen.<\/p>\n","protected":false},"excerpt":{"rendered":"<p>ein Beitrag von Ingrid Schmidt 35 Mitglieder des Kneippvereins Garbsen besuchten am 5. M\u00e4rz 2018 den nieders\u00e4chsischen Landtag, um nach dem Umbau einen Blick \u201ehinter die Kulissen\u201c zu werfen. Die Landtagsabgeordnete Editha Westmann (ehemals Lorberg) f\u00fchrte unsere Kneipp-gruppe durch R\u00e4umlichkeiten, die sonst dem Publikum verschlossen bleiben. So durchschritten wir einen Tunnel, der den eigentlichen Trakt mit dem Nebengeb\u00e4ude auf der<span class=\"excerpt-hellip\"> [\u2026]<\/span><\/p>\n","protected":false},"author":2,"featured_media":882,"comment_status":"open","ping_status":"open","sticky":false,"template":"","format":"standard","meta":{"jetpack_post_was_ever_published":false,"_jetpack_newsletter_access":"","_jetpack_dont_email_post_to_subs":false,"_jetpack_newsletter_tier_id":0,"_jetpack_memberships_contains_paywalled_content":false,"_jetpack_memberships_contains_paid_content":false,"footnotes":"","jetpack_publicize_message":"","jetpack_publicize_feature_enabled":true,"jetpack_social_post_already_shared":false,"jetpack_social_options":{"image_generator_settings":{"template":"highway","default_image_id":0,"font":"","enabled":false},"version":2}},"categories":[1],"tags":[],"class_list":["post-881","post","type-post","status-publish","format-standard","has-post-thumbnail","hentry","category-allgemein"],"jetpack_publicize_connections":[],"jetpack_featured_media_url":"https:\/\/i0.wp.com\/www.kneipp-garbsen.de\/wp-content\/uploads\/2018\/03\/Landtag-5.3.18.jpg?fit=2221%2C1249&ssl=1","jetpack_sharing_enabled":true,"_links":{"self":[{"href":"https:\/\/www.kneipp-garbsen.de\/index.php?rest_route=\/wp\/v2\/posts\/881","targetHints":{"allow":["GET"]}}],"collection":[{"href":"https:\/\/www.kneipp-garbsen.de\/index.php?rest_route=\/wp\/v2\/posts"}],"about":[{"href":"https:\/\/www.kneipp-garbsen.de\/index.php?rest_route=\/wp\/v2\/types\/post"}],"author":[{"embeddable":true,"href":"https:\/\/www.kneipp-garbsen.de\/index.php?rest_route=\/wp\/v2\/users\/2"}],"replies":[{"embeddable":true,"href":"https:\/\/www.kneipp-garbsen.de\/index.php?rest_route=%2Fwp%2Fv2%2Fcomments&post=881"}],"version-history":[{"count":1,"href":"https:\/\/www.kneipp-garbsen.de\/index.php?rest_route=\/wp\/v2\/posts\/881\/revisions"}],"predecessor-version":[{"id":883,"href":"https:\/\/www.kneipp-garbsen.de\/index.php?rest_route=\/wp\/v2\/posts\/881\/revisions\/883"}],"wp:featuredmedia":[{"embeddable":true,"href":"https:\/\/www.kneipp-garbsen.de\/index.php?rest_route=\/wp\/v2\/media\/882"}],"wp:attachment":[{"href":"https:\/\/www.kneipp-garbsen.de\/index.php?rest_route=%2Fwp%2Fv2%2Fmedia&parent=881"}],"wp:term":[{"taxonomy":"category","embeddable":true,"href":"https:\/\/www.kneipp-garbsen.de\/index.php?rest_route=%2Fwp%2Fv2%2Fcategories&post=881"},{"taxonomy":"post_tag","embeddable":true,"href":"https:\/\/www.kneipp-garbsen.de\/index.php?rest_route=%2Fwp%2Fv2%2Ftags&post=881"}],"curies":[{"name":"wp","href":"https:\/\/api.w.org\/{rel}","templated":true}]}}