{"id":844,"date":"2018-02-25T19:29:44","date_gmt":"2018-02-25T18:29:44","guid":{"rendered":"http:\/\/www.kneipp-garbsen.de\/?p=844"},"modified":"2018-02-25T20:01:11","modified_gmt":"2018-02-25T19:01:11","slug":"jahreshauptversammlung-am-08-02-2018","status":"publish","type":"post","link":"https:\/\/www.kneipp-garbsen.de\/?p=844","title":{"rendered":"Jahreshauptversammlung am 08.02.2018"},"content":{"rendered":"<p>P\u00fcnktlich um 19:00 Uhr begann unsere Jahreshauptversammlung mit \u00fcber 50 Mitgliedern. Dieter Roggenkamp begr\u00fc\u00dfte als erster Vorsitzender alle Anwesende und die Tagesordnung wurde einstimmig best\u00e4tigt. Dieter stellte fest, dass die Regularien formal eingehalten wurden, sodass alle Beschl\u00fcsse und Abstimmungen der JHV g\u00fcltig sein werden.<br \/>\nZu Beginn wurde unserer verstorbenen Mitglieder mit einer Schweigeminute gedacht und im Anschluss verdiente und langj\u00e4hrige Mitglieder geehrt.<br \/>\nDanach berichtete der Vorsitzende. Dabei sprach er die Wahl neuer Beisitzer an, den Stadtradel-Erfolg, dass die Bouleanlage schwach genutzt wurde, auch den Ausfall des Matjesessens mangels Interesse. Er sprach \u00fcber weitere Ereignisse des vergangenen Jahres und dankte zum Schluss allen Mitgliedern f\u00fcr ihre tatkr\u00e4ftige Unterst\u00fctzung und Mitarbeit.<br \/>\nWeil Franz Genegel zur Zeit der JHV im Krankenhaus lag, berichtete Peggy Ahlborn \u00fcber die Kneipp-Kurse. Es wurden im Vorjahr 16 Kurse durchgef\u00fchrt. Das ist einer mehr als im Vorjahr. Au\u00dferdem teilte sie mit, dass leider alle Kurse von Frau R\u00f6semann wegen Krankheit vollst\u00e4ndig ausfallen m\u00fcssen. Das Ged\u00e4chtnistraining mit neuem Leiter verl\u00e4uft so erfolgreich, dass ein weiterer Kurs zweckm\u00e4\u00dfig ist. Mit einem Teilnehmerdurchschnitt von 9,2 sind die Kurse besser als im Vorjahr besucht.<br \/>\nWeiterhin berichtet sie, dass das Marktumfeld durch die Vielzahl weiterer Kursanbieter schwieriger geworden ist und wir uns diesen Bedingungen stellen m\u00fcssen und werden.<br \/>\nMit aktiver Pressearbeit und umfangreiche Mundpropaganda tragen wir diesem Umfeld Rechnung.<br \/>\nAnschlie\u00dfend h\u00e4lt Peggy ihren eigenen Vortrag. Darin berichtet sie \u00fcber die Ferienaktion aus dem Vorjahr, in dem wir von er Stadt vergessen wurden und ihrer aktiven Vorbereitung f\u00fcr dieses Jahr.<br \/>\nManfred Windt berichtet von einer der Haupts\u00e4ulen der Kneippaktivit\u00e4ten, den vielen Wanderungen. Insgesamt wurden 7818 km gewandert und von der Wanderwoche in Tschechien mit Heidi B\u00fcttner.<br \/>\nDie Radfahrer erradelten rund 1635 km gesamt und Manfred Bojahr berichtete vom gro\u00dfen Erfolg im Stadtradeln, der gut organisiert war. Wir konnten zwei erste Pl\u00e4tze erringen. Silvia M\u00fcnkels Vortrag war mit einer Bildershow ein emotionaler Aufruf zum Mitwandern, neue Teilnehmer gesucht. J\u00fcrgen Wasmuth, Gert Kalt, Helga Ebner und Lutz Lange berichteten ebenfalls \u00fcber ihre Themen und Aufgaben. Manfred Bojahr rief zur regen Teilnahme am diesj\u00e4hrigen Stadtradeln auf.<br \/>\nIm Bericht von Astrid Gehrke Schatzmeisterin zeigte sie auf, dass der Kneipp-Verein Garbsen auf einer soliden finanziellen Basis steht und auch f\u00fcr die Zukunft den finanziellen Herausforderungen gewachsen ist. Nachdem die Revisoren die Kassenpr\u00fcfung f\u00fcr fehlerfrei <img data-recalc-dims=\"1\" loading=\"lazy\" decoding=\"async\" class=\"wp-image-850 aligncenter\" style=\"margin: 8px 0px 8px 16px; outline: #72777c solid 1px; height: 453px; text-align: left; color: #333333; text-transform: none; text-indent: 0px; letter-spacing: normal; font-size: 16px; font-style: normal; font-variant: normal; font-weight: 400; text-decoration: none; word-spacing: 0px; white-space: normal; max-width: 1136.46px; orphans: 2; float: right; -webkit-text-stroke-width: 0px; background-color: transparent;\" src=\"https:\/\/i0.wp.com\/www.kneipp-garbsen.de\/wp-content\/uploads\/2018\/02\/JHV2018-13-300x169.jpg?resize=740%2C350\" alt=\"\" width=\"740\" height=\"350\" \/>erkl\u00e4rten, wurde der Finanzbericht angenommen und der Vorstand entlastet.<br \/>\nAuch der Haushalt f\u00fcr das kommende Jahr wurde einstimmig angenommen.<br \/>\nDa in diesem Jahr der Kneipp-Verein Garbsen 25 Jahre besteht berichtet Dieter Roggenkamp von den Vorbereitungen der Festlichkeiten. Es ist ein 3 t\u00e4giges Programm geplant, eine Sonderausgabe des Kiebitz wird als Jubil\u00e4umszeitschrift durch J\u00f6rg Obermann erstellt. Peter Traut und Riane Wunder haben einen Entwurf vorbereitet.<br \/>\nEinem Vorschlag von Manfred Bojahr, uns als coolste Seniorensportgruppe beim Bundessportbund zu bewerben wird zugestimmt und Manfred \u00fcbernimmt in Zusammenarbeit mit Lutz Lange die entsprechende Bewerbung.<br \/>\nGegen 21:20 wird die JHV mit der Verabschiedung durch den Vorsitzenden beendet.<\/p>\n","protected":false},"excerpt":{"rendered":"<p>P\u00fcnktlich um 19:00 Uhr begann unsere Jahreshauptversammlung mit \u00fcber 50 Mitgliedern. Dieter Roggenkamp begr\u00fc\u00dfte als erster Vorsitzender alle Anwesende und die Tagesordnung wurde einstimmig best\u00e4tigt. Dieter stellte fest, dass die Regularien formal eingehalten wurden, sodass alle Beschl\u00fcsse und Abstimmungen der JHV g\u00fcltig sein werden. Zu Beginn wurde unserer verstorbenen Mitglieder mit einer Schweigeminute gedacht und im Anschluss verdiente und langj\u00e4hrige<span class=\"excerpt-hellip\"> [\u2026]<\/span><\/p>\n","protected":false},"author":2,"featured_media":842,"comment_status":"open","ping_status":"open","sticky":false,"template":"","format":"standard","meta":{"jetpack_post_was_ever_published":false,"_jetpack_newsletter_access":"","_jetpack_dont_email_post_to_subs":false,"_jetpack_newsletter_tier_id":0,"_jetpack_memberships_contains_paywalled_content":false,"_jetpack_memberships_contains_paid_content":false,"footnotes":"","jetpack_publicize_message":"","jetpack_publicize_feature_enabled":true,"jetpack_social_post_already_shared":false,"jetpack_social_options":{"image_generator_settings":{"template":"highway","default_image_id":0,"font":"","enabled":false},"version":2}},"categories":[1],"tags":[],"class_list":["post-844","post","type-post","status-publish","format-standard","has-post-thumbnail","hentry","category-allgemein"],"jetpack_publicize_connections":[],"jetpack_featured_media_url":"https:\/\/i0.wp.com\/www.kneipp-garbsen.de\/wp-content\/uploads\/2018\/02\/JHV2018-5-e1519583356497.jpg?fit=4408%2C2097&ssl=1","jetpack_sharing_enabled":true,"_links":{"self":[{"href":"https:\/\/www.kneipp-garbsen.de\/index.php?rest_route=\/wp\/v2\/posts\/844","targetHints":{"allow":["GET"]}}],"collection":[{"href":"https:\/\/www.kneipp-garbsen.de\/index.php?rest_route=\/wp\/v2\/posts"}],"about":[{"href":"https:\/\/www.kneipp-garbsen.de\/index.php?rest_route=\/wp\/v2\/types\/post"}],"author":[{"embeddable":true,"href":"https:\/\/www.kneipp-garbsen.de\/index.php?rest_route=\/wp\/v2\/users\/2"}],"replies":[{"embeddable":true,"href":"https:\/\/www.kneipp-garbsen.de\/index.php?rest_route=%2Fwp%2Fv2%2Fcomments&post=844"}],"version-history":[{"count":5,"href":"https:\/\/www.kneipp-garbsen.de\/index.php?rest_route=\/wp\/v2\/posts\/844\/revisions"}],"predecessor-version":[{"id":868,"href":"https:\/\/www.kneipp-garbsen.de\/index.php?rest_route=\/wp\/v2\/posts\/844\/revisions\/868"}],"wp:featuredmedia":[{"embeddable":true,"href":"https:\/\/www.kneipp-garbsen.de\/index.php?rest_route=\/wp\/v2\/media\/842"}],"wp:attachment":[{"href":"https:\/\/www.kneipp-garbsen.de\/index.php?rest_route=%2Fwp%2Fv2%2Fmedia&parent=844"}],"wp:term":[{"taxonomy":"category","embeddable":true,"href":"https:\/\/www.kneipp-garbsen.de\/index.php?rest_route=%2Fwp%2Fv2%2Fcategories&post=844"},{"taxonomy":"post_tag","embeddable":true,"href":"https:\/\/www.kneipp-garbsen.de\/index.php?rest_route=%2Fwp%2Fv2%2Ftags&post=844"}],"curies":[{"name":"wp","href":"https:\/\/api.w.org\/{rel}","templated":true}]}}