{"id":811,"date":"2018-01-14T17:43:38","date_gmt":"2018-01-14T16:43:38","guid":{"rendered":"http:\/\/www.kneipp-garbsen.de\/?p=811"},"modified":"2018-01-14T20:28:15","modified_gmt":"2018-01-14T19:28:15","slug":"neue-wandergruppe-gegruendet","status":"publish","type":"post","link":"https:\/\/www.kneipp-garbsen.de\/?p=811","title":{"rendered":"Neue Wandergruppe gegr\u00fcndet"},"content":{"rendered":"<p><span style=\"color: #000000; font-family: Calibri;\">Helga Ebner hat eine neue Wandergruppe gegr\u00fcndet. Die Angebote dieser Gruppe richtet sich an Teilnehmer, denen Bewegung an frischer Luft wichtig ist, die aber nicht mehr so weit laufen wollen oder k\u00f6nnen.<br \/>\nDie Strecken sind ca. 3 km lang und im Anschluss an die Wanderung, die eher ein gem\u00fctlicher Spaziergang ist, findet ein gemeinsames Kaffeetrinken statt.<\/span><\/p>\n<p><span style=\"color: #000000; font-family: Calibri;\">Die neue Wandergruppe trifft sich in geraden Wochen montags um 14:00 Uhr auf dem Parkplatz Rathausplatz S\u00fcd. Die n\u00e4chste Wanderung findet am 22. Januar statt.<\/span><\/p>\n<p><span style=\"color: #000000; font-family: Calibri;\">Helga hat die Spazierg\u00e4nge initiiert, sucht aber weitere Mitglieder, die diese Wanderung in Zukunft \u00fcbernehmen m\u00f6chten.<\/span><\/p>\n","protected":false},"excerpt":{"rendered":"<p>Helga Ebner hat eine neue Wandergruppe gegr\u00fcndet. Die Angebote dieser Gruppe richtet sich an Teilnehmer, denen Bewegung an frischer Luft wichtig ist, die aber nicht mehr so weit laufen wollen oder k\u00f6nnen. Die Strecken sind ca. 3 km lang und im Anschluss an die Wanderung, die eher ein gem\u00fctlicher Spaziergang ist, findet ein gemeinsames Kaffeetrinken statt. Die neue Wandergruppe trifft<span class=\"excerpt-hellip\"> [\u2026]<\/span><\/p>\n","protected":false},"author":2,"featured_media":812,"comment_status":"open","ping_status":"open","sticky":false,"template":"","format":"standard","meta":{"jetpack_post_was_ever_published":false,"_jetpack_newsletter_access":"","_jetpack_dont_email_post_to_subs":false,"_jetpack_newsletter_tier_id":0,"_jetpack_memberships_contains_paywalled_content":false,"_jetpack_memberships_contains_paid_content":false,"footnotes":"","jetpack_publicize_message":"","jetpack_publicize_feature_enabled":true,"jetpack_social_post_already_shared":false,"jetpack_social_options":{"image_generator_settings":{"template":"highway","default_image_id":0,"font":"","enabled":false},"version":2}},"categories":[1],"tags":[],"class_list":["post-811","post","type-post","status-publish","format-standard","has-post-thumbnail","hentry","category-allgemein"],"jetpack_publicize_connections":[],"jetpack_featured_media_url":"https:\/\/i0.wp.com\/www.kneipp-garbsen.de\/wp-content\/uploads\/2018\/01\/Neue-Wandergruppe-von-Helga-e1515958076284.jpg?fit=2894%2C1458&ssl=1","jetpack_sharing_enabled":true,"_links":{"self":[{"href":"https:\/\/www.kneipp-garbsen.de\/index.php?rest_route=\/wp\/v2\/posts\/811","targetHints":{"allow":["GET"]}}],"collection":[{"href":"https:\/\/www.kneipp-garbsen.de\/index.php?rest_route=\/wp\/v2\/posts"}],"about":[{"href":"https:\/\/www.kneipp-garbsen.de\/index.php?rest_route=\/wp\/v2\/types\/post"}],"author":[{"embeddable":true,"href":"https:\/\/www.kneipp-garbsen.de\/index.php?rest_route=\/wp\/v2\/users\/2"}],"replies":[{"embeddable":true,"href":"https:\/\/www.kneipp-garbsen.de\/index.php?rest_route=%2Fwp%2Fv2%2Fcomments&post=811"}],"version-history":[{"count":1,"href":"https:\/\/www.kneipp-garbsen.de\/index.php?rest_route=\/wp\/v2\/posts\/811\/revisions"}],"predecessor-version":[{"id":813,"href":"https:\/\/www.kneipp-garbsen.de\/index.php?rest_route=\/wp\/v2\/posts\/811\/revisions\/813"}],"wp:featuredmedia":[{"embeddable":true,"href":"https:\/\/www.kneipp-garbsen.de\/index.php?rest_route=\/wp\/v2\/media\/812"}],"wp:attachment":[{"href":"https:\/\/www.kneipp-garbsen.de\/index.php?rest_route=%2Fwp%2Fv2%2Fmedia&parent=811"}],"wp:term":[{"taxonomy":"category","embeddable":true,"href":"https:\/\/www.kneipp-garbsen.de\/index.php?rest_route=%2Fwp%2Fv2%2Fcategories&post=811"},{"taxonomy":"post_tag","embeddable":true,"href":"https:\/\/www.kneipp-garbsen.de\/index.php?rest_route=%2Fwp%2Fv2%2Ftags&post=811"}],"curies":[{"name":"wp","href":"https:\/\/api.w.org\/{rel}","templated":true}]}}