{"id":765,"date":"2017-12-02T17:06:30","date_gmt":"2017-12-02T16:06:30","guid":{"rendered":"http:\/\/www.kneipp-garbsen.de\/?p=765"},"modified":"2017-12-02T17:08:00","modified_gmt":"2017-12-02T16:08:00","slug":"weihnachten-2017-im-kneipp-treff","status":"publish","type":"post","link":"https:\/\/www.kneipp-garbsen.de\/?p=765","title":{"rendered":"Weihnachten 2017 im Kneipp-Treff"},"content":{"rendered":"<p>Alle Jahre wieder \u2013 pl\u00f6tzlich und unerwartet \ud83d\ude09 \u2013 kommt die Adventszeit. Nat\u00fcrlich auch ein Grund f\u00fcr uns Kneippianer fr\u00f6hlich zusammenzusitzen, wunderbaren Kuchen, Torten, Pl\u00e4tzchen mit Kaffee zu genie\u00dfen, zu kl\u00f6nen und die Erfolge des Jahres zu resumieren.<img data-recalc-dims=\"1\" loading=\"lazy\" decoding=\"async\" class=\" wp-image-753 alignright\" style=\"outline: #72777c solid 1px; height: 220px; text-align: left; color: #333333; text-transform: none; text-indent: 0px; letter-spacing: normal; font-size: 16px; font-style: normal; font-variant: normal; font-weight: 400; text-decoration: none; word-spacing: 0px; white-space: normal; max-width: 1187.67px; orphans: 2; -webkit-text-stroke-width: 0px; background-color: transparent;\" src=\"https:\/\/i0.wp.com\/www.kneipp-garbsen.de\/wp-content\/uploads\/2017\/12\/WP_20171201_16_58_44_Pro-300x169.jpg?resize=391%2C169\" alt=\"\" width=\"391\" height=\"169\" \/><\/p>\n<p>Nachdem unser Vorsitzende, Dieter Roggenkamp, alle Kneipp-Mitglieder begr\u00fc\u00dft hat und die Ehrenmitglieder gew\u00fcrdigt hat, kamen Kinder des Kinderchores der Kita Garbsen-Mitte und sangen zu aller Freude einige Weihnachtslieder.<\/p>\n<p>Nat\u00fcrlich wurde dann das Kuchen- und Tortenbuffett durch Helga er\u00f6ffnet. Helga, die mit Helfern die Weichnachtsfeier so gro\u00dfartig vorbereitet hat und dabei auch die wundervolle Dekoration, die selbstgefalteten Weihnachtsb\u00e4ume von Rainer Gerberding, aufgebaut hat, k\u00fcmmerte sich liebevoll um alle 42 G\u00e4ste, die an dieser Weihnachtsfeier teilnahmen.<\/p>\n<p><img data-recalc-dims=\"1\" loading=\"lazy\" decoding=\"async\" class=\" wp-image-726 alignleft\" src=\"https:\/\/i0.wp.com\/www.kneipp-garbsen.de\/wp-content\/uploads\/2017\/12\/WP_20171201_16_39_51_Pro-300x169.jpg?resize=513%2C289\" alt=\"\" width=\"513\" height=\"289\" srcset=\"https:\/\/i0.wp.com\/www.kneipp-garbsen.de\/wp-content\/uploads\/2017\/12\/WP_20171201_16_39_51_Pro.jpg?resize=300%2C169&amp;ssl=1 300w, https:\/\/i0.wp.com\/www.kneipp-garbsen.de\/wp-content\/uploads\/2017\/12\/WP_20171201_16_39_51_Pro.jpg?resize=768%2C432&amp;ssl=1 768w, https:\/\/i0.wp.com\/www.kneipp-garbsen.de\/wp-content\/uploads\/2017\/12\/WP_20171201_16_39_51_Pro.jpg?resize=1024%2C576&amp;ssl=1 1024w, https:\/\/i0.wp.com\/www.kneipp-garbsen.de\/wp-content\/uploads\/2017\/12\/WP_20171201_16_39_51_Pro.jpg?resize=260%2C146&amp;ssl=1 260w, https:\/\/i0.wp.com\/www.kneipp-garbsen.de\/wp-content\/uploads\/2017\/12\/WP_20171201_16_39_51_Pro.jpg?resize=50%2C28&amp;ssl=1 50w, https:\/\/i0.wp.com\/www.kneipp-garbsen.de\/wp-content\/uploads\/2017\/12\/WP_20171201_16_39_51_Pro.jpg?resize=133%2C75&amp;ssl=1 133w, https:\/\/i0.wp.com\/www.kneipp-garbsen.de\/wp-content\/uploads\/2017\/12\/WP_20171201_16_39_51_Pro.jpg?w=2440&amp;ssl=1 2440w, https:\/\/i0.wp.com\/www.kneipp-garbsen.de\/wp-content\/uploads\/2017\/12\/WP_20171201_16_39_51_Pro.jpg?w=3660&amp;ssl=1 3660w\" sizes=\"auto, (max-width:767px) 480px, 513px\" \/>P\u00fcnktlich zur vereinbarten Zeit, gegen 16:30 Uhr, kamen die Sportlerinnen der Gruppe \u201eLipsticks\u201c der Tanzfamilie \u201eBeYOUtiful\u201c des F\u00f6rdervereins Frielingen und f\u00fchrten Zumba zu Pop- und Weihnachtsmusik vor. Dabei verspr\u00fchten sie ein Feuer, dass einem schon vom Zusehen warm wurde. Zuguterletzt animierten sie uns mitzumachen und viele Mitglieder nahmen begeistert teil.<\/p>\n<p>Ausruhen konnten die Kneippianer dann bei den Kl\u00e4ngen der \u201eSaxophoNixen\u201c, vier junge Damen, die ihre Saxophone virtuos beherrschen. \u00a0Sie spielten bekannte Melodien und wurden ebenfalls begeistert gefeiert.<\/p>\n<p>Dann war es Zeit zum Abendessen. Gereicht wurden Wurst- und K\u00e4seplatten und ein sch\u00f6ner Abend klang mit Wein, Bier und sch\u00f6nen Gespr\u00e4chen gegen 21:00 Uhr aus.<\/p>\n<p>Lassen wir uns \u00fcberraschen, was es n\u00e4chstes Jahr f\u00fcr Untehaltung gibt.<\/p>\n","protected":false},"excerpt":{"rendered":"<p>Alle Jahre wieder \u2013 pl\u00f6tzlich und unerwartet \ud83d\ude09 \u2013 kommt die Adventszeit. Nat\u00fcrlich auch ein Grund f\u00fcr uns Kneippianer fr\u00f6hlich zusammenzusitzen, wunderbaren Kuchen, Torten, Pl\u00e4tzchen mit Kaffee zu genie\u00dfen, zu kl\u00f6nen und die Erfolge des Jahres zu resumieren. Nachdem unser Vorsitzende, Dieter Roggenkamp, alle Kneipp-Mitglieder begr\u00fc\u00dft hat und die Ehrenmitglieder gew\u00fcrdigt hat, kamen Kinder des Kinderchores der Kita Garbsen-Mitte und<span class=\"excerpt-hellip\"> [\u2026]<\/span><\/p>\n","protected":false},"author":2,"featured_media":711,"comment_status":"open","ping_status":"open","sticky":false,"template":"","format":"standard","meta":{"jetpack_post_was_ever_published":false,"_jetpack_newsletter_access":"","_jetpack_dont_email_post_to_subs":false,"_jetpack_newsletter_tier_id":0,"_jetpack_memberships_contains_paywalled_content":false,"_jetpack_memberships_contains_paid_content":false,"footnotes":"","jetpack_publicize_message":"","jetpack_publicize_feature_enabled":true,"jetpack_social_post_already_shared":false,"jetpack_social_options":{"image_generator_settings":{"template":"highway","default_image_id":0,"font":"","enabled":false},"version":2}},"categories":[1],"tags":[],"class_list":["post-765","post","type-post","status-publish","format-standard","has-post-thumbnail","hentry","category-allgemein"],"jetpack_publicize_connections":[],"jetpack_featured_media_url":"https:\/\/i0.wp.com\/www.kneipp-garbsen.de\/wp-content\/uploads\/2017\/12\/WP_20171201_16_14_26_Pro.jpg?fit=5344%2C3008&ssl=1","jetpack_sharing_enabled":true,"_links":{"self":[{"href":"https:\/\/www.kneipp-garbsen.de\/index.php?rest_route=\/wp\/v2\/posts\/765","targetHints":{"allow":["GET"]}}],"collection":[{"href":"https:\/\/www.kneipp-garbsen.de\/index.php?rest_route=\/wp\/v2\/posts"}],"about":[{"href":"https:\/\/www.kneipp-garbsen.de\/index.php?rest_route=\/wp\/v2\/types\/post"}],"author":[{"embeddable":true,"href":"https:\/\/www.kneipp-garbsen.de\/index.php?rest_route=\/wp\/v2\/users\/2"}],"replies":[{"embeddable":true,"href":"https:\/\/www.kneipp-garbsen.de\/index.php?rest_route=%2Fwp%2Fv2%2Fcomments&post=765"}],"version-history":[{"count":3,"href":"https:\/\/www.kneipp-garbsen.de\/index.php?rest_route=\/wp\/v2\/posts\/765\/revisions"}],"predecessor-version":[{"id":768,"href":"https:\/\/www.kneipp-garbsen.de\/index.php?rest_route=\/wp\/v2\/posts\/765\/revisions\/768"}],"wp:featuredmedia":[{"embeddable":true,"href":"https:\/\/www.kneipp-garbsen.de\/index.php?rest_route=\/wp\/v2\/media\/711"}],"wp:attachment":[{"href":"https:\/\/www.kneipp-garbsen.de\/index.php?rest_route=%2Fwp%2Fv2%2Fmedia&parent=765"}],"wp:term":[{"taxonomy":"category","embeddable":true,"href":"https:\/\/www.kneipp-garbsen.de\/index.php?rest_route=%2Fwp%2Fv2%2Fcategories&post=765"},{"taxonomy":"post_tag","embeddable":true,"href":"https:\/\/www.kneipp-garbsen.de\/index.php?rest_route=%2Fwp%2Fv2%2Ftags&post=765"}],"curies":[{"name":"wp","href":"https:\/\/api.w.org\/{rel}","templated":true}]}}