{"id":706,"date":"2017-11-24T19:36:53","date_gmt":"2017-11-24T18:36:53","guid":{"rendered":"http:\/\/www.kneipp-garbsen.de\/?p=706"},"modified":"2017-11-24T19:36:53","modified_gmt":"2017-11-24T18:36:53","slug":"einladung-zur-jahreshauptversammlung-2","status":"publish","type":"post","link":"https:\/\/www.kneipp-garbsen.de\/?p=706","title":{"rendered":"Einladung zur Jahreshauptversammlung"},"content":{"rendered":"<h2><strong><span style=\"color: #000000; font-family: Calibri; font-size: small;\">Tagesordnungsvorschlag <\/span><span style=\"color: #000000; font-family: Calibri; font-size: small;\">f\u00fcr die Jahreshauptversammlung des Kneipp-Verein Garbsen<\/span><\/strong><\/h2>\n<p><span style=\"color: #000000; font-family: Calibri; font-size: small;\">\u00a0<\/span><span style=\"color: #000000; font-family: Calibri; font-size: small;\">am Donnerstag, 08.02.2018 um 19:00 Uhr im Kneipp Treff\/Centrum Kohake<\/span><\/p>\n<p><span style=\"color: #000000;\"><span style=\"font-family: Calibri; font-size: small;\">1.<\/span><span style=\"font: 7pt 'Times New Roman'; margin: 0px; font-size-adjust: none; font-stretch: normal;\">\u00a0\u00a0\u00a0\u00a0\u00a0\u00a0 <\/span><span style=\"font-family: Calibri; font-size: small;\">Begr\u00fc\u00dfung und Feststellung der fristgerechten Einladung<br \/>\n<\/span><\/span><span style=\"color: #000000;\"><span style=\"font-family: Calibri; font-size: small;\">2.<\/span><span style=\"font: 7pt 'Times New Roman'; margin: 0px; font-size-adjust: none; font-stretch: normal;\">\u00a0\u00a0\u00a0\u00a0\u00a0\u00a0 <\/span><span style=\"font-family: Calibri; font-size: small;\">Pr\u00fcfung der Stimmberechtigung<br \/>\n<\/span><\/span><span style=\"color: #000000;\"><span style=\"font-family: Calibri; font-size: small;\">3.<\/span><span style=\"font: 7pt 'Times New Roman'; margin: 0px; font-size-adjust: none; font-stretch: normal;\">\u00a0\u00a0\u00a0\u00a0\u00a0\u00a0 <\/span><span style=\"font-family: Calibri; font-size: small;\">Genehmigung der Tagesordnung und des Protokolls<br \/>\n<\/span><\/span><span style=\"color: #000000;\"><span style=\"font-family: Calibri; font-size: small;\">4.<\/span><span style=\"font: 7pt 'Times New Roman'; margin: 0px; font-size-adjust: none; font-stretch: normal;\">\u00a0\u00a0\u00a0\u00a0\u00a0\u00a0 <\/span><span style=\"font-family: Calibri; font-size: small;\">Gedenken und Ehrungen<br \/>\n<\/span><\/span><span style=\"color: #000000;\"><span style=\"font-family: Calibri; font-size: small;\">5.<\/span><span style=\"font: 7pt 'Times New Roman'; margin: 0px; font-size-adjust: none; font-stretch: normal;\">\u00a0\u00a0\u00a0\u00a0\u00a0\u00a0 <\/span><span style=\"font-family: Calibri; font-size: small;\">Berichte zum Gesch\u00e4ftsjahr 2017 und Aussprache<br \/>\n<\/span><\/span><span style=\"color: #000000;\"><span style=\"font-family: Calibri; font-size: small;\">6.<\/span><span style=\"font: 7pt 'Times New Roman'; margin: 0px; font-size-adjust: none; font-stretch: normal;\">\u00a0\u00a0\u00a0\u00a0\u00a0\u00a0 <\/span><span style=\"font-family: Calibri; font-size: small;\">Bericht der Schatzmeisterin und Aussprache<br \/>\n<\/span><\/span><span style=\"color: #000000;\"><span style=\"font-family: Calibri; font-size: small;\">7.<\/span><span style=\"font: 7pt 'Times New Roman'; margin: 0px; font-size-adjust: none; font-stretch: normal;\">\u00a0\u00a0\u00a0\u00a0\u00a0\u00a0 <\/span><span style=\"font-family: Calibri; font-size: small;\">Bericht der Kassenrevisoren und Entlastung des Vorstandes<br \/>\n<\/span><\/span><span style=\"color: #000000;\"><span style=\"font-family: Calibri; font-size: small;\">8.<\/span><span style=\"font: 7pt 'Times New Roman'; margin: 0px; font-size-adjust: none; font-stretch: normal;\">\u00a0\u00a0\u00a0\u00a0\u00a0\u00a0 <\/span><span style=\"font-family: Calibri; font-size: small;\">Genehmigung des Haushaltes 2018<br \/>\n<\/span><\/span><span style=\"color: #000000;\"><span style=\"font-family: Calibri; font-size: small;\">9.<\/span><span style=\"font: 7pt 'Times New Roman'; margin: 0px; font-size-adjust: none; font-stretch: normal;\">\u00a0\u00a0\u00a0\u00a0\u00a0\u00a0 <\/span><span style=\"font-family: Calibri; font-size: small;\">Behandlung von Antr\u00e4gen und Vorschl\u00e4ge zum Jubil\u00e4um<br \/>\n<\/span><\/span><span style=\"color: #000000;\"><span style=\"font-family: Calibri; font-size: small;\">10.<\/span><span style=\"font: 7pt 'Times New Roman'; margin: 0px; font-size-adjust: none; font-stretch: normal;\">\u00a0\u00a0\u00a0 <\/span><span style=\"font-family: Calibri; font-size: small;\">Verschiedenes<\/span><\/span><span style=\"color: #000000; font-family: Calibri; font-size: small;\">\u00a0\u00a0\u00a0\u00a0 <\/span><\/p>\n<p><span style=\"color: #000000; font-family: Calibri; font-size: small;\">Liebe Kneippianerin, lieber Kneippianer,<\/span><\/p>\n<p><span style=\"color: #000000; font-family: Calibri; font-size: small;\">Du bist herzlich zur Teilnahme eingeladen und kannst gerne Vorschl\u00e4ge\/Antr\u00e4ge zum Punkt 9 vorher schriftlich einreichen und nat\u00fcrlich auch m\u00fcndlich in der Versammlung einbringen.<br \/>\n<\/span><span style=\"color: #000000; font-family: Calibri; font-size: small;\">Auf Deine Teilnahme freue ich mich und gr\u00fc\u00dfe bis dahin herzlich<\/span><\/p>\n<p style=\"text-align: left;\" align=\"right\"><strong><span style=\"color: #000000; font-family: Calibri; font-size: small;\">Dieter Roggenkamp<br \/>\n<\/span><span style=\"color: #000000; font-family: Calibri; font-size: small;\">1. Vorsitzender<\/span><\/strong><\/p>\n<p><span style=\"color: #000000; font-family: Calibri; font-size: small;\">Garbsen, 16.11.2017<\/span><\/p>\n","protected":false},"excerpt":{"rendered":"<p>Tagesordnungsvorschlag f\u00fcr die Jahreshauptversammlung des Kneipp-Verein Garbsen \u00a0am Donnerstag, 08.02.2018 um 19:00 Uhr im Kneipp Treff\/Centrum Kohake 1.\u00a0\u00a0\u00a0\u00a0\u00a0\u00a0 Begr\u00fc\u00dfung und Feststellung der fristgerechten Einladung 2.\u00a0\u00a0\u00a0\u00a0\u00a0\u00a0 Pr\u00fcfung der Stimmberechtigung 3.\u00a0\u00a0\u00a0\u00a0\u00a0\u00a0 Genehmigung der Tagesordnung und des Protokolls 4.\u00a0\u00a0\u00a0\u00a0\u00a0\u00a0 Gedenken und Ehrungen 5.\u00a0\u00a0\u00a0\u00a0\u00a0\u00a0 Berichte zum Gesch\u00e4ftsjahr 2017 und Aussprache 6.\u00a0\u00a0\u00a0\u00a0\u00a0\u00a0 Bericht der Schatzmeisterin und Aussprache 7.\u00a0\u00a0\u00a0\u00a0\u00a0\u00a0 Bericht der Kassenrevisoren und Entlastung des Vorstandes<span class=\"excerpt-hellip\"> [\u2026]<\/span><\/p>\n","protected":false},"author":2,"featured_media":226,"comment_status":"open","ping_status":"open","sticky":false,"template":"","format":"standard","meta":{"jetpack_post_was_ever_published":false,"_jetpack_newsletter_access":"","_jetpack_dont_email_post_to_subs":false,"_jetpack_newsletter_tier_id":0,"_jetpack_memberships_contains_paywalled_content":false,"_jetpack_memberships_contains_paid_content":false,"footnotes":"","jetpack_publicize_message":"","jetpack_publicize_feature_enabled":true,"jetpack_social_post_already_shared":false,"jetpack_social_options":{"image_generator_settings":{"template":"highway","default_image_id":0,"font":"","enabled":false},"version":2}},"categories":[1],"tags":[],"class_list":["post-706","post","type-post","status-publish","format-standard","has-post-thumbnail","hentry","category-allgemein"],"jetpack_publicize_connections":[],"jetpack_featured_media_url":"https:\/\/i0.wp.com\/www.kneipp-garbsen.de\/wp-content\/uploads\/2017\/01\/LogoSaeulen.jpg?fit=307%2C180&ssl=1","jetpack_sharing_enabled":true,"_links":{"self":[{"href":"https:\/\/www.kneipp-garbsen.de\/index.php?rest_route=\/wp\/v2\/posts\/706","targetHints":{"allow":["GET"]}}],"collection":[{"href":"https:\/\/www.kneipp-garbsen.de\/index.php?rest_route=\/wp\/v2\/posts"}],"about":[{"href":"https:\/\/www.kneipp-garbsen.de\/index.php?rest_route=\/wp\/v2\/types\/post"}],"author":[{"embeddable":true,"href":"https:\/\/www.kneipp-garbsen.de\/index.php?rest_route=\/wp\/v2\/users\/2"}],"replies":[{"embeddable":true,"href":"https:\/\/www.kneipp-garbsen.de\/index.php?rest_route=%2Fwp%2Fv2%2Fcomments&post=706"}],"version-history":[{"count":1,"href":"https:\/\/www.kneipp-garbsen.de\/index.php?rest_route=\/wp\/v2\/posts\/706\/revisions"}],"predecessor-version":[{"id":707,"href":"https:\/\/www.kneipp-garbsen.de\/index.php?rest_route=\/wp\/v2\/posts\/706\/revisions\/707"}],"wp:featuredmedia":[{"embeddable":true,"href":"https:\/\/www.kneipp-garbsen.de\/index.php?rest_route=\/wp\/v2\/media\/226"}],"wp:attachment":[{"href":"https:\/\/www.kneipp-garbsen.de\/index.php?rest_route=%2Fwp%2Fv2%2Fmedia&parent=706"}],"wp:term":[{"taxonomy":"category","embeddable":true,"href":"https:\/\/www.kneipp-garbsen.de\/index.php?rest_route=%2Fwp%2Fv2%2Fcategories&post=706"},{"taxonomy":"post_tag","embeddable":true,"href":"https:\/\/www.kneipp-garbsen.de\/index.php?rest_route=%2Fwp%2Fv2%2Ftags&post=706"}],"curies":[{"name":"wp","href":"https:\/\/api.w.org\/{rel}","templated":true}]}}