{"id":668,"date":"2017-09-24T16:35:00","date_gmt":"2017-09-24T14:35:00","guid":{"rendered":"http:\/\/www.kneipp-garbsen.de\/?p=668"},"modified":"2017-09-24T16:35:00","modified_gmt":"2017-09-24T14:35:00","slug":"%c2%a7-27-stvo-ein-erfahrungsbericht","status":"publish","type":"post","link":"https:\/\/www.kneipp-garbsen.de\/?p=668","title":{"rendered":"\u00a7 27 StVO \u2013 Ein Erfahrungsbericht"},"content":{"rendered":"<p>Am 09.07. fuhr unsere Radfahrergruppe mit 19 Teilnehmern zum Forellenst\u00fcbchen nach Hellendorf. Manuela f\u00fchrte die Tour, Joachim war als Schlussfahrer verantwortlich und Lutz fuhr zur Sicherung der Gruppe mittendrin.<\/p>\n<p>Der Beitrag beginnt mit der Nennung eines Paragraphen. An diesem Tag wurden die Regeln des \u00a7 27 der StVO konsequent und erfolgreich durchgesetzt.<\/p>\n<p>Ab 15 Personen d\u00fcrfen Radfahrer als geschlossener Verband fahren, was bedeutet, dass insbesondere bei der \u00dcberquerung von Ampeln und Kreuzungen alle gemeinsam fahren m\u00fcssen. Dazu ist aber laut \u201eVerwaltungsvorschrift zur StVO\u201c gefordert, dass der Verband als solcher erkennbar ist. Das ist durch die Verwendung unserer gelben Warnwesten gew\u00e4hrleistet. Weiterhin muss ein Verantwortlicher benannt sein und alle Teilnehmer m\u00fcssen entsprechend informiert und eingewiesen sein. Lutz hatte das zun\u00e4chst vers\u00e4umt, sodass der Verband drohte, an der ersten Ampel auseinanderzurei\u00dfen. Nachdem diese Irritation behoben wurde, verlief die Tour insgesamt verkehrstechnisch tadellos.<\/p>\n<p>Wichtig ist allerdings, dass nicht alle Autofahrer diesen Paragraphen kennen (obwohl alle die Fahrschule besucht haben sollten), so dass es hilfreich war, dass Lutz als Sicherung mit gelber Weste die \u00dcberquerungen sch\u00fctzte, in dem er mit gelber Weste gut sichtbar andere Verkehrsteilnehmer warnte und in auftretenden Gefahrensituationen warnen konnte. So war es beispielsweise in Mellendorf, wo eine Autofahrerin ihre vermeintliche Vorfahrt erzwang, indem sie einfach weitergefahren ist. Eine Gefahr ist dadurch nicht entstanden, da alle Teilnehmer klug genug waren, trotzdem selbst aufzupassen und mal zu bremsen.<\/p>\n<p>Nat\u00fcrlich war die Tour selbst, wie immer, ein voller Erfolg.<\/p>\n","protected":false},"excerpt":{"rendered":"<p>Am 09.07. fuhr unsere Radfahrergruppe mit 19 Teilnehmern zum Forellenst\u00fcbchen nach Hellendorf. Manuela f\u00fchrte die Tour, Joachim war als Schlussfahrer verantwortlich und Lutz fuhr zur Sicherung der Gruppe mittendrin. Der Beitrag beginnt mit der Nennung eines Paragraphen. An diesem Tag wurden die Regeln des \u00a7 27 der StVO konsequent und erfolgreich durchgesetzt. Ab 15 Personen d\u00fcrfen Radfahrer als geschlossener Verband<span class=\"excerpt-hellip\"> [\u2026]<\/span><\/p>\n","protected":false},"author":2,"featured_media":669,"comment_status":"open","ping_status":"open","sticky":false,"template":"","format":"standard","meta":{"jetpack_post_was_ever_published":false,"_jetpack_newsletter_access":"","_jetpack_dont_email_post_to_subs":false,"_jetpack_newsletter_tier_id":0,"_jetpack_memberships_contains_paywalled_content":false,"_jetpack_memberships_contains_paid_content":false,"footnotes":"","jetpack_publicize_message":"","jetpack_publicize_feature_enabled":true,"jetpack_social_post_already_shared":false,"jetpack_social_options":{"image_generator_settings":{"template":"highway","default_image_id":0,"font":"","enabled":false},"version":2}},"categories":[1],"tags":[],"class_list":["post-668","post","type-post","status-publish","format-standard","has-post-thumbnail","hentry","category-allgemein"],"jetpack_publicize_connections":[],"jetpack_featured_media_url":"https:\/\/i0.wp.com\/www.kneipp-garbsen.de\/wp-content\/uploads\/2017\/09\/Zeichen_237_-_Radfahrer_StVO_1970.svg.png?fit=600%2C600&ssl=1","jetpack_sharing_enabled":true,"_links":{"self":[{"href":"https:\/\/www.kneipp-garbsen.de\/index.php?rest_route=\/wp\/v2\/posts\/668","targetHints":{"allow":["GET"]}}],"collection":[{"href":"https:\/\/www.kneipp-garbsen.de\/index.php?rest_route=\/wp\/v2\/posts"}],"about":[{"href":"https:\/\/www.kneipp-garbsen.de\/index.php?rest_route=\/wp\/v2\/types\/post"}],"author":[{"embeddable":true,"href":"https:\/\/www.kneipp-garbsen.de\/index.php?rest_route=\/wp\/v2\/users\/2"}],"replies":[{"embeddable":true,"href":"https:\/\/www.kneipp-garbsen.de\/index.php?rest_route=%2Fwp%2Fv2%2Fcomments&post=668"}],"version-history":[{"count":1,"href":"https:\/\/www.kneipp-garbsen.de\/index.php?rest_route=\/wp\/v2\/posts\/668\/revisions"}],"predecessor-version":[{"id":670,"href":"https:\/\/www.kneipp-garbsen.de\/index.php?rest_route=\/wp\/v2\/posts\/668\/revisions\/670"}],"wp:featuredmedia":[{"embeddable":true,"href":"https:\/\/www.kneipp-garbsen.de\/index.php?rest_route=\/wp\/v2\/media\/669"}],"wp:attachment":[{"href":"https:\/\/www.kneipp-garbsen.de\/index.php?rest_route=%2Fwp%2Fv2%2Fmedia&parent=668"}],"wp:term":[{"taxonomy":"category","embeddable":true,"href":"https:\/\/www.kneipp-garbsen.de\/index.php?rest_route=%2Fwp%2Fv2%2Fcategories&post=668"},{"taxonomy":"post_tag","embeddable":true,"href":"https:\/\/www.kneipp-garbsen.de\/index.php?rest_route=%2Fwp%2Fv2%2Ftags&post=668"}],"curies":[{"name":"wp","href":"https:\/\/api.w.org\/{rel}","templated":true}]}}