{"id":647,"date":"2017-09-15T10:06:46","date_gmt":"2017-09-15T08:06:46","guid":{"rendered":"http:\/\/www.kneipp-garbsen.de\/?p=647"},"modified":"2017-09-15T10:06:46","modified_gmt":"2017-09-15T08:06:46","slug":"stadtradeln-2017","status":"publish","type":"post","link":"https:\/\/www.kneipp-garbsen.de\/?p=647","title":{"rendered":"Stadtradeln 2017"},"content":{"rendered":"<p>Das Team Kneippradeln Garbsen, aus dem Kneippverein Garbsen, hat auch in diesem Jahr am Stadtradeln der Kommune Garbsen erfolgreich teilgenommen. Die Kneippradler waren in diesem Jahr besonders aktiv. Es gab in vielen Disziplinen Leistungssteigerungen. Dank der Erfassung auch der privat gefahrenen Kilometer, konnte das Team stark zulegen.<\/p>\n<p><img data-recalc-dims=\"1\" loading=\"lazy\" decoding=\"async\" class=\"wp-image-645 alignleft\" src=\"https:\/\/i0.wp.com\/www.kneipp-garbsen.de\/wp-content\/uploads\/2017\/09\/siegerehrung-stadtradeln-2017-b-300x169.jpg?resize=382%2C215\" alt=\"\" width=\"382\" height=\"215\" srcset=\"https:\/\/i0.wp.com\/www.kneipp-garbsen.de\/wp-content\/uploads\/2017\/09\/siegerehrung-stadtradeln-2017-b.jpg?resize=300%2C169&amp;ssl=1 300w, https:\/\/i0.wp.com\/www.kneipp-garbsen.de\/wp-content\/uploads\/2017\/09\/siegerehrung-stadtradeln-2017-b.jpg?resize=768%2C432&amp;ssl=1 768w, https:\/\/i0.wp.com\/www.kneipp-garbsen.de\/wp-content\/uploads\/2017\/09\/siegerehrung-stadtradeln-2017-b.jpg?resize=1024%2C576&amp;ssl=1 1024w, https:\/\/i0.wp.com\/www.kneipp-garbsen.de\/wp-content\/uploads\/2017\/09\/siegerehrung-stadtradeln-2017-b.jpg?resize=260%2C146&amp;ssl=1 260w, https:\/\/i0.wp.com\/www.kneipp-garbsen.de\/wp-content\/uploads\/2017\/09\/siegerehrung-stadtradeln-2017-b.jpg?resize=50%2C28&amp;ssl=1 50w, https:\/\/i0.wp.com\/www.kneipp-garbsen.de\/wp-content\/uploads\/2017\/09\/siegerehrung-stadtradeln-2017-b.jpg?resize=133%2C75&amp;ssl=1 133w, https:\/\/i0.wp.com\/www.kneipp-garbsen.de\/wp-content\/uploads\/2017\/09\/siegerehrung-stadtradeln-2017-b.jpg?w=2440&amp;ssl=1 2440w, https:\/\/i0.wp.com\/www.kneipp-garbsen.de\/wp-content\/uploads\/2017\/09\/siegerehrung-stadtradeln-2017-b.jpg?w=3660&amp;ssl=1 3660w\" sizes=\"auto, (max-width:767px) 382px, 382px\" \/><\/p>\n<p>Kneippradeln Garbsen hat in zwei Disziplinen, \u201eKilometer absolut\u201c und \u201eTeilnehmeranzahl\u201c, unter 52 Teams, den ERSTEN PLATZ belegt. Die beiden Urkunden sind im Kneipptreff zu besichtigen. Weiterhin sind alle Platzierungen der Teams und Kilometer aller Teilnehmer auch dort einzusehen.<\/p>\n<p>Er\u00f6ffnung des Stadradelns war der Start vom Rathausplatz, am 28.05.2017. Kneippradeln Garbsen war mit 27 Teilnehmern dabei. Die regenfreie Fahrt ging unter Polizeischutz nach Hannover. Auch in diesem Jahr legten wir die t\u00e4glichen Termine, von Fahrt zu Fahrt, neu fest.<\/p>\n<p><img data-recalc-dims=\"1\" loading=\"lazy\" decoding=\"async\" class=\"wp-image-642 alignright\" src=\"https:\/\/i0.wp.com\/www.kneipp-garbsen.de\/wp-content\/uploads\/2017\/09\/Ende-Stadtradeln1-300x211.jpg?resize=589%2C414\" alt=\"\" width=\"589\" height=\"414\" srcset=\"https:\/\/i0.wp.com\/www.kneipp-garbsen.de\/wp-content\/uploads\/2017\/09\/Ende-Stadtradeln1.jpg?resize=300%2C211&amp;ssl=1 300w, https:\/\/i0.wp.com\/www.kneipp-garbsen.de\/wp-content\/uploads\/2017\/09\/Ende-Stadtradeln1.jpg?resize=768%2C541&amp;ssl=1 768w, https:\/\/i0.wp.com\/www.kneipp-garbsen.de\/wp-content\/uploads\/2017\/09\/Ende-Stadtradeln1.jpg?resize=1024%2C721&amp;ssl=1 1024w, https:\/\/i0.wp.com\/www.kneipp-garbsen.de\/wp-content\/uploads\/2017\/09\/Ende-Stadtradeln1.jpg?resize=207%2C146&amp;ssl=1 207w, https:\/\/i0.wp.com\/www.kneipp-garbsen.de\/wp-content\/uploads\/2017\/09\/Ende-Stadtradeln1.jpg?resize=50%2C35&amp;ssl=1 50w, https:\/\/i0.wp.com\/www.kneipp-garbsen.de\/wp-content\/uploads\/2017\/09\/Ende-Stadtradeln1.jpg?resize=107%2C75&amp;ssl=1 107w, https:\/\/i0.wp.com\/www.kneipp-garbsen.de\/wp-content\/uploads\/2017\/09\/Ende-Stadtradeln1.jpg?w=2440&amp;ssl=1 2440w\" sizes=\"auto, (max-width:767px) 480px, 589px\" \/><\/p>\n<p>Es wurde an 21 Tagen gefahren, sowohl privat als auch im Team. Wir haben in diesem Jahr mit 64 Teilnehmern 17168 km erradelt, damit 2437,9 kg CO2 vermieden. Die zahlreichen G\u00e4ste, die mit uns gefahren sind, haben mit zu dem guten Ergebnis beigetragen. Manuela Lange hat mit den Fahrten an den nicht belegten Tourentagen erheblich zum Erfolg beigetragen. Vielen Dank allen Teilnehmern, es war eine manchmal auch anstrengende Zeit, aber doch sch\u00f6n. Mit diesen Fahrten haben wir viel f\u00fcr unsere Gesundheit, f\u00fcr die Umwelt, f\u00fcr den Kneippverein, f\u00fcr die Kommune Garbsen, getan. Es wurden leider nicht alle privat gefahrenen Kilometer gemeldet, die uns noch weiter nach vorn gebracht h\u00e4tten. Wenn die Kommune Garbsen beim n\u00e4chsten Stadtradeln dabei ist, das ist sie wohl, wird das Team Kneippradeln Garbsen auch mitmachen. Alle Kneippianer und Garbsener B\u00fcrger sind herzlichst eingeladen, mit uns, auch im Jahr 2018, zu radeln.<\/p>\n<p><strong>Noch ein paar Zahlen:<\/strong><br \/>\nTeilnehmer zur Er\u00f6ffnungsfahrt:\u00a0\u00a0\u00a0\u00a0\u00a0\u00a0\u00a0\u00a0\u00a0\u00a0\u00a0\u00a0\u00a0\u00a0\u00a0\u00a0\u00a0\u00a0\u00a0\u00a0 8 (2016) und 27 (2017)\u00a0\u00a0\u00a0\u00a0\u00a0\u00a0\u00a0\u00a0\u00a0 + 237 %<br \/>\nTeilnehmer am Stadtradeln gesamt:\u00a0\u00a0\u00a0\u00a0\u00a0\u00a0\u00a0\u00a0\u00a0\u00a0\u00a0\u00a0 38 (2016) und 64 (2017)\u00a0\u00a0\u00a0\u00a0\u00a0\u00a0\u00a0\u00a0\u00a0\u00a0\u00a0 + 69 %<br \/>\nInsgesamt erradelte Kilometer:\u00a0\u00a0\u00a0\u00a0\u00a0 12.633 (2016) und 17.168 (2017)\u00a0\u00a0\u00a0\u00a0\u00a0\u00a0\u00a0\u00a0\u00a0\u00a0\u00a0\u00a0 + 36 %<\/p>\n","protected":false},"excerpt":{"rendered":"<p>Das Team Kneippradeln Garbsen, aus dem Kneippverein Garbsen, hat auch in diesem Jahr am Stadtradeln der Kommune Garbsen erfolgreich teilgenommen. Die Kneippradler waren in diesem Jahr besonders aktiv. Es gab in vielen Disziplinen Leistungssteigerungen. Dank der Erfassung auch der privat gefahrenen Kilometer, konnte das Team stark zulegen. Kneippradeln Garbsen hat in zwei Disziplinen, \u201eKilometer absolut\u201c und \u201eTeilnehmeranzahl\u201c, unter 52 Teams,<span class=\"excerpt-hellip\"> [\u2026]<\/span><\/p>\n","protected":false},"author":2,"featured_media":648,"comment_status":"open","ping_status":"open","sticky":false,"template":"","format":"standard","meta":{"jetpack_post_was_ever_published":false,"_jetpack_newsletter_access":"","_jetpack_dont_email_post_to_subs":false,"_jetpack_newsletter_tier_id":0,"_jetpack_memberships_contains_paywalled_content":false,"_jetpack_memberships_contains_paid_content":false,"footnotes":"","jetpack_publicize_message":"","jetpack_publicize_feature_enabled":true,"jetpack_social_post_already_shared":false,"jetpack_social_options":{"image_generator_settings":{"template":"highway","default_image_id":0,"font":"","enabled":false},"version":2}},"categories":[1],"tags":[],"class_list":["post-647","post","type-post","status-publish","format-standard","has-post-thumbnail","hentry","category-allgemein"],"jetpack_publicize_connections":[],"jetpack_featured_media_url":"https:\/\/i0.wp.com\/www.kneipp-garbsen.de\/wp-content\/uploads\/2017\/09\/screenshot.153.jpg?fit=904%2C1292&ssl=1","jetpack_sharing_enabled":true,"_links":{"self":[{"href":"https:\/\/www.kneipp-garbsen.de\/index.php?rest_route=\/wp\/v2\/posts\/647","targetHints":{"allow":["GET"]}}],"collection":[{"href":"https:\/\/www.kneipp-garbsen.de\/index.php?rest_route=\/wp\/v2\/posts"}],"about":[{"href":"https:\/\/www.kneipp-garbsen.de\/index.php?rest_route=\/wp\/v2\/types\/post"}],"author":[{"embeddable":true,"href":"https:\/\/www.kneipp-garbsen.de\/index.php?rest_route=\/wp\/v2\/users\/2"}],"replies":[{"embeddable":true,"href":"https:\/\/www.kneipp-garbsen.de\/index.php?rest_route=%2Fwp%2Fv2%2Fcomments&post=647"}],"version-history":[{"count":1,"href":"https:\/\/www.kneipp-garbsen.de\/index.php?rest_route=\/wp\/v2\/posts\/647\/revisions"}],"predecessor-version":[{"id":649,"href":"https:\/\/www.kneipp-garbsen.de\/index.php?rest_route=\/wp\/v2\/posts\/647\/revisions\/649"}],"wp:featuredmedia":[{"embeddable":true,"href":"https:\/\/www.kneipp-garbsen.de\/index.php?rest_route=\/wp\/v2\/media\/648"}],"wp:attachment":[{"href":"https:\/\/www.kneipp-garbsen.de\/index.php?rest_route=%2Fwp%2Fv2%2Fmedia&parent=647"}],"wp:term":[{"taxonomy":"category","embeddable":true,"href":"https:\/\/www.kneipp-garbsen.de\/index.php?rest_route=%2Fwp%2Fv2%2Fcategories&post=647"},{"taxonomy":"post_tag","embeddable":true,"href":"https:\/\/www.kneipp-garbsen.de\/index.php?rest_route=%2Fwp%2Fv2%2Ftags&post=647"}],"curies":[{"name":"wp","href":"https:\/\/api.w.org\/{rel}","templated":true}]}}