{"id":623,"date":"2017-11-15T21:00:37","date_gmt":"2017-11-15T20:00:37","guid":{"rendered":"http:\/\/www.kneipp-garbsen.de\/?p=623"},"modified":"2017-11-15T21:25:39","modified_gmt":"2017-11-15T20:25:39","slug":"drei-burgen-tour-im-wesergebirge-am-8-oktober","status":"publish","type":"post","link":"https:\/\/www.kneipp-garbsen.de\/?p=623","title":{"rendered":"Regenwanderung im Wesergebirge"},"content":{"rendered":"<p>&nbsp;<\/p>\n<p><span style=\"font-family: Arial, sans-serif\">Sonntag, 12. November 17<br \/>\n<\/span><\/p>\n<p><span style=\"font-family: Arial, sans-serif\">Ausgangspunkt der Wanderung war die Schaumburg aus dem 14. Jahrhundert, von der aus wir das weite Wesertal \u00fcberblickten. Doch die Aussichten, der eigentliche Sinn der Tour, vernieselten zusehens. <\/span><\/p>\n<p><span style=\"font-family: Arial, sans-serif\">So erfreuten wir uns an der perfekten Laubf\u00e4rbung der S\u00fcntelbuchen. Aber dieses nasse Laub bedeckte auch die schmalen Pfade des Weserkamms und den steilen Aufstieg an den Springsteinen. Vorsicht war geboten, Sturzgefahr! <\/span><\/p>\n<p><span style=\"font-family: Arial, sans-serif\">Kneippianer nehmen solche H\u00fcrden fit und geschmeidig. Regen schreckt uns nicht ab. Wasser ist schlie\u00dflich unser Element. <\/span><\/p>\n<p><span style=\"font-family: Arial, sans-serif\">Trotzdem waren wir froh, als der \u201eDicke Turm\u201c der Schaumburg sich in der Ferne zeigte.<\/span><\/p>\n<p><span style=\"font-family: Arial, sans-serif\">Hoffnung auf ein warmes, trockenes Pl\u00e4tzchen und eine hei\u00dfe Suppe oder Kaffee in der Burggastst\u00e4tte trieben uns die letzten Kilometer an. So schnell vergessen wir diese Tortur nicht. <\/span><\/p>\n<p><span style=\"font-family: Arial, sans-serif\">Doch wenn die S\u00fcntelbuchen sprie\u00dfen, der B\u00e4rlauch bl\u00fcht und die Fr\u00fchlingssonne strahlt, schn\u00fcren wir wieder unsere Wanderstiefel und packen den R\u00fccksack f\u00fcr die Tour auf dem Weserkamm. Vielleicht habt ihr Lust mitzukommen?\u00a0 Silvia M\u00fcnkel<br \/>\n<\/span><\/p>\n","protected":false},"excerpt":{"rendered":"<p>&nbsp; Sonntag, 12. November 17 Ausgangspunkt der Wanderung war die Schaumburg aus dem 14. Jahrhundert, von der aus wir das weite Wesertal \u00fcberblickten. Doch die Aussichten, der eigentliche Sinn der Tour, vernieselten zusehens. So erfreuten wir uns an der perfekten Laubf\u00e4rbung der S\u00fcntelbuchen. Aber dieses nasse Laub bedeckte auch die schmalen Pfade des Weserkamms und den steilen Aufstieg an den<span class=\"excerpt-hellip\"> [\u2026]<\/span><\/p>\n","protected":false},"author":2,"featured_media":697,"comment_status":"open","ping_status":"open","sticky":false,"template":"","format":"standard","meta":{"jetpack_post_was_ever_published":false,"_jetpack_newsletter_access":"","_jetpack_dont_email_post_to_subs":false,"_jetpack_newsletter_tier_id":0,"_jetpack_memberships_contains_paywalled_content":false,"_jetpack_memberships_contains_paid_content":false,"footnotes":"","jetpack_publicize_message":"","jetpack_publicize_feature_enabled":true,"jetpack_social_post_already_shared":false,"jetpack_social_options":{"image_generator_settings":{"template":"highway","default_image_id":0,"font":"","enabled":false},"version":2}},"categories":[1],"tags":[],"class_list":["post-623","post","type-post","status-publish","format-standard","has-post-thumbnail","hentry","category-allgemein"],"jetpack_publicize_connections":[],"jetpack_featured_media_url":"https:\/\/i0.wp.com\/www.kneipp-garbsen.de\/wp-content\/uploads\/2017\/09\/Regenwanderung-Schaumburg.jpg?fit=1024%2C768&ssl=1","jetpack_sharing_enabled":true,"_links":{"self":[{"href":"https:\/\/www.kneipp-garbsen.de\/index.php?rest_route=\/wp\/v2\/posts\/623","targetHints":{"allow":["GET"]}}],"collection":[{"href":"https:\/\/www.kneipp-garbsen.de\/index.php?rest_route=\/wp\/v2\/posts"}],"about":[{"href":"https:\/\/www.kneipp-garbsen.de\/index.php?rest_route=\/wp\/v2\/types\/post"}],"author":[{"embeddable":true,"href":"https:\/\/www.kneipp-garbsen.de\/index.php?rest_route=\/wp\/v2\/users\/2"}],"replies":[{"embeddable":true,"href":"https:\/\/www.kneipp-garbsen.de\/index.php?rest_route=%2Fwp%2Fv2%2Fcomments&post=623"}],"version-history":[{"count":4,"href":"https:\/\/www.kneipp-garbsen.de\/index.php?rest_route=\/wp\/v2\/posts\/623\/revisions"}],"predecessor-version":[{"id":698,"href":"https:\/\/www.kneipp-garbsen.de\/index.php?rest_route=\/wp\/v2\/posts\/623\/revisions\/698"}],"wp:featuredmedia":[{"embeddable":true,"href":"https:\/\/www.kneipp-garbsen.de\/index.php?rest_route=\/wp\/v2\/media\/697"}],"wp:attachment":[{"href":"https:\/\/www.kneipp-garbsen.de\/index.php?rest_route=%2Fwp%2Fv2%2Fmedia&parent=623"}],"wp:term":[{"taxonomy":"category","embeddable":true,"href":"https:\/\/www.kneipp-garbsen.de\/index.php?rest_route=%2Fwp%2Fv2%2Fcategories&post=623"},{"taxonomy":"post_tag","embeddable":true,"href":"https:\/\/www.kneipp-garbsen.de\/index.php?rest_route=%2Fwp%2Fv2%2Ftags&post=623"}],"curies":[{"name":"wp","href":"https:\/\/api.w.org\/{rel}","templated":true}]}}