{"id":3434,"date":"2025-06-23T12:02:49","date_gmt":"2025-06-23T10:02:49","guid":{"rendered":"https:\/\/www.kneipp-garbsen.de\/?p=3434"},"modified":"2025-06-26T17:50:16","modified_gmt":"2025-06-26T15:50:16","slug":"reise-ins-erzgebirge","status":"publish","type":"post","link":"https:\/\/www.kneipp-garbsen.de\/?p=3434","title":{"rendered":"Reise ins Erzgebirge"},"content":{"rendered":"<p style=\"text-align: right;\">von Lutz und Manuela Lange<\/p>\n<p>Jeder Juni beginnt am Ersten, aber auch unsere Reise ins Erzgebirge, nach Oberwiesenthal, begann an diesem Ersten. P\u00fcnktlich wie immer <img data-recalc-dims=\"1\" loading=\"lazy\" decoding=\"async\" class=\" wp-image-3402 alignright\" src=\"https:\/\/i0.wp.com\/www.kneipp-garbsen.de\/wp-content\/uploads\/2025\/06\/lutz-Lange-Reise-nach-Oberwiesenthal-007.jpg?resize=591%2C443&#038;ssl=1\" alt=\"\" width=\"591\" height=\"443\" srcset=\"https:\/\/i0.wp.com\/www.kneipp-garbsen.de\/wp-content\/uploads\/2025\/06\/lutz-Lange-Reise-nach-Oberwiesenthal-007-scaled.jpg?resize=300%2C225&amp;ssl=1 300w, https:\/\/i0.wp.com\/www.kneipp-garbsen.de\/wp-content\/uploads\/2025\/06\/lutz-Lange-Reise-nach-Oberwiesenthal-007-scaled.jpg?resize=1024%2C768&amp;ssl=1 1024w, https:\/\/i0.wp.com\/www.kneipp-garbsen.de\/wp-content\/uploads\/2025\/06\/lutz-Lange-Reise-nach-Oberwiesenthal-007-scaled.jpg?resize=768%2C576&amp;ssl=1 768w, https:\/\/i0.wp.com\/www.kneipp-garbsen.de\/wp-content\/uploads\/2025\/06\/lutz-Lange-Reise-nach-Oberwiesenthal-007-scaled.jpg?resize=1536%2C1152&amp;ssl=1 1536w, https:\/\/i0.wp.com\/www.kneipp-garbsen.de\/wp-content\/uploads\/2025\/06\/lutz-Lange-Reise-nach-Oberwiesenthal-007-scaled.jpg?resize=2048%2C1536&amp;ssl=1 2048w, https:\/\/i0.wp.com\/www.kneipp-garbsen.de\/wp-content\/uploads\/2025\/06\/lutz-Lange-Reise-nach-Oberwiesenthal-007-scaled.jpg?resize=100%2C75&amp;ssl=1 100w, https:\/\/i0.wp.com\/www.kneipp-garbsen.de\/wp-content\/uploads\/2025\/06\/lutz-Lange-Reise-nach-Oberwiesenthal-007-scaled.jpg?resize=480%2C360&amp;ssl=1 480w, https:\/\/i0.wp.com\/www.kneipp-garbsen.de\/wp-content\/uploads\/2025\/06\/lutz-Lange-Reise-nach-Oberwiesenthal-007-scaled.jpg?w=2440&amp;ssl=1 2440w\" sizes=\"auto, (max-width:767px) 480px, 591px\" \/><\/p>\n<p>trafen sich die Reiseteilnehmer zur festgesetzten Zeit an den vereinbarten Treffpunkten und belegten ihre Pl\u00e4tze im Bus. Die erste Pause wurde, wie so oft, von Manuela mit frischem Kuchen und Kaffee gesponsert, was nat\u00fcrlich bei allen gut ankam. Trotz der vielen Baustellen, die den Busfahrer Uwe zu Umleitungen zwangen, kamen wir planm\u00e4\u00dfig im Hotel an und bezogen die Zimmer. Das vielf\u00e4ltige Programm, welches uns am ersten Tag in die Spielzeugstadt Seiffen und in die Bergarbeiterstadt Annaberg Buchholz f\u00fchrte, wurde durch einen Stadt- und Landschaftsf\u00fchrer namens Klaus an allen Tagen begleitet. Er wusste viel \u00fcber die \u00f6rtlichen Gegebenheiten in Stadt und Land zu berichten, ohne uns dabei mit \u00fcberm\u00e4\u00dfig vielen Zahlen zu langweilen. Im Gegenteil, seine Beschreibungen hat er mit vielen Anekdoten und Geschichten untermalt und plastisch werden lassen. Der zweite Reisetag f\u00fchrte uns ins benachbarte Tschechien, in die wundersch\u00f6ne Stadt Karlovy Vary, in der wir nach dem Stadtrundgang die freie Zeit in weiteren Sehensw\u00fcrdigkeiten, Gesch\u00e4ften oder der herrlichen Gastronomie genie\u00dfen konnten. Am Mittwoch f\u00fchrte uns das Programm nach Chemnitz. W\u00e4hrend des Stadtrundgangs kam leichter Regen auf, der aber niemanden wirklich st\u00f6rte. Am letzten Tag besichtigten wir die Augustusburg. Alle Ausflugsorte waren interessant und sehenswert, daher der treffende Begriff \u2013 Sehensw\u00fcrdigkeit.<\/p>\n<p>Von vielen Reiseteilnehmern gab es ein sehr positives, teilweise sogar begeistertes, Feedback f\u00fcr den Stadt- und Landschaftsf\u00fchrer Klaus und f\u00fcr unseren Busfahrer Uwe. Auch wir m\u00f6chten uns ausdr\u00fccklich bei allen Teilnehmern f\u00fcr die gro\u00dfartige Disziplin und P\u00fcnktlichkeit bedanken. Somit kann auch diese Reise wieder in guter Erinnerung bleiben.<\/p>\n","protected":false},"excerpt":{"rendered":"<p>von Lutz und Manuela Lange Jeder Juni beginnt am Ersten, aber auch unsere Reise ins Erzgebirge, nach Oberwiesenthal, begann an diesem Ersten. P\u00fcnktlich wie immer trafen sich die Reiseteilnehmer zur festgesetzten Zeit an den vereinbarten Treffpunkten und belegten ihre Pl\u00e4tze im Bus. Die erste Pause wurde, wie so oft, von Manuela mit frischem Kuchen und Kaffee gesponsert, was nat\u00fcrlich bei<span class=\"excerpt-hellip\"> [\u2026]<\/span><\/p>\n","protected":false},"author":2,"featured_media":3420,"comment_status":"open","ping_status":"open","sticky":false,"template":"","format":"standard","meta":{"jetpack_post_was_ever_published":false,"_jetpack_newsletter_access":"","_jetpack_dont_email_post_to_subs":false,"_jetpack_newsletter_tier_id":0,"_jetpack_memberships_contains_paywalled_content":false,"_jetpack_memberships_contains_paid_content":false,"footnotes":"","jetpack_publicize_message":"","jetpack_publicize_feature_enabled":true,"jetpack_social_post_already_shared":true,"jetpack_social_options":{"image_generator_settings":{"template":"highway","default_image_id":0,"font":"","enabled":false},"version":2}},"categories":[1],"tags":[],"class_list":["post-3434","post","type-post","status-publish","format-standard","has-post-thumbnail","hentry","category-allgemein"],"jetpack_publicize_connections":[],"jetpack_featured_media_url":"https:\/\/i0.wp.com\/www.kneipp-garbsen.de\/wp-content\/uploads\/2025\/06\/lutz-Lange-Reise-nach-Oberwiesenthal-026-scaled.jpg?fit=2560%2C1920&ssl=1","jetpack_sharing_enabled":true,"_links":{"self":[{"href":"https:\/\/www.kneipp-garbsen.de\/index.php?rest_route=\/wp\/v2\/posts\/3434","targetHints":{"allow":["GET"]}}],"collection":[{"href":"https:\/\/www.kneipp-garbsen.de\/index.php?rest_route=\/wp\/v2\/posts"}],"about":[{"href":"https:\/\/www.kneipp-garbsen.de\/index.php?rest_route=\/wp\/v2\/types\/post"}],"author":[{"embeddable":true,"href":"https:\/\/www.kneipp-garbsen.de\/index.php?rest_route=\/wp\/v2\/users\/2"}],"replies":[{"embeddable":true,"href":"https:\/\/www.kneipp-garbsen.de\/index.php?rest_route=%2Fwp%2Fv2%2Fcomments&post=3434"}],"version-history":[{"count":4,"href":"https:\/\/www.kneipp-garbsen.de\/index.php?rest_route=\/wp\/v2\/posts\/3434\/revisions"}],"predecessor-version":[{"id":3439,"href":"https:\/\/www.kneipp-garbsen.de\/index.php?rest_route=\/wp\/v2\/posts\/3434\/revisions\/3439"}],"wp:featuredmedia":[{"embeddable":true,"href":"https:\/\/www.kneipp-garbsen.de\/index.php?rest_route=\/wp\/v2\/media\/3420"}],"wp:attachment":[{"href":"https:\/\/www.kneipp-garbsen.de\/index.php?rest_route=%2Fwp%2Fv2%2Fmedia&parent=3434"}],"wp:term":[{"taxonomy":"category","embeddable":true,"href":"https:\/\/www.kneipp-garbsen.de\/index.php?rest_route=%2Fwp%2Fv2%2Fcategories&post=3434"},{"taxonomy":"post_tag","embeddable":true,"href":"https:\/\/www.kneipp-garbsen.de\/index.php?rest_route=%2Fwp%2Fv2%2Ftags&post=3434"}],"curies":[{"name":"wp","href":"https:\/\/api.w.org\/{rel}","templated":true}]}}