{"id":3358,"date":"2025-05-19T20:24:19","date_gmt":"2025-05-19T18:24:19","guid":{"rendered":"https:\/\/www.kneipp-garbsen.de\/?p=3358"},"modified":"2025-05-19T20:24:19","modified_gmt":"2025-05-19T18:24:19","slug":"tagesfahrt-nach-hann-muenden","status":"publish","type":"post","link":"https:\/\/www.kneipp-garbsen.de\/?p=3358","title":{"rendered":"Tagesfahrt nach Hann.-M\u00fcnden"},"content":{"rendered":"<p>von Ingrid Schmidt<img data-recalc-dims=\"1\" loading=\"lazy\" decoding=\"async\" class=\"size-medium wp-image-3339 alignright\" src=\"https:\/\/i0.wp.com\/www.kneipp-garbsen.de\/wp-content\/uploads\/2025\/05\/Ingrid-Schmidt-Tagesfahrt-nach-Hann-Muenden-4.jpg?resize=300%2C225&#038;ssl=1\" alt=\"\" width=\"300\" height=\"225\" srcset=\"https:\/\/i0.wp.com\/www.kneipp-garbsen.de\/wp-content\/uploads\/2025\/05\/Ingrid-Schmidt-Tagesfahrt-nach-Hann-Muenden-4.jpg?resize=300%2C225&amp;ssl=1 300w, https:\/\/i0.wp.com\/www.kneipp-garbsen.de\/wp-content\/uploads\/2025\/05\/Ingrid-Schmidt-Tagesfahrt-nach-Hann-Muenden-4.jpg?resize=1024%2C768&amp;ssl=1 1024w, https:\/\/i0.wp.com\/www.kneipp-garbsen.de\/wp-content\/uploads\/2025\/05\/Ingrid-Schmidt-Tagesfahrt-nach-Hann-Muenden-4.jpg?resize=768%2C576&amp;ssl=1 768w, https:\/\/i0.wp.com\/www.kneipp-garbsen.de\/wp-content\/uploads\/2025\/05\/Ingrid-Schmidt-Tagesfahrt-nach-Hann-Muenden-4.jpg?resize=1536%2C1152&amp;ssl=1 1536w, https:\/\/i0.wp.com\/www.kneipp-garbsen.de\/wp-content\/uploads\/2025\/05\/Ingrid-Schmidt-Tagesfahrt-nach-Hann-Muenden-4.jpg?resize=100%2C75&amp;ssl=1 100w, https:\/\/i0.wp.com\/www.kneipp-garbsen.de\/wp-content\/uploads\/2025\/05\/Ingrid-Schmidt-Tagesfahrt-nach-Hann-Muenden-4.jpg?resize=480%2C360&amp;ssl=1 480w, https:\/\/i0.wp.com\/www.kneipp-garbsen.de\/wp-content\/uploads\/2025\/05\/Ingrid-Schmidt-Tagesfahrt-nach-Hann-Muenden-4.jpg?w=1600&amp;ssl=1 1600w\" sizes=\"auto, (max-width:767px) 300px, 300px\" \/>Am 10. April 2025 starteten vierundvierig Kneippianer zu einer Tagesfahrt in die Drei-Fl\u00fcsse-Stadt Hann-M\u00fcnden.<br \/>\nAuf einem Rundgang bei trockenem, aber k\u00fchlem, Wetter durch die sch\u00f6ne Fachwerk-stadt konnten wir zahlreichen Spuren des M\u00fcndener Medicus \u201eDr. Eisenbart\u201c folgen. Am Rathaus, dem Sterbehaus und dem Grabstein an der Aegidienkirche wurden diese sicht-bar. Das Spottlied: \u201eIch bin der Dr. Eisenbart, ich kurier die Leut\u2018 nach meiner Art, kann machen, dass die Lahmen sehn und dass die Blinden wieder gehn\u201c ist allen bekannt.<br \/>\nNach einer ausgiebigen Mittagspause ging es weiter zum Weserstein, an dem sich Werra und Fulda zum Weser-Strom vereinigen. Hier begann die 1\u00bd-st\u00fcndige Schifffahrt mit der MS \u201eWeserstein\u201c auf der Fulda durch eine Schleuse, vorbei an kleinen Flussinseln. Einige von uns konnten sogar einen Eisvogel entdecken.<br \/>\nNach einem abwechslungsreichen Tag, an dem sich die Sonne doch noch zeigte, ging es z\u00fcgig zur\u00fcck nach Garbsen.<\/p>\n","protected":false},"excerpt":{"rendered":"<p>von Ingrid SchmidtAm 10. April 2025 starteten vierundvierig Kneippianer zu einer Tagesfahrt in die Drei-Fl\u00fcsse-Stadt Hann-M\u00fcnden. Auf einem Rundgang bei trockenem, aber k\u00fchlem, Wetter durch die sch\u00f6ne Fachwerk-stadt konnten wir zahlreichen Spuren des M\u00fcndener Medicus \u201eDr. Eisenbart\u201c folgen. Am Rathaus, dem Sterbehaus und dem Grabstein an der Aegidienkirche wurden diese sicht-bar. Das Spottlied: \u201eIch bin der Dr. Eisenbart, ich kurier<span class=\"excerpt-hellip\"> [\u2026]<\/span><\/p>\n","protected":false},"author":2,"featured_media":3338,"comment_status":"open","ping_status":"open","sticky":false,"template":"","format":"standard","meta":{"jetpack_post_was_ever_published":false,"_jetpack_newsletter_access":"","_jetpack_dont_email_post_to_subs":false,"_jetpack_newsletter_tier_id":0,"_jetpack_memberships_contains_paywalled_content":false,"_jetpack_memberships_contains_paid_content":false,"footnotes":"","jetpack_publicize_message":"","jetpack_publicize_feature_enabled":true,"jetpack_social_post_already_shared":true,"jetpack_social_options":{"image_generator_settings":{"template":"highway","default_image_id":0,"font":"","enabled":false},"version":2}},"categories":[1],"tags":[],"class_list":["post-3358","post","type-post","status-publish","format-standard","has-post-thumbnail","hentry","category-allgemein"],"jetpack_publicize_connections":[],"jetpack_featured_media_url":"https:\/\/i0.wp.com\/www.kneipp-garbsen.de\/wp-content\/uploads\/2025\/05\/Ingrid-Schmidt-Tagesfahrt-nach-Hann-Muenden-3-scaled.jpg?fit=2560%2C1920&ssl=1","jetpack_sharing_enabled":true,"_links":{"self":[{"href":"https:\/\/www.kneipp-garbsen.de\/index.php?rest_route=\/wp\/v2\/posts\/3358","targetHints":{"allow":["GET"]}}],"collection":[{"href":"https:\/\/www.kneipp-garbsen.de\/index.php?rest_route=\/wp\/v2\/posts"}],"about":[{"href":"https:\/\/www.kneipp-garbsen.de\/index.php?rest_route=\/wp\/v2\/types\/post"}],"author":[{"embeddable":true,"href":"https:\/\/www.kneipp-garbsen.de\/index.php?rest_route=\/wp\/v2\/users\/2"}],"replies":[{"embeddable":true,"href":"https:\/\/www.kneipp-garbsen.de\/index.php?rest_route=%2Fwp%2Fv2%2Fcomments&post=3358"}],"version-history":[{"count":1,"href":"https:\/\/www.kneipp-garbsen.de\/index.php?rest_route=\/wp\/v2\/posts\/3358\/revisions"}],"predecessor-version":[{"id":3359,"href":"https:\/\/www.kneipp-garbsen.de\/index.php?rest_route=\/wp\/v2\/posts\/3358\/revisions\/3359"}],"wp:featuredmedia":[{"embeddable":true,"href":"https:\/\/www.kneipp-garbsen.de\/index.php?rest_route=\/wp\/v2\/media\/3338"}],"wp:attachment":[{"href":"https:\/\/www.kneipp-garbsen.de\/index.php?rest_route=%2Fwp%2Fv2%2Fmedia&parent=3358"}],"wp:term":[{"taxonomy":"category","embeddable":true,"href":"https:\/\/www.kneipp-garbsen.de\/index.php?rest_route=%2Fwp%2Fv2%2Fcategories&post=3358"},{"taxonomy":"post_tag","embeddable":true,"href":"https:\/\/www.kneipp-garbsen.de\/index.php?rest_route=%2Fwp%2Fv2%2Ftags&post=3358"}],"curies":[{"name":"wp","href":"https:\/\/api.w.org\/{rel}","templated":true}]}}