{"id":3346,"date":"2025-05-19T20:03:16","date_gmt":"2025-05-19T18:03:16","guid":{"rendered":"https:\/\/www.kneipp-garbsen.de\/?p=3346"},"modified":"2025-05-20T06:04:09","modified_gmt":"2025-05-20T04:04:09","slug":"eroeffnung-wassertretanlage","status":"publish","type":"post","link":"https:\/\/www.kneipp-garbsen.de\/?p=3346","title":{"rendered":"Er\u00f6ffnung Wassertretanlage"},"content":{"rendered":"<p>von Peggy Ahlborn<br \/>\nWir konnten wieder eine gelungene Er\u00f6ffnung der Wassertretanlage verzeichnen.<br \/>\nGenau zum Geburtstag von Sebastian Kneipp am 17. Mai haben wir uns an der Anlage versammelt f\u00fcr Kaffee, Kuchen, Bratwurst und nat\u00fcrlich Wassertreten.<br \/>\nWie fast immer hatten wir mit dem Wetter Gl\u00fcck und konnten auch G\u00e4ste empfangen.<br \/>\nZu Gast war der Verein St\u00e4dtepartnerschaft Garbsen mit seinen G\u00e4sten aus Bassetlow in England. Knapp 20 Interessierte aus diesem Verein lauschten gemeinsam mit den Kneipp Mitgliedern, Beate K\u00f6hler und Peggy Ahlborn bei der Einf\u00fchrung zum Wassertreten und den Gepflogenheiten des Pfarrers Kneipp.<br \/>\nNat\u00fcrlich ging es in gro\u00dfer Runde begeistert durch die Wassertretanlage!<br \/>\nMusikalisch wurde die Veranstaltung unterst\u00fctzt von Matthias Lerch mit seinem Akkorde-on. Es gab nur gut gelaunte Musik, die den ein oder anderen sogar zum Schunkeln ver-f\u00fchrte. Er wird sicherlich nicht das letzte Mal bei uns gewesen sein.<br \/>\nEin Dank an die Helfer, Sascha &amp; Jule Ahlborn, Marianne, Paul &amp; Marcel Bockhorst, Ri-carda Horeis und Martina B\u00f6hm. Ohne euch h\u00e4tte es nicht stattfinden k\u00f6nnen.<br \/>\nEin Danke auch f\u00fcr die Kuchen &amp; Salate, es war wieder sehr lecker!<br \/>\nEs ist f\u00fcr die Zukunft allerdings zwingend notwendig, dass sich 2-3 Mitglieder melden, die an solchen Tagen verbindlich helfen k\u00f6nnen, vor allem beim Auf -und Abbau! Der Termin ist planbar, denn er steht ein halbes Jahr vorher fest. Meldet euch gern.<br \/>\n<video  controls=\"controls\" width=\"500\" height=\"600\"><source src=\"https:\/\/www.kneipp-garbsen.de\/wp-content\/uploads\/2025\/05\/Eroeffnung-WTA-Videoschnitt.mp4\" type=\"video\/mp4\" \/><\/video><\/p>\n","protected":false},"excerpt":{"rendered":"<p>von Peggy Ahlborn Wir konnten wieder eine gelungene Er\u00f6ffnung der Wassertretanlage verzeichnen. Genau zum Geburtstag von Sebastian Kneipp am 17. Mai haben wir uns an der Anlage versammelt f\u00fcr Kaffee, Kuchen, Bratwurst und nat\u00fcrlich Wassertreten. Wie fast immer hatten wir mit dem Wetter Gl\u00fcck und konnten auch G\u00e4ste empfangen. Zu Gast war der Verein St\u00e4dtepartnerschaft Garbsen mit seinen G\u00e4sten aus<span class=\"excerpt-hellip\"> [\u2026]<\/span><\/p>\n","protected":false},"author":2,"featured_media":3344,"comment_status":"open","ping_status":"open","sticky":false,"template":"","format":"standard","meta":{"jetpack_post_was_ever_published":false,"_jetpack_newsletter_access":"","_jetpack_dont_email_post_to_subs":false,"_jetpack_newsletter_tier_id":0,"_jetpack_memberships_contains_paywalled_content":false,"_jetpack_memberships_contains_paid_content":false,"footnotes":"","jetpack_publicize_message":"","jetpack_publicize_feature_enabled":true,"jetpack_social_post_already_shared":true,"jetpack_social_options":{"image_generator_settings":{"template":"highway","default_image_id":0,"font":"","enabled":false},"version":2}},"categories":[1],"tags":[],"class_list":["post-3346","post","type-post","status-publish","format-standard","has-post-thumbnail","hentry","category-allgemein"],"jetpack_publicize_connections":[],"jetpack_featured_media_url":"https:\/\/i0.wp.com\/www.kneipp-garbsen.de\/wp-content\/uploads\/2025\/05\/Peggy-Ahlborn-WTA-Eroeffnung-2-rotated-e1747677591230.jpg?fit=480%2C640&ssl=1","jetpack_sharing_enabled":true,"_links":{"self":[{"href":"https:\/\/www.kneipp-garbsen.de\/index.php?rest_route=\/wp\/v2\/posts\/3346","targetHints":{"allow":["GET"]}}],"collection":[{"href":"https:\/\/www.kneipp-garbsen.de\/index.php?rest_route=\/wp\/v2\/posts"}],"about":[{"href":"https:\/\/www.kneipp-garbsen.de\/index.php?rest_route=\/wp\/v2\/types\/post"}],"author":[{"embeddable":true,"href":"https:\/\/www.kneipp-garbsen.de\/index.php?rest_route=\/wp\/v2\/users\/2"}],"replies":[{"embeddable":true,"href":"https:\/\/www.kneipp-garbsen.de\/index.php?rest_route=%2Fwp%2Fv2%2Fcomments&post=3346"}],"version-history":[{"count":9,"href":"https:\/\/www.kneipp-garbsen.de\/index.php?rest_route=\/wp\/v2\/posts\/3346\/revisions"}],"predecessor-version":[{"id":3365,"href":"https:\/\/www.kneipp-garbsen.de\/index.php?rest_route=\/wp\/v2\/posts\/3346\/revisions\/3365"}],"wp:featuredmedia":[{"embeddable":true,"href":"https:\/\/www.kneipp-garbsen.de\/index.php?rest_route=\/wp\/v2\/media\/3344"}],"wp:attachment":[{"href":"https:\/\/www.kneipp-garbsen.de\/index.php?rest_route=%2Fwp%2Fv2%2Fmedia&parent=3346"}],"wp:term":[{"taxonomy":"category","embeddable":true,"href":"https:\/\/www.kneipp-garbsen.de\/index.php?rest_route=%2Fwp%2Fv2%2Fcategories&post=3346"},{"taxonomy":"post_tag","embeddable":true,"href":"https:\/\/www.kneipp-garbsen.de\/index.php?rest_route=%2Fwp%2Fv2%2Ftags&post=3346"}],"curies":[{"name":"wp","href":"https:\/\/api.w.org\/{rel}","templated":true}]}}