{"id":3288,"date":"2025-02-10T11:54:00","date_gmt":"2025-02-10T10:54:00","guid":{"rendered":"https:\/\/www.kneipp-garbsen.de\/?p=3288"},"modified":"2025-02-10T11:54:00","modified_gmt":"2025-02-10T10:54:00","slug":"filmnachmittag-im-kneipp-treff","status":"publish","type":"post","link":"https:\/\/www.kneipp-garbsen.de\/?p=3288","title":{"rendered":"Filmnachmittag im Kneipp-Treff"},"content":{"rendered":"<p style=\"text-align: right;\">von Lutz und Manuela Lange<\/p>\n<p><img data-recalc-dims=\"1\" loading=\"lazy\" decoding=\"async\" class=\"size-medium wp-image-3286 alignright\" src=\"https:\/\/i0.wp.com\/www.kneipp-garbsen.de\/wp-content\/uploads\/2025\/02\/Lutz-Lange-Filmnachmittag-4-scaled-e1739184643860-169x300.jpg?resize=169%2C300&#038;ssl=1\" alt=\"\" width=\"169\" height=\"300\" srcset=\"https:\/\/i0.wp.com\/www.kneipp-garbsen.de\/wp-content\/uploads\/2025\/02\/Lutz-Lange-Filmnachmittag-4-scaled-e1739184643860.jpg?resize=169%2C300&amp;ssl=1 169w, https:\/\/i0.wp.com\/www.kneipp-garbsen.de\/wp-content\/uploads\/2025\/02\/Lutz-Lange-Filmnachmittag-4-scaled-e1739184643860.jpg?resize=576%2C1024&amp;ssl=1 576w, https:\/\/i0.wp.com\/www.kneipp-garbsen.de\/wp-content\/uploads\/2025\/02\/Lutz-Lange-Filmnachmittag-4-scaled-e1739184643860.jpg?resize=768%2C1365&amp;ssl=1 768w, https:\/\/i0.wp.com\/www.kneipp-garbsen.de\/wp-content\/uploads\/2025\/02\/Lutz-Lange-Filmnachmittag-4-scaled-e1739184643860.jpg?resize=864%2C1536&amp;ssl=1 864w, https:\/\/i0.wp.com\/www.kneipp-garbsen.de\/wp-content\/uploads\/2025\/02\/Lutz-Lange-Filmnachmittag-4-scaled-e1739184643860.jpg?resize=1152%2C2048&amp;ssl=1 1152w, https:\/\/i0.wp.com\/www.kneipp-garbsen.de\/wp-content\/uploads\/2025\/02\/Lutz-Lange-Filmnachmittag-4-scaled-e1739184643860.jpg?resize=42%2C75&amp;ssl=1 42w, https:\/\/i0.wp.com\/www.kneipp-garbsen.de\/wp-content\/uploads\/2025\/02\/Lutz-Lange-Filmnachmittag-4-scaled-e1739184643860.jpg?resize=480%2C853&amp;ssl=1 480w, https:\/\/i0.wp.com\/www.kneipp-garbsen.de\/wp-content\/uploads\/2025\/02\/Lutz-Lange-Filmnachmittag-4-scaled-e1739184643860.jpg?w=1440&amp;ssl=1 1440w\" sizes=\"auto, (max-width:767px) 169px, 169px\" \/>Eigentlich sollte dieser Filmnachmittag schon im September letzten Jahres stattfinden, aber das hatte eine Corona-Infektion verhindert. Der neue Termin wurde mit gro\u00dfem Interesse angenommen und es meldeten sich so viele Mitglieder an, dass das Vorbereitungsteam, Manuela, Helga und Lutz, sehr genau \u00fcberlegen mussten, wie sie die Tische und St\u00fchle aufbauen sollten. Es gab auch viele Leckereien, die von weiteren Mitgliedern gespendet wurden und zur Begr\u00fc\u00dfung gab es einen Gl\u00fchwein-Lik\u00f6r. Die Bekanntgabe des Filmtitels zu Beginn rief ein gro\u00dfes und freudiges Hallo vor. Es wurde der Filmklassiker \u201eCasablanca\u201c gezeigt. Nach dem Film dankten die Zuschauer den Organisatoren mit langem Beifall und freuen sich schon auf den n\u00e4chsten Filmnachmittag, der im Herbst stattfinden soll.<\/p>\n","protected":false},"excerpt":{"rendered":"<p>von Lutz und Manuela Lange Eigentlich sollte dieser Filmnachmittag schon im September letzten Jahres stattfinden, aber das hatte eine Corona-Infektion verhindert. Der neue Termin wurde mit gro\u00dfem Interesse angenommen und es meldeten sich so viele Mitglieder an, dass das Vorbereitungsteam, Manuela, Helga und Lutz, sehr genau \u00fcberlegen mussten, wie sie die Tische und St\u00fchle aufbauen sollten. Es gab auch viele<span class=\"excerpt-hellip\"> [\u2026]<\/span><\/p>\n","protected":false},"author":2,"featured_media":3287,"comment_status":"open","ping_status":"open","sticky":false,"template":"","format":"standard","meta":{"jetpack_post_was_ever_published":false,"_jetpack_newsletter_access":"","_jetpack_dont_email_post_to_subs":false,"_jetpack_newsletter_tier_id":0,"_jetpack_memberships_contains_paywalled_content":false,"_jetpack_memberships_contains_paid_content":false,"footnotes":"","jetpack_publicize_message":"","jetpack_publicize_feature_enabled":true,"jetpack_social_post_already_shared":true,"jetpack_social_options":{"image_generator_settings":{"template":"highway","default_image_id":0,"font":"","enabled":false},"version":2}},"categories":[1],"tags":[],"class_list":["post-3288","post","type-post","status-publish","format-standard","has-post-thumbnail","hentry","category-allgemein"],"jetpack_publicize_connections":[],"jetpack_featured_media_url":"https:\/\/i0.wp.com\/www.kneipp-garbsen.de\/wp-content\/uploads\/2025\/02\/Lutz-Lange-Filmnachmittag-5-rotated-e1739184826211.jpg?fit=1907%2C750&ssl=1","jetpack_sharing_enabled":true,"_links":{"self":[{"href":"https:\/\/www.kneipp-garbsen.de\/index.php?rest_route=\/wp\/v2\/posts\/3288","targetHints":{"allow":["GET"]}}],"collection":[{"href":"https:\/\/www.kneipp-garbsen.de\/index.php?rest_route=\/wp\/v2\/posts"}],"about":[{"href":"https:\/\/www.kneipp-garbsen.de\/index.php?rest_route=\/wp\/v2\/types\/post"}],"author":[{"embeddable":true,"href":"https:\/\/www.kneipp-garbsen.de\/index.php?rest_route=\/wp\/v2\/users\/2"}],"replies":[{"embeddable":true,"href":"https:\/\/www.kneipp-garbsen.de\/index.php?rest_route=%2Fwp%2Fv2%2Fcomments&post=3288"}],"version-history":[{"count":1,"href":"https:\/\/www.kneipp-garbsen.de\/index.php?rest_route=\/wp\/v2\/posts\/3288\/revisions"}],"predecessor-version":[{"id":3289,"href":"https:\/\/www.kneipp-garbsen.de\/index.php?rest_route=\/wp\/v2\/posts\/3288\/revisions\/3289"}],"wp:featuredmedia":[{"embeddable":true,"href":"https:\/\/www.kneipp-garbsen.de\/index.php?rest_route=\/wp\/v2\/media\/3287"}],"wp:attachment":[{"href":"https:\/\/www.kneipp-garbsen.de\/index.php?rest_route=%2Fwp%2Fv2%2Fmedia&parent=3288"}],"wp:term":[{"taxonomy":"category","embeddable":true,"href":"https:\/\/www.kneipp-garbsen.de\/index.php?rest_route=%2Fwp%2Fv2%2Fcategories&post=3288"},{"taxonomy":"post_tag","embeddable":true,"href":"https:\/\/www.kneipp-garbsen.de\/index.php?rest_route=%2Fwp%2Fv2%2Ftags&post=3288"}],"curies":[{"name":"wp","href":"https:\/\/api.w.org\/{rel}","templated":true}]}}