{"id":3275,"date":"2025-02-07T15:59:20","date_gmt":"2025-02-07T14:59:20","guid":{"rendered":"https:\/\/www.kneipp-garbsen.de\/?p=3275"},"modified":"2025-02-07T15:59:20","modified_gmt":"2025-02-07T14:59:20","slug":"besuch-im-bulli-museum-hannover","status":"publish","type":"post","link":"https:\/\/www.kneipp-garbsen.de\/?p=3275","title":{"rendered":"Besuch im Bulli-Museum Hannover"},"content":{"rendered":"<p style=\"text-align: right;\">von Ingrid Schmidt<\/p>\n<p><img data-recalc-dims=\"1\" loading=\"lazy\" decoding=\"async\" class=\"size-medium wp-image-3256 alignleft\" src=\"https:\/\/i0.wp.com\/www.kneipp-garbsen.de\/wp-content\/uploads\/2025\/02\/Ingrid-Schmidt-Bulli-Museum-1.jpg?resize=300%2C225&#038;ssl=1\" alt=\"\" width=\"300\" height=\"225\" srcset=\"https:\/\/i0.wp.com\/www.kneipp-garbsen.de\/wp-content\/uploads\/2025\/02\/Ingrid-Schmidt-Bulli-Museum-1-scaled.jpg?resize=300%2C225&amp;ssl=1 300w, https:\/\/i0.wp.com\/www.kneipp-garbsen.de\/wp-content\/uploads\/2025\/02\/Ingrid-Schmidt-Bulli-Museum-1-scaled.jpg?resize=1024%2C768&amp;ssl=1 1024w, https:\/\/i0.wp.com\/www.kneipp-garbsen.de\/wp-content\/uploads\/2025\/02\/Ingrid-Schmidt-Bulli-Museum-1-scaled.jpg?resize=768%2C576&amp;ssl=1 768w, https:\/\/i0.wp.com\/www.kneipp-garbsen.de\/wp-content\/uploads\/2025\/02\/Ingrid-Schmidt-Bulli-Museum-1-scaled.jpg?resize=1536%2C1152&amp;ssl=1 1536w, https:\/\/i0.wp.com\/www.kneipp-garbsen.de\/wp-content\/uploads\/2025\/02\/Ingrid-Schmidt-Bulli-Museum-1-scaled.jpg?resize=2048%2C1536&amp;ssl=1 2048w, https:\/\/i0.wp.com\/www.kneipp-garbsen.de\/wp-content\/uploads\/2025\/02\/Ingrid-Schmidt-Bulli-Museum-1-scaled.jpg?resize=100%2C75&amp;ssl=1 100w, https:\/\/i0.wp.com\/www.kneipp-garbsen.de\/wp-content\/uploads\/2025\/02\/Ingrid-Schmidt-Bulli-Museum-1-scaled.jpg?resize=480%2C360&amp;ssl=1 480w, https:\/\/i0.wp.com\/www.kneipp-garbsen.de\/wp-content\/uploads\/2025\/02\/Ingrid-Schmidt-Bulli-Museum-1-scaled.jpg?w=2440&amp;ssl=1 2440w\" sizes=\"auto, (max-width:767px) 300px, 300px\" \/>Der Tagesausflug am 05. Februar 2025 f\u00fchrte uns in das Oldtimer Bullimuseum Hannover.<br \/>\nZur Einstimmung auf diesen Besuch kehrten wir in die \u201eLieblingsbar\u201c am Herrenh\u00e4user Markt ein und konnten danach gut gest\u00e4rkt mit der Stra\u00dfenbahn in der Vahrenwalder Stra\u00dfe den Besuch im VWN Bullimuseum beginnen.<br \/>\nIn einer unterhaltsamen F\u00fchrung durch Tobias Twele wurde uns die Entwicklung des Bullis nahegebracht.<br \/>\nEs begann 1946 mit einem Plattenwagen, der sich zum Bulli weiterentwickelt hat. 1950 lief das erste Fahrzeug vom Band und wurde bis Ende 2013 hergestellt. Die Bezeichnung \u201eBulli\u201c ist gesch\u00fctzt und ein eingetragenes Markenzeichen.<br \/>\nDie Fahrzeugsammlung des Museums umfasst ca. 150 Modelle, u.a. viele kuriose Fahrzeuge, wie z.B. ein Polizei-Radarkontroll-Bulli, einen Schienenbulli, einen Pistenbulli mit Kettenantrieb, einen Bulli, der als H\u00fchnerstall umfunktioniert wurde und einen Bulli, der aus 400.000 Legosteinen erstellt wurde.<br \/>\nMit vielen interessanten Eindr\u00fccken verlie\u00df die Gruppe das Museum.<\/p>\n","protected":false},"excerpt":{"rendered":"<p>von Ingrid Schmidt Der Tagesausflug am 05. Februar 2025 f\u00fchrte uns in das Oldtimer Bullimuseum Hannover. Zur Einstimmung auf diesen Besuch kehrten wir in die \u201eLieblingsbar\u201c am Herrenh\u00e4user Markt ein und konnten danach gut gest\u00e4rkt mit der Stra\u00dfenbahn in der Vahrenwalder Stra\u00dfe den Besuch im VWN Bullimuseum beginnen. In einer unterhaltsamen F\u00fchrung durch Tobias Twele wurde uns die Entwicklung des<span class=\"excerpt-hellip\"> [\u2026]<\/span><\/p>\n","protected":false},"author":2,"featured_media":3258,"comment_status":"open","ping_status":"open","sticky":false,"template":"","format":"standard","meta":{"jetpack_post_was_ever_published":false,"_jetpack_newsletter_access":"","_jetpack_dont_email_post_to_subs":false,"_jetpack_newsletter_tier_id":0,"_jetpack_memberships_contains_paywalled_content":false,"_jetpack_memberships_contains_paid_content":false,"footnotes":"","jetpack_publicize_message":"","jetpack_publicize_feature_enabled":true,"jetpack_social_post_already_shared":true,"jetpack_social_options":{"image_generator_settings":{"template":"highway","default_image_id":0,"font":"","enabled":false},"version":2}},"categories":[1],"tags":[],"class_list":["post-3275","post","type-post","status-publish","format-standard","has-post-thumbnail","hentry","category-allgemein"],"jetpack_publicize_connections":[],"jetpack_featured_media_url":"https:\/\/i0.wp.com\/www.kneipp-garbsen.de\/wp-content\/uploads\/2025\/02\/Ingrid-Schmidt-Bulli-Museum-3-scaled.jpg?fit=2560%2C1484&ssl=1","jetpack_sharing_enabled":true,"_links":{"self":[{"href":"https:\/\/www.kneipp-garbsen.de\/index.php?rest_route=\/wp\/v2\/posts\/3275","targetHints":{"allow":["GET"]}}],"collection":[{"href":"https:\/\/www.kneipp-garbsen.de\/index.php?rest_route=\/wp\/v2\/posts"}],"about":[{"href":"https:\/\/www.kneipp-garbsen.de\/index.php?rest_route=\/wp\/v2\/types\/post"}],"author":[{"embeddable":true,"href":"https:\/\/www.kneipp-garbsen.de\/index.php?rest_route=\/wp\/v2\/users\/2"}],"replies":[{"embeddable":true,"href":"https:\/\/www.kneipp-garbsen.de\/index.php?rest_route=%2Fwp%2Fv2%2Fcomments&post=3275"}],"version-history":[{"count":1,"href":"https:\/\/www.kneipp-garbsen.de\/index.php?rest_route=\/wp\/v2\/posts\/3275\/revisions"}],"predecessor-version":[{"id":3276,"href":"https:\/\/www.kneipp-garbsen.de\/index.php?rest_route=\/wp\/v2\/posts\/3275\/revisions\/3276"}],"wp:featuredmedia":[{"embeddable":true,"href":"https:\/\/www.kneipp-garbsen.de\/index.php?rest_route=\/wp\/v2\/media\/3258"}],"wp:attachment":[{"href":"https:\/\/www.kneipp-garbsen.de\/index.php?rest_route=%2Fwp%2Fv2%2Fmedia&parent=3275"}],"wp:term":[{"taxonomy":"category","embeddable":true,"href":"https:\/\/www.kneipp-garbsen.de\/index.php?rest_route=%2Fwp%2Fv2%2Fcategories&post=3275"},{"taxonomy":"post_tag","embeddable":true,"href":"https:\/\/www.kneipp-garbsen.de\/index.php?rest_route=%2Fwp%2Fv2%2Ftags&post=3275"}],"curies":[{"name":"wp","href":"https:\/\/api.w.org\/{rel}","templated":true}]}}