{"id":3273,"date":"2025-02-07T15:55:24","date_gmt":"2025-02-07T14:55:24","guid":{"rendered":"https:\/\/www.kneipp-garbsen.de\/?p=3273"},"modified":"2025-02-07T15:55:24","modified_gmt":"2025-02-07T14:55:24","slug":"neujahrsempfang-des-kneipp-vereins-2","status":"publish","type":"post","link":"https:\/\/www.kneipp-garbsen.de\/?p=3273","title":{"rendered":"Neujahrsempfang des Kneipp-Vereins"},"content":{"rendered":"<p style=\"text-align: right;\">von Lutz u<img data-recalc-dims=\"1\" loading=\"lazy\" decoding=\"async\" class=\"size-medium wp-image-3261 alignleft\" src=\"https:\/\/i0.wp.com\/www.kneipp-garbsen.de\/wp-content\/uploads\/2025\/02\/Lutz-Lange-Neujahrsempfang-im-Kneipp-Treff-2.jpg?resize=300%2C225&#038;ssl=1\" alt=\"\" width=\"300\" height=\"225\" srcset=\"https:\/\/i0.wp.com\/www.kneipp-garbsen.de\/wp-content\/uploads\/2025\/02\/Lutz-Lange-Neujahrsempfang-im-Kneipp-Treff-2-scaled.jpg?resize=300%2C225&amp;ssl=1 300w, https:\/\/i0.wp.com\/www.kneipp-garbsen.de\/wp-content\/uploads\/2025\/02\/Lutz-Lange-Neujahrsempfang-im-Kneipp-Treff-2-scaled.jpg?resize=1024%2C768&amp;ssl=1 1024w, https:\/\/i0.wp.com\/www.kneipp-garbsen.de\/wp-content\/uploads\/2025\/02\/Lutz-Lange-Neujahrsempfang-im-Kneipp-Treff-2-scaled.jpg?resize=768%2C576&amp;ssl=1 768w, https:\/\/i0.wp.com\/www.kneipp-garbsen.de\/wp-content\/uploads\/2025\/02\/Lutz-Lange-Neujahrsempfang-im-Kneipp-Treff-2-scaled.jpg?resize=1536%2C1152&amp;ssl=1 1536w, https:\/\/i0.wp.com\/www.kneipp-garbsen.de\/wp-content\/uploads\/2025\/02\/Lutz-Lange-Neujahrsempfang-im-Kneipp-Treff-2-scaled.jpg?resize=2048%2C1536&amp;ssl=1 2048w, https:\/\/i0.wp.com\/www.kneipp-garbsen.de\/wp-content\/uploads\/2025\/02\/Lutz-Lange-Neujahrsempfang-im-Kneipp-Treff-2-scaled.jpg?resize=100%2C75&amp;ssl=1 100w, https:\/\/i0.wp.com\/www.kneipp-garbsen.de\/wp-content\/uploads\/2025\/02\/Lutz-Lange-Neujahrsempfang-im-Kneipp-Treff-2-scaled.jpg?resize=480%2C360&amp;ssl=1 480w, https:\/\/i0.wp.com\/www.kneipp-garbsen.de\/wp-content\/uploads\/2025\/02\/Lutz-Lange-Neujahrsempfang-im-Kneipp-Treff-2-scaled.jpg?w=2440&amp;ssl=1 2440w\" sizes=\"auto, (max-width:767px) 300px, 300px\" \/>nd Manuela Lange<\/p>\n<p style=\"text-align: left;\">Inzwischen ist der Neujahrsempfang des Kneipp-Vereins eine sehr geliebte Tradition. Weder die Helfer noch die Teilnehmer haben sich abschrecken lassen, am Morgen des ersten Tages im Jahr zeitig aufzustehen. So war der Empfang sehr gut besucht, wie in jedem Jahr. Vielleicht lockten auch die leckeren Speisen, die angek\u00fcndigt und von vielen Helfern gespendet wurden. Die Begr\u00fc\u00dfungsrede wurde traditionell von Helga gehalten, bevor das reichhaltige Buffet er\u00f6ffnet wurde. Der Sekt zur Begr\u00fc\u00dfung wurde gern angenommen und gemeinsam stie\u00dfen alle Teilnehmer auf das neue Jahr an und w\u00fcnschten sich gegenseitig Gl\u00fcck und Gesundheit. Dann wurde dem kalten Buffet und der hei\u00dfen Suppe zugesprochen und alle Teilnehmer unterhielten sich bestens. Helga gab wieder ein paar humoristische Texte zum Besten und irgendwann gab es auch leckeren Nachtisch \u2013 sozusagen \u201eS\u00fc\u00dfes f\u00fcr alle\u201c. So hat das neue Kneipp-Jahr f\u00fcr sehr gut begonnen. Wir sind gespannt, was es alles bringen wird.<\/p>\n","protected":false},"excerpt":{"rendered":"<p>von Lutz und Manuela Lange Inzwischen ist der Neujahrsempfang des Kneipp-Vereins eine sehr geliebte Tradition. Weder die Helfer noch die Teilnehmer haben sich abschrecken lassen, am Morgen des ersten Tages im Jahr zeitig aufzustehen. So war der Empfang sehr gut besucht, wie in jedem Jahr. Vielleicht lockten auch die leckeren Speisen, die angek\u00fcndigt und von vielen Helfern gespendet wurden. Die<span class=\"excerpt-hellip\"> [\u2026]<\/span><\/p>\n","protected":false},"author":2,"featured_media":3266,"comment_status":"open","ping_status":"open","sticky":false,"template":"","format":"standard","meta":{"jetpack_post_was_ever_published":false,"_jetpack_newsletter_access":"","_jetpack_dont_email_post_to_subs":false,"_jetpack_newsletter_tier_id":0,"_jetpack_memberships_contains_paywalled_content":false,"_jetpack_memberships_contains_paid_content":false,"footnotes":"","jetpack_publicize_message":"","jetpack_publicize_feature_enabled":true,"jetpack_social_post_already_shared":true,"jetpack_social_options":{"image_generator_settings":{"template":"highway","default_image_id":0,"font":"","enabled":false},"version":2}},"categories":[1],"tags":[],"class_list":["post-3273","post","type-post","status-publish","format-standard","has-post-thumbnail","hentry","category-allgemein"],"jetpack_publicize_connections":[],"jetpack_featured_media_url":"https:\/\/i0.wp.com\/www.kneipp-garbsen.de\/wp-content\/uploads\/2025\/02\/Lutz-Lange-Neujahrsempfang-im-Kneipp-Treff-7-scaled.jpg?fit=2560%2C1920&ssl=1","jetpack_sharing_enabled":true,"_links":{"self":[{"href":"https:\/\/www.kneipp-garbsen.de\/index.php?rest_route=\/wp\/v2\/posts\/3273","targetHints":{"allow":["GET"]}}],"collection":[{"href":"https:\/\/www.kneipp-garbsen.de\/index.php?rest_route=\/wp\/v2\/posts"}],"about":[{"href":"https:\/\/www.kneipp-garbsen.de\/index.php?rest_route=\/wp\/v2\/types\/post"}],"author":[{"embeddable":true,"href":"https:\/\/www.kneipp-garbsen.de\/index.php?rest_route=\/wp\/v2\/users\/2"}],"replies":[{"embeddable":true,"href":"https:\/\/www.kneipp-garbsen.de\/index.php?rest_route=%2Fwp%2Fv2%2Fcomments&post=3273"}],"version-history":[{"count":1,"href":"https:\/\/www.kneipp-garbsen.de\/index.php?rest_route=\/wp\/v2\/posts\/3273\/revisions"}],"predecessor-version":[{"id":3274,"href":"https:\/\/www.kneipp-garbsen.de\/index.php?rest_route=\/wp\/v2\/posts\/3273\/revisions\/3274"}],"wp:featuredmedia":[{"embeddable":true,"href":"https:\/\/www.kneipp-garbsen.de\/index.php?rest_route=\/wp\/v2\/media\/3266"}],"wp:attachment":[{"href":"https:\/\/www.kneipp-garbsen.de\/index.php?rest_route=%2Fwp%2Fv2%2Fmedia&parent=3273"}],"wp:term":[{"taxonomy":"category","embeddable":true,"href":"https:\/\/www.kneipp-garbsen.de\/index.php?rest_route=%2Fwp%2Fv2%2Fcategories&post=3273"},{"taxonomy":"post_tag","embeddable":true,"href":"https:\/\/www.kneipp-garbsen.de\/index.php?rest_route=%2Fwp%2Fv2%2Ftags&post=3273"}],"curies":[{"name":"wp","href":"https:\/\/api.w.org\/{rel}","templated":true}]}}