{"id":3231,"date":"2024-12-15T17:40:39","date_gmt":"2024-12-15T16:40:39","guid":{"rendered":"https:\/\/www.kneipp-garbsen.de\/?p=3231"},"modified":"2024-12-15T17:40:39","modified_gmt":"2024-12-15T16:40:39","slug":"besuch-des-weihnachtsmarktes-bremen","status":"publish","type":"post","link":"https:\/\/www.kneipp-garbsen.de\/?p=3231","title":{"rendered":"Besuch des Weihnachtsmarktes  Bremen"},"content":{"rendered":"<p style=\"text-align: right;\">von Ingrid Schmidt<\/p>\n<p style=\"text-align: left;\"><img data-recalc-dims=\"1\" loading=\"lazy\" decoding=\"async\" class=\"size-medium wp-image-3233 alignleft\" src=\"https:\/\/i0.wp.com\/www.kneipp-garbsen.de\/wp-content\/uploads\/2024\/12\/Ingrid-Schmidt-Weihnachtsmarkt-Bremen-02.jpg?resize=300%2C225&#038;ssl=1\" alt=\"\" width=\"300\" height=\"225\" srcset=\"https:\/\/i0.wp.com\/www.kneipp-garbsen.de\/wp-content\/uploads\/2024\/12\/Ingrid-Schmidt-Weihnachtsmarkt-Bremen-02-scaled.jpg?resize=300%2C225&amp;ssl=1 300w, https:\/\/i0.wp.com\/www.kneipp-garbsen.de\/wp-content\/uploads\/2024\/12\/Ingrid-Schmidt-Weihnachtsmarkt-Bremen-02-scaled.jpg?resize=1024%2C768&amp;ssl=1 1024w, https:\/\/i0.wp.com\/www.kneipp-garbsen.de\/wp-content\/uploads\/2024\/12\/Ingrid-Schmidt-Weihnachtsmarkt-Bremen-02-scaled.jpg?resize=768%2C576&amp;ssl=1 768w, https:\/\/i0.wp.com\/www.kneipp-garbsen.de\/wp-content\/uploads\/2024\/12\/Ingrid-Schmidt-Weihnachtsmarkt-Bremen-02-scaled.jpg?resize=1536%2C1152&amp;ssl=1 1536w, https:\/\/i0.wp.com\/www.kneipp-garbsen.de\/wp-content\/uploads\/2024\/12\/Ingrid-Schmidt-Weihnachtsmarkt-Bremen-02-scaled.jpg?resize=2048%2C1536&amp;ssl=1 2048w, https:\/\/i0.wp.com\/www.kneipp-garbsen.de\/wp-content\/uploads\/2024\/12\/Ingrid-Schmidt-Weihnachtsmarkt-Bremen-02-scaled.jpg?resize=100%2C75&amp;ssl=1 100w, https:\/\/i0.wp.com\/www.kneipp-garbsen.de\/wp-content\/uploads\/2024\/12\/Ingrid-Schmidt-Weihnachtsmarkt-Bremen-02-scaled.jpg?resize=480%2C360&amp;ssl=1 480w, https:\/\/i0.wp.com\/www.kneipp-garbsen.de\/wp-content\/uploads\/2024\/12\/Ingrid-Schmidt-Weihnachtsmarkt-Bremen-02-scaled.jpg?w=2440&amp;ssl=1 2440w\" sizes=\"auto, (max-width:767px) 300px, 300px\" \/>Am 27.11. unternahmen 45 Kneippianer eine Fahrt zum Bremer Weihnachtsmarkt. Leider war uns das Wetter nicht hold, es regnete zeitweise. Die beiden G\u00e4stef\u00fchrer, die jeweils eine Gruppe von uns auf einen informativen und unterhaltsamen Spaziergang durch die Altstadt mitgenommen haben, versuchten mit \u201eBremer D\u00f6ntjes\u201c etwas von dem Wetter abzulenken.<br \/>\nBremen wurde 782 erstmals urkundlich erw\u00e4hnt und ist seit 1806 Freistaat. Das pr\u00e4chtige Rathaus und der steinerne Roland sind UNESCO-Kulturerbe. Die weltbekannten Stadtmu-sikanten waren auf dem Rundgang ein beliebtes Fotomotiv. In der B\u00f6ttcherstra\u00dfe, der \u201eheimlichen Hauptstra\u00dfe\u201c vereinen sich Backsteinarchitektur und expressionistische Baukunst zu einem Gesamtwerk. Weiter ging es durch das idyllische und verwinkelte Schnoorviertel. Nach der F\u00fchrung steuerten viele Teilnehmende ein gem\u00fctliches Cafe zum Aufw\u00e4rmen an, um sp\u00e4ter den Weg zum Bus durch durch die jetzt im Lichterglanz erleuchteten Buden und St\u00e4nde fortzusetzen.<\/p>\n","protected":false},"excerpt":{"rendered":"<p>von Ingrid Schmidt Am 27.11. unternahmen 45 Kneippianer eine Fahrt zum Bremer Weihnachtsmarkt. Leider war uns das Wetter nicht hold, es regnete zeitweise. Die beiden G\u00e4stef\u00fchrer, die jeweils eine Gruppe von uns auf einen informativen und unterhaltsamen Spaziergang durch die Altstadt mitgenommen haben, versuchten mit \u201eBremer D\u00f6ntjes\u201c etwas von dem Wetter abzulenken. Bremen wurde 782 erstmals urkundlich erw\u00e4hnt und ist<span class=\"excerpt-hellip\"> [\u2026]<\/span><\/p>\n","protected":false},"author":2,"featured_media":3235,"comment_status":"open","ping_status":"open","sticky":false,"template":"","format":"standard","meta":{"jetpack_post_was_ever_published":false,"_jetpack_newsletter_access":"","_jetpack_dont_email_post_to_subs":false,"_jetpack_newsletter_tier_id":0,"_jetpack_memberships_contains_paywalled_content":false,"_jetpack_memberships_contains_paid_content":false,"footnotes":"","jetpack_publicize_message":"","jetpack_publicize_feature_enabled":true,"jetpack_social_post_already_shared":true,"jetpack_social_options":{"image_generator_settings":{"template":"highway","default_image_id":0,"font":"","enabled":false},"version":2}},"categories":[1],"tags":[],"class_list":["post-3231","post","type-post","status-publish","format-standard","has-post-thumbnail","hentry","category-allgemein"],"jetpack_publicize_connections":[],"jetpack_featured_media_url":"https:\/\/i0.wp.com\/www.kneipp-garbsen.de\/wp-content\/uploads\/2024\/12\/Ingrid-Schmidt-Weihnachtsmarkt-Bremen-04-scaled.jpg?fit=2560%2C1920&ssl=1","jetpack_sharing_enabled":true,"_links":{"self":[{"href":"https:\/\/www.kneipp-garbsen.de\/index.php?rest_route=\/wp\/v2\/posts\/3231","targetHints":{"allow":["GET"]}}],"collection":[{"href":"https:\/\/www.kneipp-garbsen.de\/index.php?rest_route=\/wp\/v2\/posts"}],"about":[{"href":"https:\/\/www.kneipp-garbsen.de\/index.php?rest_route=\/wp\/v2\/types\/post"}],"author":[{"embeddable":true,"href":"https:\/\/www.kneipp-garbsen.de\/index.php?rest_route=\/wp\/v2\/users\/2"}],"replies":[{"embeddable":true,"href":"https:\/\/www.kneipp-garbsen.de\/index.php?rest_route=%2Fwp%2Fv2%2Fcomments&post=3231"}],"version-history":[{"count":1,"href":"https:\/\/www.kneipp-garbsen.de\/index.php?rest_route=\/wp\/v2\/posts\/3231\/revisions"}],"predecessor-version":[{"id":3236,"href":"https:\/\/www.kneipp-garbsen.de\/index.php?rest_route=\/wp\/v2\/posts\/3231\/revisions\/3236"}],"wp:featuredmedia":[{"embeddable":true,"href":"https:\/\/www.kneipp-garbsen.de\/index.php?rest_route=\/wp\/v2\/media\/3235"}],"wp:attachment":[{"href":"https:\/\/www.kneipp-garbsen.de\/index.php?rest_route=%2Fwp%2Fv2%2Fmedia&parent=3231"}],"wp:term":[{"taxonomy":"category","embeddable":true,"href":"https:\/\/www.kneipp-garbsen.de\/index.php?rest_route=%2Fwp%2Fv2%2Fcategories&post=3231"},{"taxonomy":"post_tag","embeddable":true,"href":"https:\/\/www.kneipp-garbsen.de\/index.php?rest_route=%2Fwp%2Fv2%2Ftags&post=3231"}],"curies":[{"name":"wp","href":"https:\/\/api.w.org\/{rel}","templated":true}]}}