{"id":3192,"date":"2024-10-28T17:08:53","date_gmt":"2024-10-28T16:08:53","guid":{"rendered":"https:\/\/www.kneipp-garbsen.de\/?p=3192"},"modified":"2024-10-28T17:10:05","modified_gmt":"2024-10-28T16:10:05","slug":"reise-nach-winnerath","status":"publish","type":"post","link":"https:\/\/www.kneipp-garbsen.de\/?p=3192","title":{"rendered":"Reise nach Winnerath"},"content":{"rendered":"<p style=\"text-align: right;\">von Uta und Manfred Windt<\/p>\n<p><b><img data-recalc-dims=\"1\" loading=\"lazy\" decoding=\"async\" class=\" wp-image-3197 alignleft\" src=\"https:\/\/i0.wp.com\/www.kneipp-garbsen.de\/wp-content\/uploads\/2024\/10\/Uta-Windt-Reise-nach-Winnerath-01.jpg?resize=279%2C372&#038;ssl=1\" alt=\"\" width=\"279\" height=\"372\" srcset=\"https:\/\/i0.wp.com\/www.kneipp-garbsen.de\/wp-content\/uploads\/2024\/10\/Uta-Windt-Reise-nach-Winnerath-01.jpg?resize=225%2C300&amp;ssl=1 225w, https:\/\/i0.wp.com\/www.kneipp-garbsen.de\/wp-content\/uploads\/2024\/10\/Uta-Windt-Reise-nach-Winnerath-01.jpg?resize=768%2C1024&amp;ssl=1 768w, https:\/\/i0.wp.com\/www.kneipp-garbsen.de\/wp-content\/uploads\/2024\/10\/Uta-Windt-Reise-nach-Winnerath-01.jpg?resize=1152%2C1536&amp;ssl=1 1152w, https:\/\/i0.wp.com\/www.kneipp-garbsen.de\/wp-content\/uploads\/2024\/10\/Uta-Windt-Reise-nach-Winnerath-01.jpg?resize=56%2C75&amp;ssl=1 56w, https:\/\/i0.wp.com\/www.kneipp-garbsen.de\/wp-content\/uploads\/2024\/10\/Uta-Windt-Reise-nach-Winnerath-01.jpg?resize=480%2C640&amp;ssl=1 480w, https:\/\/i0.wp.com\/www.kneipp-garbsen.de\/wp-content\/uploads\/2024\/10\/Uta-Windt-Reise-nach-Winnerath-01.jpg?w=1200&amp;ssl=1 1200w\" sizes=\"auto, (max-width:767px) 279px, 279px\" \/>Am 16.09. mit dem Bus nach Luxembourg.<\/b> Eine sehr gute und auch unterhaltsame Stadtf\u00fchrung. Die S\u00e4ule mit dem goldenen Engel erinnert an die Toten des 1. und 2. Weltkrieges. Die Kathedrale bereitet sich schon auf den Papstbesuch am 26.09. vor. \u00dcberall wird geputzt. Vor dem Palast des Gro\u00dfherzogs muss ein Soldat Wache stehen. Der Turm der luxemburgischen Staatsbank l\u00e4sst das Geb\u00e4ude wie ein Schloss aussehen. Busse und Stra\u00dfenbahnen fahren kostenlos.<\/p>\n<p><b>Am 17.09. f\u00fchren wir nach Bonn.<\/b> Wieder eine F\u00fchrung, zuerst durch die arch\u00e4ologische Landesausstellung. Bilder und Fotografien sind der Schwerpunkt. Danach zu Fu\u00df zur Villa Hammerschmidt. Einlass nur mit F\u00fchrung, Anmeldung und Datenvergleich mit dem Personalausweis. Wir stehen dort, wo sonst die Staatsg\u00e4ste empfangen werden. Alle Innenr\u00e4ume sind nicht ver\u00e4ndert worden. Dazu noch ein Hinweis auf die Linie, an der di Soldaten sich aufgestellt hatten. Wir ohne diese. Eine Schlusspause vor der Heimreise im Bistro im Haus der Geschichte.<\/p>\n<p><b>Am 18.09. Reise zur Burg Eltz.<\/b> Alles wieder sehr lehrreich und doch unterhaltsam bei der F\u00fchrung. Die Burg wurde nie erobert und auch im Krieg nicht zerst\u00f6rt. Ich glaube, man hat sich nicht gefunden. Die Schatzkammer rundet alles ab. Weiterfahrt nach Cochem an der Mosel. Und nun auf das Fahrgastschiff zur Fahrt auf der Mosel bis Beilstein. Bei der Fahrt konnte ma<\/p>\n<p>n schauen und sich auch st\u00e4rken mit Speisen und Getr\u00e4nken. In Beilstein durfte jeder selbst bestimmen, wie er den Ort auf sich wirken lassen wollte. Es ist sehr romantisch und auch Filme sind hier gedreht worden.<\/p>\n<p><b>Am 19.09.Reise zum Schloss B\u00fcresheim<\/b> und nach Monreal mit Zwischenstopp in Mayen. Schloss B\u00fcresheim wieder mit guter F\u00fchrung. Es wurde immer erwartet. Der K\u00f6lner Teil ist verfallen und der Trierer Teil ist gut erhalten. Aber der Zugang zur Burg ist Kopfsteinpflaster in h\u00f6chster Form. Jeder, der in der Burg Herrscher war, hat angebaut und erweitert. Ahnentafeln f\u00fcllen eine ganze Wand. Alle Einrichtungen sind noch im Original erhalten. Danach Pause in Mayen. Ohne Stadtf\u00fchrung, aber auch sehr anschauenswert. Nochmals mit dem Bus nach Monreal, mit F\u00fchrung. Der Ort liegt an dem Fl\u00fcsschen Elz. Es gibt zwei Burgen, L\u00f6wenburg, Philipsburg und malerischen Fachwerkh\u00e4usern. Danach noch eine Abschiedspause im historischen Caf\u00e9 \u201ePl\u00fcsch\u201c. Ursprung des Hauses 1744.<\/p>\n<p><img data-recalc-dims=\"1\" loading=\"lazy\" decoding=\"async\" class=\"size-medium wp-image-3194 alignright\" src=\"https:\/\/i0.wp.com\/www.kneipp-garbsen.de\/wp-content\/uploads\/2024\/10\/Uta-Windt-Reise-nach-Winnerath-04.jpg?resize=300%2C225&#038;ssl=1\" alt=\"\" width=\"300\" height=\"225\" srcset=\"https:\/\/i0.wp.com\/www.kneipp-garbsen.de\/wp-content\/uploads\/2024\/10\/Uta-Windt-Reise-nach-Winnerath-04.jpg?resize=300%2C225&amp;ssl=1 300w, https:\/\/i0.wp.com\/www.kneipp-garbsen.de\/wp-content\/uploads\/2024\/10\/Uta-Windt-Reise-nach-Winnerath-04.jpg?resize=1024%2C768&amp;ssl=1 1024w, https:\/\/i0.wp.com\/www.kneipp-garbsen.de\/wp-content\/uploads\/2024\/10\/Uta-Windt-Reise-nach-Winnerath-04.jpg?resize=768%2C576&amp;ssl=1 768w, https:\/\/i0.wp.com\/www.kneipp-garbsen.de\/wp-content\/uploads\/2024\/10\/Uta-Windt-Reise-nach-Winnerath-04.jpg?resize=1536%2C1152&amp;ssl=1 1536w, https:\/\/i0.wp.com\/www.kneipp-garbsen.de\/wp-content\/uploads\/2024\/10\/Uta-Windt-Reise-nach-Winnerath-04.jpg?resize=100%2C75&amp;ssl=1 100w, https:\/\/i0.wp.com\/www.kneipp-garbsen.de\/wp-content\/uploads\/2024\/10\/Uta-Windt-Reise-nach-Winnerath-04.jpg?resize=480%2C360&amp;ssl=1 480w, https:\/\/i0.wp.com\/www.kneipp-garbsen.de\/wp-content\/uploads\/2024\/10\/Uta-Windt-Reise-nach-Winnerath-04.jpg?w=1600&amp;ssl=1 1600w\" sizes=\"auto, (max-width:767px) 300px, 300px\" \/><\/p>\n<p><b>Am 20.09. Reise nach Milbach<\/b> zur Erl\u00f6serkapelle und bis Belgien Limburg. In Milbach eine gute F\u00fchrung in der Kapelle. Auf Befehl Kaiser Wilhelm wurden in Deutschland hundert Kirchen gebaut. Diese ist besonders durch die Mosaike an den W\u00e4nden. Wir durften noch mit (wer wollte und konnte) in den Glockenturm. Es war steil, eng und schwierig. Aber wann kann man sonst so etwas sehen? Weiterfahrt nach Limburg in Belgien. Auch hier wieder eine F\u00fchrung, die historisch sehr wertvoll war. Das Kopfsteinpflaster war auch erneuert und ganz sch\u00f6n beschwerlich. Die Kirche war wegen Renovierung immer geschlossen. Doch ein Gasthof war zum Abschluss ge\u00f6ffnet. Im historischen Ort gab es keine Gesch\u00e4fte. Zur\u00fcck nach Winnerath in der Eiffel.<\/p>\n<p>Wir hatten nur sch\u00f6nes Wetter, sind gesund nach Hause gekommen und haben uns bei Siegfried Verdonk und Familie sehr wohl gef\u00fchlt.<\/p>\n","protected":false},"excerpt":{"rendered":"<p>von Uta und Manfred Windt Am 16.09. mit dem Bus nach Luxembourg. Eine sehr gute und auch unterhaltsame Stadtf\u00fchrung. Die S\u00e4ule mit dem goldenen Engel erinnert an die Toten des 1. und 2. Weltkrieges. Die Kathedrale bereitet sich schon auf den Papstbesuch am 26.09. vor. \u00dcberall wird geputzt. Vor dem Palast des Gro\u00dfherzogs muss ein Soldat Wache stehen. Der Turm<span class=\"excerpt-hellip\"> [\u2026]<\/span><\/p>\n","protected":false},"author":2,"featured_media":3196,"comment_status":"open","ping_status":"open","sticky":false,"template":"","format":"standard","meta":{"jetpack_post_was_ever_published":false,"_jetpack_newsletter_access":"","_jetpack_dont_email_post_to_subs":false,"_jetpack_newsletter_tier_id":0,"_jetpack_memberships_contains_paywalled_content":false,"_jetpack_memberships_contains_paid_content":false,"footnotes":"","jetpack_publicize_message":"","jetpack_publicize_feature_enabled":true,"jetpack_social_post_already_shared":true,"jetpack_social_options":{"image_generator_settings":{"template":"highway","default_image_id":0,"font":"","enabled":false},"version":2}},"categories":[1],"tags":[],"class_list":["post-3192","post","type-post","status-publish","format-standard","has-post-thumbnail","hentry","category-allgemein"],"jetpack_publicize_connections":[],"jetpack_featured_media_url":"https:\/\/i0.wp.com\/www.kneipp-garbsen.de\/wp-content\/uploads\/2024\/10\/Uta-Windt-Reise-nach-Winnerath-02.jpg?fit=1600%2C1200&ssl=1","jetpack_sharing_enabled":true,"_links":{"self":[{"href":"https:\/\/www.kneipp-garbsen.de\/index.php?rest_route=\/wp\/v2\/posts\/3192","targetHints":{"allow":["GET"]}}],"collection":[{"href":"https:\/\/www.kneipp-garbsen.de\/index.php?rest_route=\/wp\/v2\/posts"}],"about":[{"href":"https:\/\/www.kneipp-garbsen.de\/index.php?rest_route=\/wp\/v2\/types\/post"}],"author":[{"embeddable":true,"href":"https:\/\/www.kneipp-garbsen.de\/index.php?rest_route=\/wp\/v2\/users\/2"}],"replies":[{"embeddable":true,"href":"https:\/\/www.kneipp-garbsen.de\/index.php?rest_route=%2Fwp%2Fv2%2Fcomments&post=3192"}],"version-history":[{"count":3,"href":"https:\/\/www.kneipp-garbsen.de\/index.php?rest_route=\/wp\/v2\/posts\/3192\/revisions"}],"predecessor-version":[{"id":3200,"href":"https:\/\/www.kneipp-garbsen.de\/index.php?rest_route=\/wp\/v2\/posts\/3192\/revisions\/3200"}],"wp:featuredmedia":[{"embeddable":true,"href":"https:\/\/www.kneipp-garbsen.de\/index.php?rest_route=\/wp\/v2\/media\/3196"}],"wp:attachment":[{"href":"https:\/\/www.kneipp-garbsen.de\/index.php?rest_route=%2Fwp%2Fv2%2Fmedia&parent=3192"}],"wp:term":[{"taxonomy":"category","embeddable":true,"href":"https:\/\/www.kneipp-garbsen.de\/index.php?rest_route=%2Fwp%2Fv2%2Fcategories&post=3192"},{"taxonomy":"post_tag","embeddable":true,"href":"https:\/\/www.kneipp-garbsen.de\/index.php?rest_route=%2Fwp%2Fv2%2Ftags&post=3192"}],"curies":[{"name":"wp","href":"https:\/\/api.w.org\/{rel}","templated":true}]}}