{"id":3069,"date":"2024-05-25T12:16:59","date_gmt":"2024-05-25T10:16:59","guid":{"rendered":"https:\/\/www.kneipp-garbsen.de\/?p=3069"},"modified":"2024-05-25T12:16:59","modified_gmt":"2024-05-25T10:16:59","slug":"bergwandern-im-fruehling","status":"publish","type":"post","link":"https:\/\/www.kneipp-garbsen.de\/?p=3069","title":{"rendered":"Bergwandern im Fr\u00fchling"},"content":{"rendered":"<p>von Silvia M\u00fcnkel<\/p>\n<p><img data-recalc-dims=\"1\" loading=\"lazy\" decoding=\"async\" class=\"size-medium wp-image-3057 alignright\" src=\"https:\/\/i0.wp.com\/www.kneipp-garbsen.de\/wp-content\/uploads\/2024\/05\/Silvia-Muenkel-Bergwanderung-3.jpg?resize=187%2C300&#038;ssl=1\" alt=\"\" width=\"187\" height=\"300\" srcset=\"https:\/\/i0.wp.com\/www.kneipp-garbsen.de\/wp-content\/uploads\/2024\/05\/Silvia-Muenkel-Bergwanderung-3.jpg?resize=187%2C300&amp;ssl=1 187w, https:\/\/i0.wp.com\/www.kneipp-garbsen.de\/wp-content\/uploads\/2024\/05\/Silvia-Muenkel-Bergwanderung-3.jpg?resize=639%2C1024&amp;ssl=1 639w, https:\/\/i0.wp.com\/www.kneipp-garbsen.de\/wp-content\/uploads\/2024\/05\/Silvia-Muenkel-Bergwanderung-3.jpg?resize=91%2C146&amp;ssl=1 91w, https:\/\/i0.wp.com\/www.kneipp-garbsen.de\/wp-content\/uploads\/2024\/05\/Silvia-Muenkel-Bergwanderung-3.jpg?resize=31%2C50&amp;ssl=1 31w, https:\/\/i0.wp.com\/www.kneipp-garbsen.de\/wp-content\/uploads\/2024\/05\/Silvia-Muenkel-Bergwanderung-3.jpg?resize=47%2C75&amp;ssl=1 47w, https:\/\/i0.wp.com\/www.kneipp-garbsen.de\/wp-content\/uploads\/2024\/05\/Silvia-Muenkel-Bergwanderung-3.jpg?w=691&amp;ssl=1 691w\" sizes=\"auto, (max-width:767px) 187px, 187px\" \/>Nienstedt, die Perle im Deister, umgeben von H\u00fcgeln und Wald. Durch das liebliche Wal-terbachtal pl\u00e4tschert ein k\u00fchles Fl\u00fcsschen, begleitet von duftendem B\u00e4rlauch. Die Sonne strahlt, wei\u00dfe Schlehenhecken und bl\u00fchende Apfelb\u00e4ume s\u00e4umen die gelben Rapsfelder. Begeistert schauen wir in das wunderbare Deister-S\u00fcnteltal. Nach einem P\u00e4uschen nah-men wir die letzte Etappe, den Hasselberg, noch einmal den Panoramaweg entlang und schon waren 14 km geschafft.<br \/>\nPeggys Bemerkung am B\u00e4chlein: \u201eEin Bach ohne Wassertreten geht \u00fcberhaupt nicht!\u201c<br \/>\nViele liebe Gr\u00fc\u00dfe an ein cooles Team. Vielleicht sehen wir uns zur Laubf\u00e4rbung bei einer Herbstwanderung wieder.<\/p>\n<p>&nbsp;<\/p>\n","protected":false},"excerpt":{"rendered":"<p>von Silvia M\u00fcnkel Nienstedt, die Perle im Deister, umgeben von H\u00fcgeln und Wald. Durch das liebliche Wal-terbachtal pl\u00e4tschert ein k\u00fchles Fl\u00fcsschen, begleitet von duftendem B\u00e4rlauch. Die Sonne strahlt, wei\u00dfe Schlehenhecken und bl\u00fchende Apfelb\u00e4ume s\u00e4umen die gelben Rapsfelder. Begeistert schauen wir in das wunderbare Deister-S\u00fcnteltal. Nach einem P\u00e4uschen nah-men wir die letzte Etappe, den Hasselberg, noch einmal den Panoramaweg entlang und<span class=\"excerpt-hellip\"> [\u2026]<\/span><\/p>\n","protected":false},"author":2,"featured_media":3056,"comment_status":"open","ping_status":"open","sticky":false,"template":"","format":"standard","meta":{"jetpack_post_was_ever_published":false,"_jetpack_newsletter_access":"","_jetpack_dont_email_post_to_subs":false,"_jetpack_newsletter_tier_id":0,"_jetpack_memberships_contains_paywalled_content":false,"_jetpack_memberships_contains_paid_content":false,"footnotes":"","jetpack_publicize_message":"","jetpack_publicize_feature_enabled":true,"jetpack_social_post_already_shared":true,"jetpack_social_options":{"image_generator_settings":{"template":"highway","default_image_id":0,"font":"","enabled":false},"version":2}},"categories":[1],"tags":[],"class_list":["post-3069","post","type-post","status-publish","format-standard","has-post-thumbnail","hentry","category-allgemein"],"jetpack_publicize_connections":[],"jetpack_featured_media_url":"https:\/\/i0.wp.com\/www.kneipp-garbsen.de\/wp-content\/uploads\/2024\/05\/Silvia-Muenkel-Bergwanderung-1-scaled.jpg?fit=2560%2C2123&ssl=1","jetpack_sharing_enabled":true,"_links":{"self":[{"href":"https:\/\/www.kneipp-garbsen.de\/index.php?rest_route=\/wp\/v2\/posts\/3069","targetHints":{"allow":["GET"]}}],"collection":[{"href":"https:\/\/www.kneipp-garbsen.de\/index.php?rest_route=\/wp\/v2\/posts"}],"about":[{"href":"https:\/\/www.kneipp-garbsen.de\/index.php?rest_route=\/wp\/v2\/types\/post"}],"author":[{"embeddable":true,"href":"https:\/\/www.kneipp-garbsen.de\/index.php?rest_route=\/wp\/v2\/users\/2"}],"replies":[{"embeddable":true,"href":"https:\/\/www.kneipp-garbsen.de\/index.php?rest_route=%2Fwp%2Fv2%2Fcomments&post=3069"}],"version-history":[{"count":1,"href":"https:\/\/www.kneipp-garbsen.de\/index.php?rest_route=\/wp\/v2\/posts\/3069\/revisions"}],"predecessor-version":[{"id":3070,"href":"https:\/\/www.kneipp-garbsen.de\/index.php?rest_route=\/wp\/v2\/posts\/3069\/revisions\/3070"}],"wp:featuredmedia":[{"embeddable":true,"href":"https:\/\/www.kneipp-garbsen.de\/index.php?rest_route=\/wp\/v2\/media\/3056"}],"wp:attachment":[{"href":"https:\/\/www.kneipp-garbsen.de\/index.php?rest_route=%2Fwp%2Fv2%2Fmedia&parent=3069"}],"wp:term":[{"taxonomy":"category","embeddable":true,"href":"https:\/\/www.kneipp-garbsen.de\/index.php?rest_route=%2Fwp%2Fv2%2Fcategories&post=3069"},{"taxonomy":"post_tag","embeddable":true,"href":"https:\/\/www.kneipp-garbsen.de\/index.php?rest_route=%2Fwp%2Fv2%2Ftags&post=3069"}],"curies":[{"name":"wp","href":"https:\/\/api.w.org\/{rel}","templated":true}]}}