{"id":3063,"date":"2024-05-25T12:04:37","date_gmt":"2024-05-25T10:04:37","guid":{"rendered":"https:\/\/www.kneipp-garbsen.de\/?p=3063"},"modified":"2024-05-25T12:04:37","modified_gmt":"2024-05-25T10:04:37","slug":"das-lauschen-in-der-natur-mit-juergen","status":"publish","type":"post","link":"https:\/\/www.kneipp-garbsen.de\/?p=3063","title":{"rendered":"Das Lauschen in der Natur mit J\u00fcrgen"},"content":{"rendered":"<p style=\"text-align: right;\">von Peggy Ahlborn<\/p>\n<p><img data-recalc-dims=\"1\" loading=\"lazy\" decoding=\"async\" class=\"size-medium wp-image-3054 alignright\" src=\"https:\/\/i0.wp.com\/www.kneipp-garbsen.de\/wp-content\/uploads\/2024\/05\/Peggy-Ahlborn-Vogelstim.2.jpg?resize=300%2C300&#038;ssl=1\" alt=\"\" width=\"300\" height=\"300\" srcset=\"https:\/\/i0.wp.com\/www.kneipp-garbsen.de\/wp-content\/uploads\/2024\/05\/Peggy-Ahlborn-Vogelstim.2.jpg?resize=300%2C300&amp;ssl=1 300w, https:\/\/i0.wp.com\/www.kneipp-garbsen.de\/wp-content\/uploads\/2024\/05\/Peggy-Ahlborn-Vogelstim.2.jpg?resize=150%2C150&amp;ssl=1 150w, https:\/\/i0.wp.com\/www.kneipp-garbsen.de\/wp-content\/uploads\/2024\/05\/Peggy-Ahlborn-Vogelstim.2.jpg?resize=146%2C146&amp;ssl=1 146w, https:\/\/i0.wp.com\/www.kneipp-garbsen.de\/wp-content\/uploads\/2024\/05\/Peggy-Ahlborn-Vogelstim.2.jpg?resize=50%2C50&amp;ssl=1 50w, https:\/\/i0.wp.com\/www.kneipp-garbsen.de\/wp-content\/uploads\/2024\/05\/Peggy-Ahlborn-Vogelstim.2.jpg?resize=75%2C75&amp;ssl=1 75w, https:\/\/i0.wp.com\/www.kneipp-garbsen.de\/wp-content\/uploads\/2024\/05\/Peggy-Ahlborn-Vogelstim.2.jpg?resize=85%2C85&amp;ssl=1 85w, https:\/\/i0.wp.com\/www.kneipp-garbsen.de\/wp-content\/uploads\/2024\/05\/Peggy-Ahlborn-Vogelstim.2.jpg?resize=80%2C80&amp;ssl=1 80w, https:\/\/i0.wp.com\/www.kneipp-garbsen.de\/wp-content\/uploads\/2024\/05\/Peggy-Ahlborn-Vogelstim.2.jpg?w=640&amp;ssl=1 640w\" sizes=\"auto, (max-width:767px) 300px, 300px\" \/>So wie jedes Jahr lud J\u00fcrgen Wasmuth zu seinen Fr\u00fchlingsspazierg\u00e4ngen ein.<br \/>\nBei drei Terminen versammelten sich Mitglieder und G\u00e4ste um J\u00fcrgen, um ihm und sei-nem Wissen zu folgen.<br \/>\nIm Hin\u00fcberschen Garten und im Marienwerder Wald konnte den Vogelstimmen gelauscht werden, und der ein oder andere Fr\u00fchbl\u00fcher war auch noch zu sehen.<br \/>\nVon Zirpzalp \u00fcber die Singdrossel und Meisen, waren auch die M\u00f6nchsgrasm\u00fccke oder Gartengrasm\u00fccke zu h\u00f6ren.<br \/>\nDer ein oder andere tierische S\u00e4nger war mit Gl\u00fcck sogar zusehen.<br \/>\nEinen gro\u00dfen gesundheitlichen Mehrwert hat man nat\u00fcrlich, wenn man fr\u00fch morgens an der frischen klaren Luft bei diesem wunderbaren sch\u00f6nen Gr\u00fcn und dem Aufbl\u00fchen der Natur, sich im Freien aufh\u00e4lt und bewegt. Daf\u00fcr noch einmal vielen Dank an J\u00fcrgen Was-muth.<\/p>\n","protected":false},"excerpt":{"rendered":"<p>von Peggy Ahlborn So wie jedes Jahr lud J\u00fcrgen Wasmuth zu seinen Fr\u00fchlingsspazierg\u00e4ngen ein. Bei drei Terminen versammelten sich Mitglieder und G\u00e4ste um J\u00fcrgen, um ihm und sei-nem Wissen zu folgen. Im Hin\u00fcberschen Garten und im Marienwerder Wald konnte den Vogelstimmen gelauscht werden, und der ein oder andere Fr\u00fchbl\u00fcher war auch noch zu sehen. Von Zirpzalp \u00fcber die Singdrossel und<span class=\"excerpt-hellip\"> [\u2026]<\/span><\/p>\n","protected":false},"author":2,"featured_media":3053,"comment_status":"open","ping_status":"open","sticky":false,"template":"","format":"standard","meta":{"jetpack_post_was_ever_published":false,"_jetpack_newsletter_access":"","_jetpack_dont_email_post_to_subs":false,"_jetpack_newsletter_tier_id":0,"_jetpack_memberships_contains_paywalled_content":false,"_jetpack_memberships_contains_paid_content":false,"footnotes":"","jetpack_publicize_message":"","jetpack_publicize_feature_enabled":true,"jetpack_social_post_already_shared":true,"jetpack_social_options":{"image_generator_settings":{"template":"highway","default_image_id":0,"font":"","enabled":false},"version":2}},"categories":[1],"tags":[],"class_list":["post-3063","post","type-post","status-publish","format-standard","has-post-thumbnail","hentry","category-allgemein"],"jetpack_publicize_connections":[],"jetpack_featured_media_url":"https:\/\/i0.wp.com\/www.kneipp-garbsen.de\/wp-content\/uploads\/2024\/05\/Peggy-Ahlborn-Vogelstim-rotated.jpg?fit=480%2C640&ssl=1","jetpack_sharing_enabled":true,"_links":{"self":[{"href":"https:\/\/www.kneipp-garbsen.de\/index.php?rest_route=\/wp\/v2\/posts\/3063","targetHints":{"allow":["GET"]}}],"collection":[{"href":"https:\/\/www.kneipp-garbsen.de\/index.php?rest_route=\/wp\/v2\/posts"}],"about":[{"href":"https:\/\/www.kneipp-garbsen.de\/index.php?rest_route=\/wp\/v2\/types\/post"}],"author":[{"embeddable":true,"href":"https:\/\/www.kneipp-garbsen.de\/index.php?rest_route=\/wp\/v2\/users\/2"}],"replies":[{"embeddable":true,"href":"https:\/\/www.kneipp-garbsen.de\/index.php?rest_route=%2Fwp%2Fv2%2Fcomments&post=3063"}],"version-history":[{"count":1,"href":"https:\/\/www.kneipp-garbsen.de\/index.php?rest_route=\/wp\/v2\/posts\/3063\/revisions"}],"predecessor-version":[{"id":3064,"href":"https:\/\/www.kneipp-garbsen.de\/index.php?rest_route=\/wp\/v2\/posts\/3063\/revisions\/3064"}],"wp:featuredmedia":[{"embeddable":true,"href":"https:\/\/www.kneipp-garbsen.de\/index.php?rest_route=\/wp\/v2\/media\/3053"}],"wp:attachment":[{"href":"https:\/\/www.kneipp-garbsen.de\/index.php?rest_route=%2Fwp%2Fv2%2Fmedia&parent=3063"}],"wp:term":[{"taxonomy":"category","embeddable":true,"href":"https:\/\/www.kneipp-garbsen.de\/index.php?rest_route=%2Fwp%2Fv2%2Fcategories&post=3063"},{"taxonomy":"post_tag","embeddable":true,"href":"https:\/\/www.kneipp-garbsen.de\/index.php?rest_route=%2Fwp%2Fv2%2Ftags&post=3063"}],"curies":[{"name":"wp","href":"https:\/\/api.w.org\/{rel}","templated":true}]}}