{"id":2928,"date":"2024-01-13T17:27:21","date_gmt":"2024-01-13T16:27:21","guid":{"rendered":"https:\/\/www.kneipp-garbsen.de\/?p=2928"},"modified":"2024-01-13T17:27:21","modified_gmt":"2024-01-13T16:27:21","slug":"reise-nach-friedrichroda-thueringen","status":"publish","type":"post","link":"https:\/\/www.kneipp-garbsen.de\/?p=2928","title":{"rendered":"Reise nach Friedrichroda (Th\u00fcringen)"},"content":{"rendered":"<p><strong>Der Kneippverein unternimmt auch in diesem Jahr wieder eine Kulturreise. Diesmal geht es nach Th\u00fcringen.<\/strong><\/p>\n<p><strong>Reisetermin:<\/strong>\u00a0\u00a0\u00a0 01.09,-06.09.2024<\/p>\n<p><strong>Hotel<\/strong>:\u00a0 Ahorn Berghotel Friedrichroda<br \/>\nMitten im gr\u00fcnen Herzen von Th\u00fcringen hei\u00dfen wir Sie im heilklimatischen Kurort Friedrichroda herzlich willkommen. G\u00f6nnen Sie sich bei direkter Lage im Th\u00fcringer Wald ein Wohlf\u00fchlangebot f\u00fcr jede Altersklasse. Treffen Sie auf echte Th\u00fcringer Originale und genie\u00dfen Kultur und Natur pur.<\/p>\n<p><strong>Hotelkategorie:<\/strong>\u00a0\u00a0\u00a0\u00a0\u00a0\u00a0\u00a0\u00a0\u00a0\u00a0\u00a0\u00a0\u00a0 4 Sterne<\/p>\n<p><strong>Leistungen<\/strong>:\u00a0\u00a0\u00a0\u00a0\u00a0 5 x \u00dcbernachtung im Ahorn Berghotel Friedrichroda<br \/>\n5 x Fr\u00fchst\u00fccksbuffet<br \/>\n5 x Abendessen im hoteleigenen Restaurant<br \/>\nIm Hotel vielseitiges Freizeit- und Abendprogramm<br \/>\n1 x Ganztagesreiseleitung \u201eKultur- und Entdeckungstour\u201c am 02.09. mit Eintritt \u201eMon Plaisir\u201c und \u201eAromatique\u201c<br \/>\n1 x Stadtf\u00fchrung Landeshauptstadt Erfurt am 03.09.<br \/>\n1 x Ganztagesreiseleitung \u201eGr\u00fcnes Th\u00fcringen mit kulinarischen Gen\u00fcssen\u201c mit Eintritt Japanischer Garten<br \/>\nBad Langensalza und Eintritt\/F\u00fchrung im Bratwurstmuseum am 04.09.<br \/>\n1 x Ganztagesreiseleitung Weimar mit Eintritt Schillerhaus oder Goethe-Gartenhaus am 05.09.<br \/>\n1 x Besuch Eisenach auf der Hin- oder R\u00fcckfahrt mit Eintritt ins Lutherhaus oder Wartburg<\/p>\n<p><strong>Reisepreis:<\/strong>\u00a0\u00a0\u00a0\u00a0\u00a0\u00a0 665,- \u20ac (EZ-Zuschlag: 130,- \u20ac pP)<\/p>\n","protected":false},"excerpt":{"rendered":"<p>Der Kneippverein unternimmt auch in diesem Jahr wieder eine Kulturreise. Diesmal geht es nach Th\u00fcringen. Reisetermin:\u00a0\u00a0\u00a0 01.09,-06.09.2024 Hotel:\u00a0 Ahorn Berghotel Friedrichroda Mitten im gr\u00fcnen Herzen von Th\u00fcringen hei\u00dfen wir Sie im heilklimatischen Kurort Friedrichroda herzlich willkommen. G\u00f6nnen Sie sich bei direkter Lage im Th\u00fcringer Wald ein Wohlf\u00fchlangebot f\u00fcr jede Altersklasse. Treffen Sie auf echte Th\u00fcringer Originale und genie\u00dfen Kultur und<span class=\"excerpt-hellip\"> [\u2026]<\/span><\/p>\n","protected":false},"author":2,"featured_media":0,"comment_status":"open","ping_status":"open","sticky":false,"template":"","format":"standard","meta":{"jetpack_post_was_ever_published":false,"_jetpack_newsletter_access":"","_jetpack_dont_email_post_to_subs":false,"_jetpack_newsletter_tier_id":0,"_jetpack_memberships_contains_paywalled_content":false,"_jetpack_memberships_contains_paid_content":false,"footnotes":"","jetpack_publicize_message":"","jetpack_publicize_feature_enabled":true,"jetpack_social_post_already_shared":true,"jetpack_social_options":{"image_generator_settings":{"template":"highway","default_image_id":0,"font":"","enabled":false},"version":2}},"categories":[1],"tags":[],"class_list":["post-2928","post","type-post","status-publish","format-standard","hentry","category-allgemein"],"jetpack_publicize_connections":[],"jetpack_featured_media_url":"","jetpack_sharing_enabled":true,"_links":{"self":[{"href":"https:\/\/www.kneipp-garbsen.de\/index.php?rest_route=\/wp\/v2\/posts\/2928","targetHints":{"allow":["GET"]}}],"collection":[{"href":"https:\/\/www.kneipp-garbsen.de\/index.php?rest_route=\/wp\/v2\/posts"}],"about":[{"href":"https:\/\/www.kneipp-garbsen.de\/index.php?rest_route=\/wp\/v2\/types\/post"}],"author":[{"embeddable":true,"href":"https:\/\/www.kneipp-garbsen.de\/index.php?rest_route=\/wp\/v2\/users\/2"}],"replies":[{"embeddable":true,"href":"https:\/\/www.kneipp-garbsen.de\/index.php?rest_route=%2Fwp%2Fv2%2Fcomments&post=2928"}],"version-history":[{"count":1,"href":"https:\/\/www.kneipp-garbsen.de\/index.php?rest_route=\/wp\/v2\/posts\/2928\/revisions"}],"predecessor-version":[{"id":2929,"href":"https:\/\/www.kneipp-garbsen.de\/index.php?rest_route=\/wp\/v2\/posts\/2928\/revisions\/2929"}],"wp:attachment":[{"href":"https:\/\/www.kneipp-garbsen.de\/index.php?rest_route=%2Fwp%2Fv2%2Fmedia&parent=2928"}],"wp:term":[{"taxonomy":"category","embeddable":true,"href":"https:\/\/www.kneipp-garbsen.de\/index.php?rest_route=%2Fwp%2Fv2%2Fcategories&post=2928"},{"taxonomy":"post_tag","embeddable":true,"href":"https:\/\/www.kneipp-garbsen.de\/index.php?rest_route=%2Fwp%2Fv2%2Ftags&post=2928"}],"curies":[{"name":"wp","href":"https:\/\/api.w.org\/{rel}","templated":true}]}}