{"id":2922,"date":"2023-12-29T13:22:23","date_gmt":"2023-12-29T12:22:23","guid":{"rendered":"https:\/\/www.kneipp-garbsen.de\/?p=2922"},"modified":"2023-12-29T13:23:27","modified_gmt":"2023-12-29T12:23:27","slug":"fahrt-zum-weihnachtsmarkt-osnabrueck","status":"publish","type":"post","link":"https:\/\/www.kneipp-garbsen.de\/?p=2922","title":{"rendered":"Fahrt zum Weihnachtsmarkt Osnabr\u00fcck"},"content":{"rendered":"<p style=\"text-align: right;\">von Ingrid Schmidt<\/p>\n<p>Trotz winterlichen Wetters machten sich doch noch 41 Kneippianer am 29. November 2023 auf den Weg in die Friedensstadt Osnabr\u00fcck zum historischen Weihnachtsmarkt.<br \/>\nGleich nach Ankunft, aufgeteilt in 2 Gruppen, begann die Stadtf\u00fchrung. Erste Station war die Besichtigung des Doms. Seit der Entstehung Osnabr\u00fccks pr\u00e4gt der sp\u00e4tromanische Dom \u201eSt. Peter\u201c die Silhouette der Innenstadt. Das Kuppelgew\u00f6lbe im Mittelteil des dreischiffigen Langhauses ist genauso hoch wie die Pfeiler, die es tragen.<br \/>\n<img data-recalc-dims=\"1\" loading=\"lazy\" decoding=\"async\" class=\"size-medium wp-image-2923 alignright\" src=\"https:\/\/i0.wp.com\/www.kneipp-garbsen.de\/wp-content\/uploads\/2023\/12\/Ingrid-Schmidt-Weihnachtsmarkt-Osnabrueck-02.jpg?resize=300%2C225&#038;ssl=1\" alt=\"\" width=\"300\" height=\"225\" srcset=\"https:\/\/i0.wp.com\/www.kneipp-garbsen.de\/wp-content\/uploads\/2023\/12\/Ingrid-Schmidt-Weihnachtsmarkt-Osnabrueck-02-scaled.jpg?resize=300%2C225&amp;ssl=1 300w, https:\/\/i0.wp.com\/www.kneipp-garbsen.de\/wp-content\/uploads\/2023\/12\/Ingrid-Schmidt-Weihnachtsmarkt-Osnabrueck-02-scaled.jpg?resize=1024%2C768&amp;ssl=1 1024w, https:\/\/i0.wp.com\/www.kneipp-garbsen.de\/wp-content\/uploads\/2023\/12\/Ingrid-Schmidt-Weihnachtsmarkt-Osnabrueck-02-scaled.jpg?resize=768%2C576&amp;ssl=1 768w, https:\/\/i0.wp.com\/www.kneipp-garbsen.de\/wp-content\/uploads\/2023\/12\/Ingrid-Schmidt-Weihnachtsmarkt-Osnabrueck-02-scaled.jpg?resize=1536%2C1152&amp;ssl=1 1536w, https:\/\/i0.wp.com\/www.kneipp-garbsen.de\/wp-content\/uploads\/2023\/12\/Ingrid-Schmidt-Weihnachtsmarkt-Osnabrueck-02-scaled.jpg?resize=2048%2C1536&amp;ssl=1 2048w, https:\/\/i0.wp.com\/www.kneipp-garbsen.de\/wp-content\/uploads\/2023\/12\/Ingrid-Schmidt-Weihnachtsmarkt-Osnabrueck-02-scaled.jpg?resize=195%2C146&amp;ssl=1 195w, https:\/\/i0.wp.com\/www.kneipp-garbsen.de\/wp-content\/uploads\/2023\/12\/Ingrid-Schmidt-Weihnachtsmarkt-Osnabrueck-02-scaled.jpg?resize=50%2C38&amp;ssl=1 50w, https:\/\/i0.wp.com\/www.kneipp-garbsen.de\/wp-content\/uploads\/2023\/12\/Ingrid-Schmidt-Weihnachtsmarkt-Osnabrueck-02-scaled.jpg?resize=100%2C75&amp;ssl=1 100w, https:\/\/i0.wp.com\/www.kneipp-garbsen.de\/wp-content\/uploads\/2023\/12\/Ingrid-Schmidt-Weihnachtsmarkt-Osnabrueck-02-scaled.jpg?w=2440&amp;ssl=1 2440w\" sizes=\"auto, (max-width:767px) 300px, 300px\" \/><\/p>\n<p>Weiter ging es durch den Hexengang, in dem der Stadtf\u00fchrer in unterhaltsamer Weise Eindr\u00fccke aus dem mittelalterlichen Leben aufzeigte.<br \/>\nWir erreichten das Rathaus. In dem Friedenssaal, der am 24. Oktober 1648 Schauplatz f\u00fcr die Aushandlungen des Westf\u00e4lischen Friedensvertrages, der den Drei\u00dfigj\u00e4hrigen Krieg (1618-1648) beendete, informierte der Stadtf\u00fchrer, u.a. wie die Stadt in der heutigen Zeit den Friedenstag feiert.<br \/>\nBeeindruckend war, dass die B\u00e4nke, auf denen sich die Besucher niedergelassen haben, aus Jahrhunderte altem Holz bestehen. Auch die Eingangst\u00fcr des Rathauses stammt aus dem Jahr 1648.<br \/>\nDer Rundgang setzte sich fort durch historische Gassen mit Fachwerkh\u00e4usern, in denen es immer noch Traditionsbetriebe gibt.<br \/>\nNach den vielen Informationen luden die zauberhaft geschm\u00fcckten Buden zum Bummel \u00fcber den Weihnachtsmarkt ein.<br \/>\nDer Fahrer des Busunternehmens Meuter brachte die Ausfl\u00fcgler wohlbehalten wieder nach Garbsen.<\/p>\n","protected":false},"excerpt":{"rendered":"<p>von Ingrid Schmidt Trotz winterlichen Wetters machten sich doch noch 41 Kneippianer am 29. November 2023 auf den Weg in die Friedensstadt Osnabr\u00fcck zum historischen Weihnachtsmarkt. Gleich nach Ankunft, aufgeteilt in 2 Gruppen, begann die Stadtf\u00fchrung. Erste Station war die Besichtigung des Doms. Seit der Entstehung Osnabr\u00fccks pr\u00e4gt der sp\u00e4tromanische Dom \u201eSt. Peter\u201c die Silhouette der Innenstadt. Das Kuppelgew\u00f6lbe im<span class=\"excerpt-hellip\"> [\u2026]<\/span><\/p>\n","protected":false},"author":2,"featured_media":2924,"comment_status":"open","ping_status":"open","sticky":false,"template":"","format":"standard","meta":{"jetpack_post_was_ever_published":false,"_jetpack_newsletter_access":"","_jetpack_dont_email_post_to_subs":false,"_jetpack_newsletter_tier_id":0,"_jetpack_memberships_contains_paywalled_content":false,"_jetpack_memberships_contains_paid_content":false,"footnotes":"","jetpack_publicize_message":"","jetpack_publicize_feature_enabled":true,"jetpack_social_post_already_shared":true,"jetpack_social_options":{"image_generator_settings":{"template":"highway","default_image_id":0,"font":"","enabled":false},"version":2}},"categories":[1],"tags":[],"class_list":["post-2922","post","type-post","status-publish","format-standard","has-post-thumbnail","hentry","category-allgemein"],"jetpack_publicize_connections":[],"jetpack_featured_media_url":"https:\/\/i0.wp.com\/www.kneipp-garbsen.de\/wp-content\/uploads\/2023\/12\/Ingrid-Schmidt-Weihnachtsmarkt-Osnabrueck-01-scaled.jpg?fit=2560%2C1920&ssl=1","jetpack_sharing_enabled":true,"_links":{"self":[{"href":"https:\/\/www.kneipp-garbsen.de\/index.php?rest_route=\/wp\/v2\/posts\/2922","targetHints":{"allow":["GET"]}}],"collection":[{"href":"https:\/\/www.kneipp-garbsen.de\/index.php?rest_route=\/wp\/v2\/posts"}],"about":[{"href":"https:\/\/www.kneipp-garbsen.de\/index.php?rest_route=\/wp\/v2\/types\/post"}],"author":[{"embeddable":true,"href":"https:\/\/www.kneipp-garbsen.de\/index.php?rest_route=\/wp\/v2\/users\/2"}],"replies":[{"embeddable":true,"href":"https:\/\/www.kneipp-garbsen.de\/index.php?rest_route=%2Fwp%2Fv2%2Fcomments&post=2922"}],"version-history":[{"count":2,"href":"https:\/\/www.kneipp-garbsen.de\/index.php?rest_route=\/wp\/v2\/posts\/2922\/revisions"}],"predecessor-version":[{"id":2926,"href":"https:\/\/www.kneipp-garbsen.de\/index.php?rest_route=\/wp\/v2\/posts\/2922\/revisions\/2926"}],"wp:featuredmedia":[{"embeddable":true,"href":"https:\/\/www.kneipp-garbsen.de\/index.php?rest_route=\/wp\/v2\/media\/2924"}],"wp:attachment":[{"href":"https:\/\/www.kneipp-garbsen.de\/index.php?rest_route=%2Fwp%2Fv2%2Fmedia&parent=2922"}],"wp:term":[{"taxonomy":"category","embeddable":true,"href":"https:\/\/www.kneipp-garbsen.de\/index.php?rest_route=%2Fwp%2Fv2%2Fcategories&post=2922"},{"taxonomy":"post_tag","embeddable":true,"href":"https:\/\/www.kneipp-garbsen.de\/index.php?rest_route=%2Fwp%2Fv2%2Ftags&post=2922"}],"curies":[{"name":"wp","href":"https:\/\/api.w.org\/{rel}","templated":true}]}}