{"id":2900,"date":"2023-10-09T18:11:41","date_gmt":"2023-10-09T16:11:41","guid":{"rendered":"https:\/\/www.kneipp-garbsen.de\/?p=2900"},"modified":"2023-10-09T18:11:41","modified_gmt":"2023-10-09T16:11:41","slug":"feier-zur-schliessung-der-wassertretanlage","status":"publish","type":"post","link":"https:\/\/www.kneipp-garbsen.de\/?p=2900","title":{"rendered":"Feier zur Schlie\u00dfung der Wassertretanlage"},"content":{"rendered":"<p>von Lutz Lange<\/p>\n<p><img data-recalc-dims=\"1\" loading=\"lazy\" decoding=\"async\" class=\" wp-image-2890 alignright\" src=\"https:\/\/i0.wp.com\/www.kneipp-garbsen.de\/wp-content\/uploads\/2023\/10\/Lutz-Lange-Schliessung-WTA-5.jpg?resize=395%2C296&#038;ssl=1\" alt=\"\" width=\"395\" height=\"296\" srcset=\"https:\/\/i0.wp.com\/www.kneipp-garbsen.de\/wp-content\/uploads\/2023\/10\/Lutz-Lange-Schliessung-WTA-5-scaled.jpg?resize=300%2C225&amp;ssl=1 300w, https:\/\/i0.wp.com\/www.kneipp-garbsen.de\/wp-content\/uploads\/2023\/10\/Lutz-Lange-Schliessung-WTA-5-scaled.jpg?resize=1024%2C768&amp;ssl=1 1024w, https:\/\/i0.wp.com\/www.kneipp-garbsen.de\/wp-content\/uploads\/2023\/10\/Lutz-Lange-Schliessung-WTA-5-scaled.jpg?resize=768%2C576&amp;ssl=1 768w, https:\/\/i0.wp.com\/www.kneipp-garbsen.de\/wp-content\/uploads\/2023\/10\/Lutz-Lange-Schliessung-WTA-5-scaled.jpg?resize=1536%2C1152&amp;ssl=1 1536w, https:\/\/i0.wp.com\/www.kneipp-garbsen.de\/wp-content\/uploads\/2023\/10\/Lutz-Lange-Schliessung-WTA-5-scaled.jpg?resize=2048%2C1536&amp;ssl=1 2048w, https:\/\/i0.wp.com\/www.kneipp-garbsen.de\/wp-content\/uploads\/2023\/10\/Lutz-Lange-Schliessung-WTA-5-scaled.jpg?resize=195%2C146&amp;ssl=1 195w, https:\/\/i0.wp.com\/www.kneipp-garbsen.de\/wp-content\/uploads\/2023\/10\/Lutz-Lange-Schliessung-WTA-5-scaled.jpg?resize=50%2C38&amp;ssl=1 50w, https:\/\/i0.wp.com\/www.kneipp-garbsen.de\/wp-content\/uploads\/2023\/10\/Lutz-Lange-Schliessung-WTA-5-scaled.jpg?resize=100%2C75&amp;ssl=1 100w, https:\/\/i0.wp.com\/www.kneipp-garbsen.de\/wp-content\/uploads\/2023\/10\/Lutz-Lange-Schliessung-WTA-5-scaled.jpg?w=2440&amp;ssl=1 2440w\" sizes=\"auto, (max-width:767px) 395px, 395px\" \/><br \/>\nTrotz der regnerischen Wettervorhersage blieb das Wetter am Samstag w\u00e4hrend der Veranstaltung am Stadtpark trocken und recht mild, obwohl sich die Sonne nicht blicken lie\u00df. Kneippianer und G\u00e4ste, unter anderem auch der amtierende B\u00fcrgermeister der Stadt Garbsen, Claudio Provenzano, versammelten sich p\u00fcnktlich an der Wassertretanlage. Flei\u00dfige Helfer hatten alles vorbereitet und wegen der d\u00fcsteren Wetterprognose auch zwei Pavillons aufgebaut. Das umfangreiche Kuchenbuffet, mit Kaffee, Tee und weiteren Getr\u00e4nken lud zum zweiten Fr\u00fchst\u00fcck ein und an der Boule-Anlage war der Grill f\u00fcr das Mittagessen vorbereitet. Gleich zu Beginn startete das Bouleturnier. Nach der Begr\u00fc\u00dfungsansprache der ersten Vorsitzenden, sprach auch der B\u00fcrgermeister und danach wurde die Wassertretanlage noch ein letztes Mal \u2013 in diesem Jahr \u2013 durch viele Kneippianer und durch die G\u00e4ste benutzt.<\/p>\n<p>Zu diesem Anlass wurde auch ein Bouleturnier auf der Anlage neben dem Wassertretbecken veranstaltet. Dar\u00fcber hat Raimund Dehmlow einen eigenen Beitrag verfasst, den Ihr <a href=\"https:\/\/www.kneipp-garbsen.de\/?p=2896\">hier<\/a> findet.<\/p>\n","protected":false},"excerpt":{"rendered":"<p>von Lutz Lange Trotz der regnerischen Wettervorhersage blieb das Wetter am Samstag w\u00e4hrend der Veranstaltung am Stadtpark trocken und recht mild, obwohl sich die Sonne nicht blicken lie\u00df. Kneippianer und G\u00e4ste, unter anderem auch der amtierende B\u00fcrgermeister der Stadt Garbsen, Claudio Provenzano, versammelten sich p\u00fcnktlich an der Wassertretanlage. Flei\u00dfige Helfer hatten alles vorbereitet und wegen der d\u00fcsteren Wetterprognose auch zwei<span class=\"excerpt-hellip\"> [\u2026]<\/span><\/p>\n","protected":false},"author":2,"featured_media":2889,"comment_status":"open","ping_status":"open","sticky":false,"template":"","format":"standard","meta":{"jetpack_post_was_ever_published":false,"_jetpack_newsletter_access":"","_jetpack_dont_email_post_to_subs":false,"_jetpack_newsletter_tier_id":0,"_jetpack_memberships_contains_paywalled_content":false,"_jetpack_memberships_contains_paid_content":false,"footnotes":"","jetpack_publicize_message":"","jetpack_publicize_feature_enabled":true,"jetpack_social_post_already_shared":true,"jetpack_social_options":{"image_generator_settings":{"template":"highway","default_image_id":0,"font":"","enabled":false},"version":2}},"categories":[1],"tags":[],"class_list":["post-2900","post","type-post","status-publish","format-standard","has-post-thumbnail","hentry","category-allgemein"],"jetpack_publicize_connections":[],"jetpack_featured_media_url":"https:\/\/i0.wp.com\/www.kneipp-garbsen.de\/wp-content\/uploads\/2023\/10\/Lutz-Lange-Schliessung-WTA-3-scaled.jpg?fit=2560%2C1920&ssl=1","jetpack_sharing_enabled":true,"_links":{"self":[{"href":"https:\/\/www.kneipp-garbsen.de\/index.php?rest_route=\/wp\/v2\/posts\/2900","targetHints":{"allow":["GET"]}}],"collection":[{"href":"https:\/\/www.kneipp-garbsen.de\/index.php?rest_route=\/wp\/v2\/posts"}],"about":[{"href":"https:\/\/www.kneipp-garbsen.de\/index.php?rest_route=\/wp\/v2\/types\/post"}],"author":[{"embeddable":true,"href":"https:\/\/www.kneipp-garbsen.de\/index.php?rest_route=\/wp\/v2\/users\/2"}],"replies":[{"embeddable":true,"href":"https:\/\/www.kneipp-garbsen.de\/index.php?rest_route=%2Fwp%2Fv2%2Fcomments&post=2900"}],"version-history":[{"count":1,"href":"https:\/\/www.kneipp-garbsen.de\/index.php?rest_route=\/wp\/v2\/posts\/2900\/revisions"}],"predecessor-version":[{"id":2901,"href":"https:\/\/www.kneipp-garbsen.de\/index.php?rest_route=\/wp\/v2\/posts\/2900\/revisions\/2901"}],"wp:featuredmedia":[{"embeddable":true,"href":"https:\/\/www.kneipp-garbsen.de\/index.php?rest_route=\/wp\/v2\/media\/2889"}],"wp:attachment":[{"href":"https:\/\/www.kneipp-garbsen.de\/index.php?rest_route=%2Fwp%2Fv2%2Fmedia&parent=2900"}],"wp:term":[{"taxonomy":"category","embeddable":true,"href":"https:\/\/www.kneipp-garbsen.de\/index.php?rest_route=%2Fwp%2Fv2%2Fcategories&post=2900"},{"taxonomy":"post_tag","embeddable":true,"href":"https:\/\/www.kneipp-garbsen.de\/index.php?rest_route=%2Fwp%2Fv2%2Ftags&post=2900"}],"curies":[{"name":"wp","href":"https:\/\/api.w.org\/{rel}","templated":true}]}}