{"id":2877,"date":"2023-09-28T21:13:17","date_gmt":"2023-09-28T19:13:17","guid":{"rendered":"https:\/\/www.kneipp-garbsen.de\/?p=2877"},"modified":"2023-09-28T21:13:17","modified_gmt":"2023-09-28T19:13:17","slug":"reise-nach-beilngries-im-altmuehltal","status":"publish","type":"post","link":"https:\/\/www.kneipp-garbsen.de\/?p=2877","title":{"rendered":"Reise nach Beilngries im Altm\u00fchltal"},"content":{"rendered":"<p style=\"text-align: right;\">von Lutz und Manuela Lange<\/p>\n<p style=\"text-align: left;\"><img data-recalc-dims=\"1\" loading=\"lazy\" decoding=\"async\" class=\"size-medium wp-image-2835 alignleft\" src=\"https:\/\/i0.wp.com\/www.kneipp-garbsen.de\/wp-content\/uploads\/2023\/09\/Altmuehltal-Reise-01.jpg?resize=300%2C225&#038;ssl=1\" alt=\"\" width=\"300\" height=\"225\" srcset=\"https:\/\/i0.wp.com\/www.kneipp-garbsen.de\/wp-content\/uploads\/2023\/09\/Altmuehltal-Reise-01-scaled.jpg?resize=300%2C225&amp;ssl=1 300w, https:\/\/i0.wp.com\/www.kneipp-garbsen.de\/wp-content\/uploads\/2023\/09\/Altmuehltal-Reise-01-scaled.jpg?resize=1024%2C768&amp;ssl=1 1024w, https:\/\/i0.wp.com\/www.kneipp-garbsen.de\/wp-content\/uploads\/2023\/09\/Altmuehltal-Reise-01-scaled.jpg?resize=768%2C576&amp;ssl=1 768w, https:\/\/i0.wp.com\/www.kneipp-garbsen.de\/wp-content\/uploads\/2023\/09\/Altmuehltal-Reise-01-scaled.jpg?resize=1536%2C1152&amp;ssl=1 1536w, https:\/\/i0.wp.com\/www.kneipp-garbsen.de\/wp-content\/uploads\/2023\/09\/Altmuehltal-Reise-01-scaled.jpg?resize=2048%2C1536&amp;ssl=1 2048w, https:\/\/i0.wp.com\/www.kneipp-garbsen.de\/wp-content\/uploads\/2023\/09\/Altmuehltal-Reise-01-scaled.jpg?resize=195%2C146&amp;ssl=1 195w, https:\/\/i0.wp.com\/www.kneipp-garbsen.de\/wp-content\/uploads\/2023\/09\/Altmuehltal-Reise-01-scaled.jpg?resize=50%2C38&amp;ssl=1 50w, https:\/\/i0.wp.com\/www.kneipp-garbsen.de\/wp-content\/uploads\/2023\/09\/Altmuehltal-Reise-01-scaled.jpg?resize=100%2C75&amp;ssl=1 100w, https:\/\/i0.wp.com\/www.kneipp-garbsen.de\/wp-content\/uploads\/2023\/09\/Altmuehltal-Reise-01-scaled.jpg?w=2440&amp;ssl=1 2440w\" sizes=\"auto, (max-width:767px) 300px, 300px\" \/>Was f\u00fcr eine Reise. Nach den erfolgreichen Reisen in den Spessart und nach Sachsen wurden W\u00fcnsche von vielen Teilnehmern ge\u00e4u\u00dfert, eine weitere Reise zu planen. Nat\u00fcrlich konnte sich Manuela dem nicht verschlie\u00dfen und suchte eine Tour nach Bayern aus. Das Altm\u00fchltal ist landschaftlich sehr sch\u00f6n gelegen und bietet aber auch viele Sehensw\u00fcrdigkeiten. Das Hotel \u201eFuchsbr\u00e4u\u201c in Beilngries erwartete uns f\u00fcr die Zeit vom 22.09. bis 28.09.2023. Dass sich das Hotel \u201eFuchsbr\u00e4u\u201c nennt, unterstreicht die Tatsache, dass, gef\u00fchlt, jede Gastlichkeit in Bayern mit einer eigenen Brauerei schm\u00fcckt. Aber bayrisches Bier ist nicht der Zweck unserer Reise. Zweck ist es, viele neue Eindr\u00fccke zu erleben und sich an frischer Luft zu bewegen. Und das taten wir, insgesamt 38 Teilnehmer, in den Tagen unseres Aufenthaltes nur zur Gen\u00fcge. Ganz im kneippschen Sinne.<br \/>\nDurch die kluge Streckenauswahl unseres Busfahrers Uwe, kamen wir sehr schnell und ohne Staus an unserem Ziel an und konnten gleich die Zimmer beziehen.<br \/>\nAm ersten Tag f\u00fchrte uns unserer \u00f6rtlicher Stadt- und Landschaftsf\u00fchrer Rudi durch das untere Altm\u00fchltal und erkl\u00e4rte einiges Interessante \u00fcber die Geologie der Landschaft. Die Strecke auf der Donau von Kelheim zum Kloster Weltenburg legten wir mit einem Schiff zur\u00fcck. Auch die Befreiungshalle von Kelheim geh\u00f6rte zu den besichtigten Sehensw\u00fcrdigkeiten. Die Befreiungshalle dient als Mahnmal f\u00fcr die Befreiung von Napoleon, also die V\u00f6lkerschlacht bei Leipzig. Und das, obwohl die Bayern dort \u00fcberhaupt nicht teilgenommen hatten.<br \/>\nDer zweite Tag f\u00fchrte uns nach Regensburg mit einer sehr informativen Stadtf\u00fchrung und einem Besuch des k\u00f6l\u2026 quatsch, des Regensburger Doms mit seiner beeindruckenden Orgel, die an vier Stahlseilen h\u00e4ngt.<img data-recalc-dims=\"1\" loading=\"lazy\" decoding=\"async\" class=\"size-medium wp-image-2864 alignright\" src=\"https:\/\/i0.wp.com\/www.kneipp-garbsen.de\/wp-content\/uploads\/2023\/09\/Altmuehltal-Reise-30.jpg?resize=300%2C225&#038;ssl=1\" alt=\"\" width=\"300\" height=\"225\" srcset=\"https:\/\/i0.wp.com\/www.kneipp-garbsen.de\/wp-content\/uploads\/2023\/09\/Altmuehltal-Reise-30-scaled.jpg?resize=300%2C225&amp;ssl=1 300w, https:\/\/i0.wp.com\/www.kneipp-garbsen.de\/wp-content\/uploads\/2023\/09\/Altmuehltal-Reise-30-scaled.jpg?resize=1024%2C768&amp;ssl=1 1024w, https:\/\/i0.wp.com\/www.kneipp-garbsen.de\/wp-content\/uploads\/2023\/09\/Altmuehltal-Reise-30-scaled.jpg?resize=768%2C576&amp;ssl=1 768w, https:\/\/i0.wp.com\/www.kneipp-garbsen.de\/wp-content\/uploads\/2023\/09\/Altmuehltal-Reise-30-scaled.jpg?resize=1536%2C1152&amp;ssl=1 1536w, https:\/\/i0.wp.com\/www.kneipp-garbsen.de\/wp-content\/uploads\/2023\/09\/Altmuehltal-Reise-30-scaled.jpg?resize=2048%2C1536&amp;ssl=1 2048w, https:\/\/i0.wp.com\/www.kneipp-garbsen.de\/wp-content\/uploads\/2023\/09\/Altmuehltal-Reise-30-scaled.jpg?resize=195%2C146&amp;ssl=1 195w, https:\/\/i0.wp.com\/www.kneipp-garbsen.de\/wp-content\/uploads\/2023\/09\/Altmuehltal-Reise-30-scaled.jpg?resize=50%2C38&amp;ssl=1 50w, https:\/\/i0.wp.com\/www.kneipp-garbsen.de\/wp-content\/uploads\/2023\/09\/Altmuehltal-Reise-30-scaled.jpg?resize=100%2C75&amp;ssl=1 100w, https:\/\/i0.wp.com\/www.kneipp-garbsen.de\/wp-content\/uploads\/2023\/09\/Altmuehltal-Reise-30-scaled.jpg?w=2440&amp;ssl=1 2440w\" sizes=\"auto, (max-width:767px) 300px, 300px\" \/><br \/>\nAm Montag hatten wir \u201efrei\u201c und viele Kneippianer nutzten den sonnigen Tag f\u00fcr Wanderungen in die Umgebung und zu Erkundung der Stadt. Viele Wanderer zeigten stolz ihre gelaufenen Schritte. Und das zu Recht, da sie zwischen 15 und 25 Tausend Schritte vorweisen konnten. Ich hatte den Erholungstag tats\u00e4chlich zur Erholung genutzt und am neuen Kiebitz und an diesem Reisebericht gearbeitet.<br \/>\nAm vierten Tag begleitete uns unser Guide Rudi nach dem Stadtrundgang durch Beilngries ins obere Altm\u00fchltal. Rudi f\u00fchrte uns durch die Altst\u00e4dte von Eichst\u00e4tt, dem barocken Juwel im Altm\u00fchltal, und Wei\u00dfenburg mit seinen sp\u00e4tmittelalterlichen Fachwerkh\u00e4usern.<br \/>\nMittwoch war der letzte Aufenthaltstag und f\u00fchrte uns nach N\u00f6rdlingen mit seiner 90 Meter hohen sp\u00e4tgotischen Kirchturmspitze St. Georg, seiner vollst\u00e4ndig erhaltenen Stadtmauer und dem Gerberviertel. Auch hier viele historische Einblicke, die uns die Gegenwart erkl\u00e4ren.<br \/>\nAuch die sch\u00f6nste Reise geht zu ende, und um mich selbst hier mal zitieren zu d\u00fcrfen: \u201eDas Ende jeder Reise ist der Beginn der Erinnerung!\u201c<\/p>\n<p><img data-recalc-dims=\"1\" loading=\"lazy\" decoding=\"async\" class=\"wp-image-2842 aligncenter\" src=\"https:\/\/i0.wp.com\/www.kneipp-garbsen.de\/wp-content\/uploads\/2023\/09\/Altmuehltal-Reise-08.jpg?resize=602%2C452&#038;ssl=1\" alt=\"\" width=\"602\" height=\"452\" srcset=\"https:\/\/i0.wp.com\/www.kneipp-garbsen.de\/wp-content\/uploads\/2023\/09\/Altmuehltal-Reise-08-scaled.jpg?resize=300%2C225&amp;ssl=1 300w, https:\/\/i0.wp.com\/www.kneipp-garbsen.de\/wp-content\/uploads\/2023\/09\/Altmuehltal-Reise-08-scaled.jpg?resize=1024%2C768&amp;ssl=1 1024w, https:\/\/i0.wp.com\/www.kneipp-garbsen.de\/wp-content\/uploads\/2023\/09\/Altmuehltal-Reise-08-scaled.jpg?resize=768%2C576&amp;ssl=1 768w, https:\/\/i0.wp.com\/www.kneipp-garbsen.de\/wp-content\/uploads\/2023\/09\/Altmuehltal-Reise-08-scaled.jpg?resize=1536%2C1152&amp;ssl=1 1536w, https:\/\/i0.wp.com\/www.kneipp-garbsen.de\/wp-content\/uploads\/2023\/09\/Altmuehltal-Reise-08-scaled.jpg?resize=2048%2C1536&amp;ssl=1 2048w, https:\/\/i0.wp.com\/www.kneipp-garbsen.de\/wp-content\/uploads\/2023\/09\/Altmuehltal-Reise-08-scaled.jpg?resize=195%2C146&amp;ssl=1 195w, https:\/\/i0.wp.com\/www.kneipp-garbsen.de\/wp-content\/uploads\/2023\/09\/Altmuehltal-Reise-08-scaled.jpg?resize=50%2C38&amp;ssl=1 50w, https:\/\/i0.wp.com\/www.kneipp-garbsen.de\/wp-content\/uploads\/2023\/09\/Altmuehltal-Reise-08-scaled.jpg?resize=100%2C75&amp;ssl=1 100w, https:\/\/i0.wp.com\/www.kneipp-garbsen.de\/wp-content\/uploads\/2023\/09\/Altmuehltal-Reise-08-scaled.jpg?w=2440&amp;ssl=1 2440w\" sizes=\"auto, (max-width:767px) 480px, 602px\" \/><\/p>\n","protected":false},"excerpt":{"rendered":"<p>von Lutz und Manuela Lange Was f\u00fcr eine Reise. Nach den erfolgreichen Reisen in den Spessart und nach Sachsen wurden W\u00fcnsche von vielen Teilnehmern ge\u00e4u\u00dfert, eine weitere Reise zu planen. Nat\u00fcrlich konnte sich Manuela dem nicht verschlie\u00dfen und suchte eine Tour nach Bayern aus. Das Altm\u00fchltal ist landschaftlich sehr sch\u00f6n gelegen und bietet aber auch viele Sehensw\u00fcrdigkeiten. Das Hotel \u201eFuchsbr\u00e4u\u201c<span class=\"excerpt-hellip\"> [\u2026]<\/span><\/p>\n","protected":false},"author":2,"featured_media":2871,"comment_status":"open","ping_status":"open","sticky":false,"template":"","format":"standard","meta":{"jetpack_post_was_ever_published":false,"_jetpack_newsletter_access":"","_jetpack_dont_email_post_to_subs":false,"_jetpack_newsletter_tier_id":0,"_jetpack_memberships_contains_paywalled_content":false,"_jetpack_memberships_contains_paid_content":false,"footnotes":"","jetpack_publicize_message":"","jetpack_publicize_feature_enabled":true,"jetpack_social_post_already_shared":true,"jetpack_social_options":{"image_generator_settings":{"template":"highway","default_image_id":0,"font":"","enabled":false},"version":2}},"categories":[1],"tags":[],"class_list":["post-2877","post","type-post","status-publish","format-standard","has-post-thumbnail","hentry","category-allgemein"],"jetpack_publicize_connections":[],"jetpack_featured_media_url":"https:\/\/i0.wp.com\/www.kneipp-garbsen.de\/wp-content\/uploads\/2023\/09\/Altmuehltal-Reise-37-scaled-e1695928275892.jpg?fit=2560%2C878&ssl=1","jetpack_sharing_enabled":true,"_links":{"self":[{"href":"https:\/\/www.kneipp-garbsen.de\/index.php?rest_route=\/wp\/v2\/posts\/2877","targetHints":{"allow":["GET"]}}],"collection":[{"href":"https:\/\/www.kneipp-garbsen.de\/index.php?rest_route=\/wp\/v2\/posts"}],"about":[{"href":"https:\/\/www.kneipp-garbsen.de\/index.php?rest_route=\/wp\/v2\/types\/post"}],"author":[{"embeddable":true,"href":"https:\/\/www.kneipp-garbsen.de\/index.php?rest_route=\/wp\/v2\/users\/2"}],"replies":[{"embeddable":true,"href":"https:\/\/www.kneipp-garbsen.de\/index.php?rest_route=%2Fwp%2Fv2%2Fcomments&post=2877"}],"version-history":[{"count":1,"href":"https:\/\/www.kneipp-garbsen.de\/index.php?rest_route=\/wp\/v2\/posts\/2877\/revisions"}],"predecessor-version":[{"id":2878,"href":"https:\/\/www.kneipp-garbsen.de\/index.php?rest_route=\/wp\/v2\/posts\/2877\/revisions\/2878"}],"wp:featuredmedia":[{"embeddable":true,"href":"https:\/\/www.kneipp-garbsen.de\/index.php?rest_route=\/wp\/v2\/media\/2871"}],"wp:attachment":[{"href":"https:\/\/www.kneipp-garbsen.de\/index.php?rest_route=%2Fwp%2Fv2%2Fmedia&parent=2877"}],"wp:term":[{"taxonomy":"category","embeddable":true,"href":"https:\/\/www.kneipp-garbsen.de\/index.php?rest_route=%2Fwp%2Fv2%2Fcategories&post=2877"},{"taxonomy":"post_tag","embeddable":true,"href":"https:\/\/www.kneipp-garbsen.de\/index.php?rest_route=%2Fwp%2Fv2%2Ftags&post=2877"}],"curies":[{"name":"wp","href":"https:\/\/api.w.org\/{rel}","templated":true}]}}