{"id":2810,"date":"2023-08-26T15:34:21","date_gmt":"2023-08-26T13:34:21","guid":{"rendered":"https:\/\/www.kneipp-garbsen.de\/?p=2810"},"modified":"2023-08-26T15:34:21","modified_gmt":"2023-08-26T13:34:21","slug":"tagesfahrt-nach-luebeck","status":"publish","type":"post","link":"https:\/\/www.kneipp-garbsen.de\/?p=2810","title":{"rendered":"Tagesfahrt nach L\u00fcbeck"},"content":{"rendered":"<p style=\"text-align: left;\">Am 13. Juni 2023 verbrachten 48 Mitglieder einen erlebnisreichen Tag in der Stadt der Buddenbrooks, des Holstentors und des Marzipans.<img data-recalc-dims=\"1\" loading=\"lazy\" decoding=\"async\" class=\" wp-image-2813 alignright\" src=\"https:\/\/i0.wp.com\/www.kneipp-garbsen.de\/wp-content\/uploads\/2023\/08\/Ingrid-Schmidt-Luebeck-13.06.2023-02.jpg?resize=283%2C212&#038;ssl=1\" alt=\"\" width=\"283\" height=\"212\" srcset=\"https:\/\/i0.wp.com\/www.kneipp-garbsen.de\/wp-content\/uploads\/2023\/08\/Ingrid-Schmidt-Luebeck-13.06.2023-02-scaled.jpg?resize=300%2C225&amp;ssl=1 300w, https:\/\/i0.wp.com\/www.kneipp-garbsen.de\/wp-content\/uploads\/2023\/08\/Ingrid-Schmidt-Luebeck-13.06.2023-02-scaled.jpg?resize=1024%2C768&amp;ssl=1 1024w, https:\/\/i0.wp.com\/www.kneipp-garbsen.de\/wp-content\/uploads\/2023\/08\/Ingrid-Schmidt-Luebeck-13.06.2023-02-scaled.jpg?resize=768%2C576&amp;ssl=1 768w, https:\/\/i0.wp.com\/www.kneipp-garbsen.de\/wp-content\/uploads\/2023\/08\/Ingrid-Schmidt-Luebeck-13.06.2023-02-scaled.jpg?resize=1536%2C1152&amp;ssl=1 1536w, https:\/\/i0.wp.com\/www.kneipp-garbsen.de\/wp-content\/uploads\/2023\/08\/Ingrid-Schmidt-Luebeck-13.06.2023-02-scaled.jpg?resize=2048%2C1536&amp;ssl=1 2048w, https:\/\/i0.wp.com\/www.kneipp-garbsen.de\/wp-content\/uploads\/2023\/08\/Ingrid-Schmidt-Luebeck-13.06.2023-02-scaled.jpg?resize=195%2C146&amp;ssl=1 195w, https:\/\/i0.wp.com\/www.kneipp-garbsen.de\/wp-content\/uploads\/2023\/08\/Ingrid-Schmidt-Luebeck-13.06.2023-02-scaled.jpg?resize=50%2C38&amp;ssl=1 50w, https:\/\/i0.wp.com\/www.kneipp-garbsen.de\/wp-content\/uploads\/2023\/08\/Ingrid-Schmidt-Luebeck-13.06.2023-02-scaled.jpg?resize=100%2C75&amp;ssl=1 100w, https:\/\/i0.wp.com\/www.kneipp-garbsen.de\/wp-content\/uploads\/2023\/08\/Ingrid-Schmidt-Luebeck-13.06.2023-02-scaled.jpg?w=2440&amp;ssl=1 2440w\" sizes=\"auto, (max-width:767px) 283px, 283px\" \/><br \/>\nMit zwei Barkassen wurde die sch\u00f6ne Stadt, einstmals \u201eK\u00f6nigin der Hanse\u201c, von der Wasserseite her erkundet. Die 1st\u00fcndige Fahrt auf der Trave f\u00fchrte \u00fcber den Elbe-L\u00fcbeck-Kanal und dem romantischen Lachswehrgraben vorbei am malerischen Domviertel durch den Stadtgraben, der historischen Verteidigungsanlage.<br \/>\nNach einer Mittagspause war das Highlight des Nachmittags der Besuch im Niederegger-Marzipan-Salon mit 12 lebensgro\u00dfen Pers\u00f6nlichkeiten aus Marzipan. Die Besucher erlebten eine lange Zeitreise, die die Mandelspezialit\u00e4t von ihrem orientalischen Ursprung bis in die Hansestadt an der Trave zur\u00fcckgelegt hat und wurden in der einmaligen Atmosph\u00e4re des Niederegger Caf\u00e8s mit einem St\u00fcck Nusstorte verw\u00f6hnt.<br \/>\nGut gelaunt und zufrieden erreichten die Tagesausfl\u00fcgler am fr\u00fchen Abend wieder Garbsen.<\/p>\n<p style=\"text-align: right;\">von Ingrid Schmidt<img data-recalc-dims=\"1\" loading=\"lazy\" decoding=\"async\" class=\" wp-image-2812 alignleft\" src=\"https:\/\/i0.wp.com\/www.kneipp-garbsen.de\/wp-content\/uploads\/2023\/08\/Ingrid-Schmidt-Luebeck-13.06.2023-03.jpg?resize=505%2C379&#038;ssl=1\" alt=\"\" width=\"505\" height=\"379\" srcset=\"https:\/\/i0.wp.com\/www.kneipp-garbsen.de\/wp-content\/uploads\/2023\/08\/Ingrid-Schmidt-Luebeck-13.06.2023-03-scaled.jpg?resize=300%2C225&amp;ssl=1 300w, https:\/\/i0.wp.com\/www.kneipp-garbsen.de\/wp-content\/uploads\/2023\/08\/Ingrid-Schmidt-Luebeck-13.06.2023-03-scaled.jpg?resize=1024%2C768&amp;ssl=1 1024w, https:\/\/i0.wp.com\/www.kneipp-garbsen.de\/wp-content\/uploads\/2023\/08\/Ingrid-Schmidt-Luebeck-13.06.2023-03-scaled.jpg?resize=768%2C576&amp;ssl=1 768w, https:\/\/i0.wp.com\/www.kneipp-garbsen.de\/wp-content\/uploads\/2023\/08\/Ingrid-Schmidt-Luebeck-13.06.2023-03-scaled.jpg?resize=1536%2C1152&amp;ssl=1 1536w, https:\/\/i0.wp.com\/www.kneipp-garbsen.de\/wp-content\/uploads\/2023\/08\/Ingrid-Schmidt-Luebeck-13.06.2023-03-scaled.jpg?resize=2048%2C1536&amp;ssl=1 2048w, https:\/\/i0.wp.com\/www.kneipp-garbsen.de\/wp-content\/uploads\/2023\/08\/Ingrid-Schmidt-Luebeck-13.06.2023-03-scaled.jpg?resize=195%2C146&amp;ssl=1 195w, https:\/\/i0.wp.com\/www.kneipp-garbsen.de\/wp-content\/uploads\/2023\/08\/Ingrid-Schmidt-Luebeck-13.06.2023-03-scaled.jpg?resize=50%2C38&amp;ssl=1 50w, https:\/\/i0.wp.com\/www.kneipp-garbsen.de\/wp-content\/uploads\/2023\/08\/Ingrid-Schmidt-Luebeck-13.06.2023-03-scaled.jpg?resize=100%2C75&amp;ssl=1 100w, https:\/\/i0.wp.com\/www.kneipp-garbsen.de\/wp-content\/uploads\/2023\/08\/Ingrid-Schmidt-Luebeck-13.06.2023-03-scaled.jpg?w=2440&amp;ssl=1 2440w\" sizes=\"auto, (max-width:767px) 480px, 505px\" \/><\/p>\n","protected":false},"excerpt":{"rendered":"<p>Am 13. Juni 2023 verbrachten 48 Mitglieder einen erlebnisreichen Tag in der Stadt der Buddenbrooks, des Holstentors und des Marzipans. Mit zwei Barkassen wurde die sch\u00f6ne Stadt, einstmals \u201eK\u00f6nigin der Hanse\u201c, von der Wasserseite her erkundet. Die 1st\u00fcndige Fahrt auf der Trave f\u00fchrte \u00fcber den Elbe-L\u00fcbeck-Kanal und dem romantischen Lachswehrgraben vorbei am malerischen Domviertel durch den Stadtgraben, der historischen Verteidigungsanlage.<span class=\"excerpt-hellip\"> [\u2026]<\/span><\/p>\n","protected":false},"author":2,"featured_media":2814,"comment_status":"open","ping_status":"open","sticky":false,"template":"","format":"standard","meta":{"jetpack_post_was_ever_published":false,"_jetpack_newsletter_access":"","_jetpack_dont_email_post_to_subs":false,"_jetpack_newsletter_tier_id":0,"_jetpack_memberships_contains_paywalled_content":false,"_jetpack_memberships_contains_paid_content":false,"footnotes":"","jetpack_publicize_message":"","jetpack_publicize_feature_enabled":true,"jetpack_social_post_already_shared":true,"jetpack_social_options":{"image_generator_settings":{"template":"highway","default_image_id":0,"font":"","enabled":false},"version":2}},"categories":[1],"tags":[],"class_list":["post-2810","post","type-post","status-publish","format-standard","has-post-thumbnail","hentry","category-allgemein"],"jetpack_publicize_connections":[],"jetpack_featured_media_url":"https:\/\/i0.wp.com\/www.kneipp-garbsen.de\/wp-content\/uploads\/2023\/08\/Ingrid-Schmidt-Luebeck-13.06.2023-01-scaled.jpg?fit=2560%2C1772&ssl=1","jetpack_sharing_enabled":true,"_links":{"self":[{"href":"https:\/\/www.kneipp-garbsen.de\/index.php?rest_route=\/wp\/v2\/posts\/2810","targetHints":{"allow":["GET"]}}],"collection":[{"href":"https:\/\/www.kneipp-garbsen.de\/index.php?rest_route=\/wp\/v2\/posts"}],"about":[{"href":"https:\/\/www.kneipp-garbsen.de\/index.php?rest_route=\/wp\/v2\/types\/post"}],"author":[{"embeddable":true,"href":"https:\/\/www.kneipp-garbsen.de\/index.php?rest_route=\/wp\/v2\/users\/2"}],"replies":[{"embeddable":true,"href":"https:\/\/www.kneipp-garbsen.de\/index.php?rest_route=%2Fwp%2Fv2%2Fcomments&post=2810"}],"version-history":[{"count":2,"href":"https:\/\/www.kneipp-garbsen.de\/index.php?rest_route=\/wp\/v2\/posts\/2810\/revisions"}],"predecessor-version":[{"id":2816,"href":"https:\/\/www.kneipp-garbsen.de\/index.php?rest_route=\/wp\/v2\/posts\/2810\/revisions\/2816"}],"wp:featuredmedia":[{"embeddable":true,"href":"https:\/\/www.kneipp-garbsen.de\/index.php?rest_route=\/wp\/v2\/media\/2814"}],"wp:attachment":[{"href":"https:\/\/www.kneipp-garbsen.de\/index.php?rest_route=%2Fwp%2Fv2%2Fmedia&parent=2810"}],"wp:term":[{"taxonomy":"category","embeddable":true,"href":"https:\/\/www.kneipp-garbsen.de\/index.php?rest_route=%2Fwp%2Fv2%2Fcategories&post=2810"},{"taxonomy":"post_tag","embeddable":true,"href":"https:\/\/www.kneipp-garbsen.de\/index.php?rest_route=%2Fwp%2Fv2%2Ftags&post=2810"}],"curies":[{"name":"wp","href":"https:\/\/api.w.org\/{rel}","templated":true}]}}