{"id":2794,"date":"2023-05-24T17:12:14","date_gmt":"2023-05-24T15:12:14","guid":{"rendered":"https:\/\/www.kneipp-garbsen.de\/?p=2794"},"modified":"2023-05-24T17:14:19","modified_gmt":"2023-05-24T15:14:19","slug":"eroeffnung-der-wassertretanlage-und-feier-zum-30-jaehrigen-jubilaeum-des-kneipp-vereins-garbsen","status":"publish","type":"post","link":"https:\/\/www.kneipp-garbsen.de\/?p=2794","title":{"rendered":"Er\u00f6ffnung der Wassertretanlage und Feier zum 30-j\u00e4hrigen Jubil\u00e4um des Kneipp-Vereins Garbsen"},"content":{"rendered":"<p><img data-recalc-dims=\"1\" loading=\"lazy\" decoding=\"async\" class=\"size-medium wp-image-2788 alignleft\" src=\"https:\/\/i0.wp.com\/www.kneipp-garbsen.de\/wp-content\/uploads\/2023\/05\/Peggy-Ahlborn-WTA-Schliessung-2023-3.jpg?resize=225%2C300&#038;ssl=1\" alt=\"\" width=\"225\" height=\"300\" srcset=\"https:\/\/i0.wp.com\/www.kneipp-garbsen.de\/wp-content\/uploads\/2023\/05\/Peggy-Ahlborn-WTA-Schliessung-2023-3-rotated.jpg?resize=225%2C300&amp;ssl=1 225w, https:\/\/i0.wp.com\/www.kneipp-garbsen.de\/wp-content\/uploads\/2023\/05\/Peggy-Ahlborn-WTA-Schliessung-2023-3-rotated.jpg?resize=110%2C146&amp;ssl=1 110w, https:\/\/i0.wp.com\/www.kneipp-garbsen.de\/wp-content\/uploads\/2023\/05\/Peggy-Ahlborn-WTA-Schliessung-2023-3-rotated.jpg?resize=38%2C50&amp;ssl=1 38w, https:\/\/i0.wp.com\/www.kneipp-garbsen.de\/wp-content\/uploads\/2023\/05\/Peggy-Ahlborn-WTA-Schliessung-2023-3-rotated.jpg?resize=56%2C75&amp;ssl=1 56w, https:\/\/i0.wp.com\/www.kneipp-garbsen.de\/wp-content\/uploads\/2023\/05\/Peggy-Ahlborn-WTA-Schliessung-2023-3-rotated.jpg?w=480&amp;ssl=1 480w\" sizes=\"auto, (max-width:767px) 225px, 225px\" \/><\/p>\n<p>Schon Sebastian Kneipp wusste das Wassertreten gesund ist. Mit diesem Wissen hat der Kneippverein Garbsen am Samstag die n\u00e4chste gesunde Saison festlich eingel\u00e4utet.<br \/>\nWassertreten, Armbad, Wildkr\u00e4uterwissen und die Kinder der Kneipp Kita, Nelkenstrasse begeisterten mehr als 60 Besucher.<br \/>\nDer B\u00fcrgermeister Claudio Provenzano nutze auch diese Gelegenheit dem Verein zum 30-j\u00e4hrigen Jubil\u00e4um zu gratulieren und zwei Ehrenamtskarten zu \u00fcberreichen, an Peggy und Jule Ahlborn.<br \/>\nGutes Wetter, gute Laune und das Bewusstsein sich f\u00fcr Gesundheit stark zu machen, lie\u00dfen das Fest ein Erfolg werden.<\/p>\n<p><img data-recalc-dims=\"1\" loading=\"lazy\" decoding=\"async\" class=\"alignnone size-medium wp-image-2787\" src=\"https:\/\/i0.wp.com\/www.kneipp-garbsen.de\/wp-content\/uploads\/2023\/05\/Peggy-Ahlborn-WTA-Schliessung-2023-2.jpg?resize=225%2C300&#038;ssl=1\" alt=\"\" width=\"225\" height=\"300\" srcset=\"https:\/\/i0.wp.com\/www.kneipp-garbsen.de\/wp-content\/uploads\/2023\/05\/Peggy-Ahlborn-WTA-Schliessung-2023-2-rotated.jpg?resize=225%2C300&amp;ssl=1 225w, https:\/\/i0.wp.com\/www.kneipp-garbsen.de\/wp-content\/uploads\/2023\/05\/Peggy-Ahlborn-WTA-Schliessung-2023-2-rotated.jpg?resize=110%2C146&amp;ssl=1 110w, https:\/\/i0.wp.com\/www.kneipp-garbsen.de\/wp-content\/uploads\/2023\/05\/Peggy-Ahlborn-WTA-Schliessung-2023-2-rotated.jpg?resize=38%2C50&amp;ssl=1 38w, https:\/\/i0.wp.com\/www.kneipp-garbsen.de\/wp-content\/uploads\/2023\/05\/Peggy-Ahlborn-WTA-Schliessung-2023-2-rotated.jpg?resize=56%2C75&amp;ssl=1 56w, https:\/\/i0.wp.com\/www.kneipp-garbsen.de\/wp-content\/uploads\/2023\/05\/Peggy-Ahlborn-WTA-Schliessung-2023-2-rotated.jpg?w=480&amp;ssl=1 480w\" sizes=\"auto, (max-width:767px) 225px, 225px\" \/><img data-recalc-dims=\"1\" loading=\"lazy\" decoding=\"async\" class=\"alignnone size-medium wp-image-2782\" src=\"https:\/\/i0.wp.com\/www.kneipp-garbsen.de\/wp-content\/uploads\/2023\/05\/Jenny-Wildkraeuterwanderung-1.jpg?resize=225%2C300&#038;ssl=1\" alt=\"\" width=\"225\" height=\"300\" srcset=\"https:\/\/i0.wp.com\/www.kneipp-garbsen.de\/wp-content\/uploads\/2023\/05\/Jenny-Wildkraeuterwanderung-1-rotated.jpg?resize=225%2C300&amp;ssl=1 225w, https:\/\/i0.wp.com\/www.kneipp-garbsen.de\/wp-content\/uploads\/2023\/05\/Jenny-Wildkraeuterwanderung-1-rotated.jpg?resize=110%2C146&amp;ssl=1 110w, https:\/\/i0.wp.com\/www.kneipp-garbsen.de\/wp-content\/uploads\/2023\/05\/Jenny-Wildkraeuterwanderung-1-rotated.jpg?resize=38%2C50&amp;ssl=1 38w, https:\/\/i0.wp.com\/www.kneipp-garbsen.de\/wp-content\/uploads\/2023\/05\/Jenny-Wildkraeuterwanderung-1-rotated.jpg?resize=56%2C75&amp;ssl=1 56w, https:\/\/i0.wp.com\/www.kneipp-garbsen.de\/wp-content\/uploads\/2023\/05\/Jenny-Wildkraeuterwanderung-1-rotated.jpg?w=480&amp;ssl=1 480w\" sizes=\"auto, (max-width:767px) 225px, 225px\" \/><\/p>\n","protected":false},"excerpt":{"rendered":"<p>Schon Sebastian Kneipp wusste das Wassertreten gesund ist. Mit diesem Wissen hat der Kneippverein Garbsen am Samstag die n\u00e4chste gesunde Saison festlich eingel\u00e4utet. Wassertreten, Armbad, Wildkr\u00e4uterwissen und die Kinder der Kneipp Kita, Nelkenstrasse begeisterten mehr als 60 Besucher. Der B\u00fcrgermeister Claudio Provenzano nutze auch diese Gelegenheit dem Verein zum 30-j\u00e4hrigen Jubil\u00e4um zu gratulieren und zwei Ehrenamtskarten zu \u00fcberreichen, an Peggy<span class=\"excerpt-hellip\"> [\u2026]<\/span><\/p>\n","protected":false},"author":2,"featured_media":2786,"comment_status":"open","ping_status":"open","sticky":false,"template":"","format":"standard","meta":{"jetpack_post_was_ever_published":false,"_jetpack_newsletter_access":"","_jetpack_dont_email_post_to_subs":false,"_jetpack_newsletter_tier_id":0,"_jetpack_memberships_contains_paywalled_content":false,"_jetpack_memberships_contains_paid_content":false,"footnotes":"","jetpack_publicize_message":"","jetpack_publicize_feature_enabled":true,"jetpack_social_post_already_shared":true,"jetpack_social_options":{"image_generator_settings":{"template":"highway","default_image_id":0,"font":"","enabled":false},"version":2}},"categories":[1],"tags":[],"class_list":["post-2794","post","type-post","status-publish","format-standard","has-post-thumbnail","hentry","category-allgemein"],"jetpack_publicize_connections":[],"jetpack_featured_media_url":"https:\/\/i0.wp.com\/www.kneipp-garbsen.de\/wp-content\/uploads\/2023\/05\/Peggy-Ahlborn-WTA-Schliessung-2023-1-rotated-e1684941042228.jpg?fit=480%2C243&ssl=1","jetpack_sharing_enabled":true,"_links":{"self":[{"href":"https:\/\/www.kneipp-garbsen.de\/index.php?rest_route=\/wp\/v2\/posts\/2794","targetHints":{"allow":["GET"]}}],"collection":[{"href":"https:\/\/www.kneipp-garbsen.de\/index.php?rest_route=\/wp\/v2\/posts"}],"about":[{"href":"https:\/\/www.kneipp-garbsen.de\/index.php?rest_route=\/wp\/v2\/types\/post"}],"author":[{"embeddable":true,"href":"https:\/\/www.kneipp-garbsen.de\/index.php?rest_route=\/wp\/v2\/users\/2"}],"replies":[{"embeddable":true,"href":"https:\/\/www.kneipp-garbsen.de\/index.php?rest_route=%2Fwp%2Fv2%2Fcomments&post=2794"}],"version-history":[{"count":4,"href":"https:\/\/www.kneipp-garbsen.de\/index.php?rest_route=\/wp\/v2\/posts\/2794\/revisions"}],"predecessor-version":[{"id":2798,"href":"https:\/\/www.kneipp-garbsen.de\/index.php?rest_route=\/wp\/v2\/posts\/2794\/revisions\/2798"}],"wp:featuredmedia":[{"embeddable":true,"href":"https:\/\/www.kneipp-garbsen.de\/index.php?rest_route=\/wp\/v2\/media\/2786"}],"wp:attachment":[{"href":"https:\/\/www.kneipp-garbsen.de\/index.php?rest_route=%2Fwp%2Fv2%2Fmedia&parent=2794"}],"wp:term":[{"taxonomy":"category","embeddable":true,"href":"https:\/\/www.kneipp-garbsen.de\/index.php?rest_route=%2Fwp%2Fv2%2Fcategories&post=2794"},{"taxonomy":"post_tag","embeddable":true,"href":"https:\/\/www.kneipp-garbsen.de\/index.php?rest_route=%2Fwp%2Fv2%2Ftags&post=2794"}],"curies":[{"name":"wp","href":"https:\/\/api.w.org\/{rel}","templated":true}]}}