{"id":2505,"date":"2022-09-18T21:01:34","date_gmt":"2022-09-18T19:01:34","guid":{"rendered":"https:\/\/www.kneipp-garbsen.de\/?p=2505"},"modified":"2022-09-18T21:06:20","modified_gmt":"2022-09-18T19:06:20","slug":"die-reise-nach-sachsen","status":"publish","type":"post","link":"https:\/\/www.kneipp-garbsen.de\/?p=2505","title":{"rendered":"Die Reise nach Sachsen"},"content":{"rendered":"<p><img data-recalc-dims=\"1\" loading=\"lazy\" decoding=\"async\" class=\" wp-image-2495 alignleft\" src=\"https:\/\/i0.wp.com\/www.kneipp-garbsen.de\/wp-content\/uploads\/2022\/09\/Kneipp-Reise-nach-Sachsen-09-2022-47.jpg?resize=472%2C354&#038;ssl=1\" alt=\"\" width=\"472\" height=\"354\" srcset=\"https:\/\/i0.wp.com\/www.kneipp-garbsen.de\/wp-content\/uploads\/2022\/09\/Kneipp-Reise-nach-Sachsen-09-2022-47-scaled.jpg?resize=300%2C225&amp;ssl=1 300w, https:\/\/i0.wp.com\/www.kneipp-garbsen.de\/wp-content\/uploads\/2022\/09\/Kneipp-Reise-nach-Sachsen-09-2022-47-scaled.jpg?resize=1024%2C768&amp;ssl=1 1024w, https:\/\/i0.wp.com\/www.kneipp-garbsen.de\/wp-content\/uploads\/2022\/09\/Kneipp-Reise-nach-Sachsen-09-2022-47-scaled.jpg?resize=768%2C576&amp;ssl=1 768w, https:\/\/i0.wp.com\/www.kneipp-garbsen.de\/wp-content\/uploads\/2022\/09\/Kneipp-Reise-nach-Sachsen-09-2022-47-scaled.jpg?resize=1536%2C1152&amp;ssl=1 1536w, https:\/\/i0.wp.com\/www.kneipp-garbsen.de\/wp-content\/uploads\/2022\/09\/Kneipp-Reise-nach-Sachsen-09-2022-47-scaled.jpg?resize=2048%2C1536&amp;ssl=1 2048w, https:\/\/i0.wp.com\/www.kneipp-garbsen.de\/wp-content\/uploads\/2022\/09\/Kneipp-Reise-nach-Sachsen-09-2022-47-scaled.jpg?resize=195%2C146&amp;ssl=1 195w, https:\/\/i0.wp.com\/www.kneipp-garbsen.de\/wp-content\/uploads\/2022\/09\/Kneipp-Reise-nach-Sachsen-09-2022-47-scaled.jpg?resize=50%2C38&amp;ssl=1 50w, https:\/\/i0.wp.com\/www.kneipp-garbsen.de\/wp-content\/uploads\/2022\/09\/Kneipp-Reise-nach-Sachsen-09-2022-47-scaled.jpg?resize=100%2C75&amp;ssl=1 100w, https:\/\/i0.wp.com\/www.kneipp-garbsen.de\/wp-content\/uploads\/2022\/09\/Kneipp-Reise-nach-Sachsen-09-2022-47-scaled.jpg?w=2440&amp;ssl=1 2440w\" sizes=\"auto, (max-width:767px) 472px, 472px\" \/>Trotz der langwierigen Pandemie konnte der Kneipp-Verein Garbsen Reisen unternehmen. Eine davon war die Reise nach Sachsen, auf die sich alle Teilnehmer freuten. Es hatten sich vierunddrei\u00dfig Teilnehmer angemeldet, leider konnte ein angemeldetes Mitglied nicht teilnehmen, da es wegen einer Erkrankung im Krankenhaus lag. F\u00fcr alle anderen hie\u00df es am Montag, den 12. September, zeitig aufstehen, da die Reise um sechs Uhr begann. P\u00fcnktlich holte uns Uwe, der Busfahrer, der den Kneipp-Verein schon lange als \u201eKutscher\u201c begleitet, an insgesamt drei Treffpunkten ab und brachte uns planm\u00e4\u00dfig zu einem ersten Highlight der Reise &#8211; nach Dresden. In Dresden hatten wir Gelegenheit der Innenstadt einen ersten Besuch abzustatten, den Herbstmarkt zu besuchen und eine Fahrt mit einem Schaufelrad-Dampfer, die heutzutage allerdings diesel-elektrisch angetrieben werden, von Dresden nach Pillnitz zu machen. Danach erreichten wir unser Hotel in der Bautzener Innenstadt und wurden mit freundlichen Worten der Hotelmanagerin und einem guten Abendessen empfangen.<br \/>\nGleich am zweiten Tag ging es mit einer Fahrt nach G\u00f6rlitz weiter. Die beiden G\u00e4stef\u00fchrerinnen zeigten uns die sch\u00f6nsten und interessantesten Stellen dieser beeindruckenden Stadt und berichteten viel \u00fcber die Geschichte und den sorbischen Hintergrund. Das Abendessen an diesem Tag erhielten wir in der Gastst\u00e4tte \u201eM\u00f6nchshof\u201c, die einem mittelalterlichen Gasthaus nachempfunden wurde.<br \/>\nAuch der dritte Tag f\u00fchrte uns in eine sehr sch\u00f6ne Stadt, nach Zittau. Die Wettervorhersage war eigentlich grauenhaft, aber tats\u00e4chlich hatte es nur gelegentlich geregnet und so etwas kann einen Kneippianer nicht erschrecken. Die Tour begann bereits in Bautzen, da wir die ganze Fahrt \u00fcber eine G\u00e4stef\u00fchrerin, die uns durch die Fahrt ins Zittauer Gebirge begleitete und viel unterwegs zeigte und erkl\u00e4rte. Dazu geh\u00f6rte ein sehr ausf\u00fchrlicher Vortrag \u00fcber die Geschichte des gro\u00dfen Fastentuchs oder die Stadt Oybin, mit der kleinen Hochzeitskirche. Ein Highlight an diesem Tag war der Besuch der Herrnhuter Stern-Manufaktur. Die Vielfalt der Modelle war beeindruckend und uns wurde die Herstellung verschiedener Modelle an Musterarbeitspl\u00e4tzen gezeigt.<img data-recalc-dims=\"1\" loading=\"lazy\" decoding=\"async\" class=\" wp-image-2449 alignright\" src=\"https:\/\/i0.wp.com\/www.kneipp-garbsen.de\/wp-content\/uploads\/2022\/09\/Kneipp-Reise-nach-Sachsen-09-2022-01.jpg?resize=655%2C491&#038;ssl=1\" alt=\"\" width=\"655\" height=\"491\" srcset=\"https:\/\/i0.wp.com\/www.kneipp-garbsen.de\/wp-content\/uploads\/2022\/09\/Kneipp-Reise-nach-Sachsen-09-2022-01-scaled.jpg?resize=300%2C225&amp;ssl=1 300w, https:\/\/i0.wp.com\/www.kneipp-garbsen.de\/wp-content\/uploads\/2022\/09\/Kneipp-Reise-nach-Sachsen-09-2022-01-scaled.jpg?resize=1024%2C768&amp;ssl=1 1024w, https:\/\/i0.wp.com\/www.kneipp-garbsen.de\/wp-content\/uploads\/2022\/09\/Kneipp-Reise-nach-Sachsen-09-2022-01-scaled.jpg?resize=768%2C576&amp;ssl=1 768w, https:\/\/i0.wp.com\/www.kneipp-garbsen.de\/wp-content\/uploads\/2022\/09\/Kneipp-Reise-nach-Sachsen-09-2022-01-scaled.jpg?resize=1536%2C1152&amp;ssl=1 1536w, https:\/\/i0.wp.com\/www.kneipp-garbsen.de\/wp-content\/uploads\/2022\/09\/Kneipp-Reise-nach-Sachsen-09-2022-01-scaled.jpg?resize=2048%2C1536&amp;ssl=1 2048w, https:\/\/i0.wp.com\/www.kneipp-garbsen.de\/wp-content\/uploads\/2022\/09\/Kneipp-Reise-nach-Sachsen-09-2022-01-scaled.jpg?resize=195%2C146&amp;ssl=1 195w, https:\/\/i0.wp.com\/www.kneipp-garbsen.de\/wp-content\/uploads\/2022\/09\/Kneipp-Reise-nach-Sachsen-09-2022-01-scaled.jpg?resize=50%2C38&amp;ssl=1 50w, https:\/\/i0.wp.com\/www.kneipp-garbsen.de\/wp-content\/uploads\/2022\/09\/Kneipp-Reise-nach-Sachsen-09-2022-01-scaled.jpg?resize=100%2C75&amp;ssl=1 100w, https:\/\/i0.wp.com\/www.kneipp-garbsen.de\/wp-content\/uploads\/2022\/09\/Kneipp-Reise-nach-Sachsen-09-2022-01-scaled.jpg?w=2440&amp;ssl=1 2440w\" sizes=\"auto, (max-width:767px) 480px, 655px\" \/><br \/>\nDer Donnerstag war ein sogenannter busfreier Tag, damit sich Uwe auch mal ausruhen konnte und nat\u00fcrlich die gesetzlich festgelegten Ruhezeiten einhalten konnte. Der Tag begann mit einer Stadtf\u00fchrung durch Bautzen und eine Gruppe besuchte am Nachmittag das sorbische Museum und eine zweite Gruppe das ehemalige Gef\u00e4ngnis, welches heute Gedenkst\u00e4tte ist. Am Abend genossen wir das sorbische Hochzeitsessen ein einer sorbischen Nationalit\u00e4tengastst\u00e4tte und konnten nach dem Essen etwas \u00fcber sorbische Br\u00e4uche erfahren und ein paar Volkslieder h\u00f6ren.<br \/>\nDer f\u00fcnfte Tag f\u00fchrte uns in die s\u00e4chsische Schweiz, nach Bad Schandau, Schmilka, zur Bastei und Pirna. Auch diese Fahrt wurde ganzt\u00e4gig durch einen G\u00e4stef\u00fchrer begleitet, der einiges Interessantes zu berichten hatte.<br \/>\nDer letzte Tag f\u00fchrte uns von Bautzen in die n\u00f6rdliche Oberlausitz, nach Wei\u00dfwasser und nach Bad Muskau. Von Wei\u00dfwasser fuhren wir mit der Waldeisenbahn bis nach Bad Muskau, wo uns unser Bus wieder aufsammelte und zum Schloss F\u00fcrst P\u00fccklers brachte. Der G\u00e4stef\u00fchrer sprach in einer wunderbaren, aber sehr verst\u00e4ndlichen, Lausitzer Mundart und brachte einige unterhaltsame Anekdoten \u00fcber den F\u00fcrsten zu Geh\u00f6r.<br \/>\nUnd so sind wir schon am Abreisetag angekommen. In Dresden erwarteten uns ebenfalls G\u00e4stef\u00fchrerinnen, die uns durch die Altstadt mit Schloss, Semperoper und Zwinger mit interessanten Informationen f\u00fchrten. Gegen 19:00 Uhr erreichten wir unfallfrei unsere Heimat und freuten uns auf zuhause.<br \/>\nTats\u00e4chlich war die Reise ein voller<img data-recalc-dims=\"1\" loading=\"lazy\" decoding=\"async\" class=\" wp-image-2486 alignleft\" src=\"https:\/\/i0.wp.com\/www.kneipp-garbsen.de\/wp-content\/uploads\/2022\/09\/Kneipp-Reise-nach-Sachsen-09-2022-38.jpg?resize=443%2C332&#038;ssl=1\" alt=\"\" width=\"443\" height=\"332\" srcset=\"https:\/\/i0.wp.com\/www.kneipp-garbsen.de\/wp-content\/uploads\/2022\/09\/Kneipp-Reise-nach-Sachsen-09-2022-38-scaled.jpg?resize=300%2C225&amp;ssl=1 300w, https:\/\/i0.wp.com\/www.kneipp-garbsen.de\/wp-content\/uploads\/2022\/09\/Kneipp-Reise-nach-Sachsen-09-2022-38-scaled.jpg?resize=1024%2C768&amp;ssl=1 1024w, https:\/\/i0.wp.com\/www.kneipp-garbsen.de\/wp-content\/uploads\/2022\/09\/Kneipp-Reise-nach-Sachsen-09-2022-38-scaled.jpg?resize=768%2C576&amp;ssl=1 768w, https:\/\/i0.wp.com\/www.kneipp-garbsen.de\/wp-content\/uploads\/2022\/09\/Kneipp-Reise-nach-Sachsen-09-2022-38-scaled.jpg?resize=1536%2C1152&amp;ssl=1 1536w, https:\/\/i0.wp.com\/www.kneipp-garbsen.de\/wp-content\/uploads\/2022\/09\/Kneipp-Reise-nach-Sachsen-09-2022-38-scaled.jpg?resize=2048%2C1536&amp;ssl=1 2048w, https:\/\/i0.wp.com\/www.kneipp-garbsen.de\/wp-content\/uploads\/2022\/09\/Kneipp-Reise-nach-Sachsen-09-2022-38-scaled.jpg?resize=195%2C146&amp;ssl=1 195w, https:\/\/i0.wp.com\/www.kneipp-garbsen.de\/wp-content\/uploads\/2022\/09\/Kneipp-Reise-nach-Sachsen-09-2022-38-scaled.jpg?resize=50%2C38&amp;ssl=1 50w, https:\/\/i0.wp.com\/www.kneipp-garbsen.de\/wp-content\/uploads\/2022\/09\/Kneipp-Reise-nach-Sachsen-09-2022-38-scaled.jpg?resize=100%2C75&amp;ssl=1 100w, https:\/\/i0.wp.com\/www.kneipp-garbsen.de\/wp-content\/uploads\/2022\/09\/Kneipp-Reise-nach-Sachsen-09-2022-38-scaled.jpg?w=2440&amp;ssl=1 2440w\" sizes=\"auto, (max-width:767px) 443px, 443px\" \/><\/p>\n<p>Erfolg, allen Teilnehmern hatte die Auswahl der Sehensw\u00fcrdigkeiten und die Auswahl der \u00dcbernachtung sehr gut gefallen. Selbst das Wetter, welches mit viel Regen vorhergesagt war, zeigte sich mit viel Sonne, viel Wolken aber mit nur gelegentlichem, leichtem Regen. Nat\u00fcrlich wurde eine n\u00e4chste Reise angemahnt. Wohin es gehen wird, ist noch offen \u2013 lasst Euch \u00fcberraschen.<br \/>\nAn dieser Stelle ein herzliches Dankesch\u00f6n an alle Teilnehmer, die sehr diszipliniert waren und immer p\u00fcnktlich an vereinbarten Treffpunkten waren.<br \/>\nWeitere Bilder findet Ihr in der Gallerie.<\/p>\n","protected":false},"excerpt":{"rendered":"<p>Trotz der langwierigen Pandemie konnte der Kneipp-Verein Garbsen Reisen unternehmen. Eine davon war die Reise nach Sachsen, auf die sich alle Teilnehmer freuten. Es hatten sich vierunddrei\u00dfig Teilnehmer angemeldet, leider konnte ein angemeldetes Mitglied nicht teilnehmen, da es wegen einer Erkrankung im Krankenhaus lag. F\u00fcr alle anderen hie\u00df es am Montag, den 12. September, zeitig aufstehen, da die Reise um<span class=\"excerpt-hellip\"> [\u2026]<\/span><\/p>\n","protected":false},"author":2,"featured_media":2462,"comment_status":"open","ping_status":"open","sticky":false,"template":"","format":"standard","meta":{"jetpack_post_was_ever_published":false,"_jetpack_newsletter_access":"","_jetpack_dont_email_post_to_subs":false,"_jetpack_newsletter_tier_id":0,"_jetpack_memberships_contains_paywalled_content":false,"_jetpack_memberships_contains_paid_content":false,"footnotes":"","jetpack_publicize_message":"","jetpack_publicize_feature_enabled":true,"jetpack_social_post_already_shared":true,"jetpack_social_options":{"image_generator_settings":{"template":"highway","default_image_id":0,"font":"","enabled":false},"version":2}},"categories":[1],"tags":[],"class_list":["post-2505","post","type-post","status-publish","format-standard","has-post-thumbnail","hentry","category-allgemein"],"jetpack_publicize_connections":[],"jetpack_featured_media_url":"https:\/\/i0.wp.com\/www.kneipp-garbsen.de\/wp-content\/uploads\/2022\/09\/Kneipp-Reise-nach-Sachsen-09-2022-14-scaled.jpg?fit=2560%2C1920&ssl=1","jetpack_sharing_enabled":true,"_links":{"self":[{"href":"https:\/\/www.kneipp-garbsen.de\/index.php?rest_route=\/wp\/v2\/posts\/2505","targetHints":{"allow":["GET"]}}],"collection":[{"href":"https:\/\/www.kneipp-garbsen.de\/index.php?rest_route=\/wp\/v2\/posts"}],"about":[{"href":"https:\/\/www.kneipp-garbsen.de\/index.php?rest_route=\/wp\/v2\/types\/post"}],"author":[{"embeddable":true,"href":"https:\/\/www.kneipp-garbsen.de\/index.php?rest_route=\/wp\/v2\/users\/2"}],"replies":[{"embeddable":true,"href":"https:\/\/www.kneipp-garbsen.de\/index.php?rest_route=%2Fwp%2Fv2%2Fcomments&post=2505"}],"version-history":[{"count":5,"href":"https:\/\/www.kneipp-garbsen.de\/index.php?rest_route=\/wp\/v2\/posts\/2505\/revisions"}],"predecessor-version":[{"id":2512,"href":"https:\/\/www.kneipp-garbsen.de\/index.php?rest_route=\/wp\/v2\/posts\/2505\/revisions\/2512"}],"wp:featuredmedia":[{"embeddable":true,"href":"https:\/\/www.kneipp-garbsen.de\/index.php?rest_route=\/wp\/v2\/media\/2462"}],"wp:attachment":[{"href":"https:\/\/www.kneipp-garbsen.de\/index.php?rest_route=%2Fwp%2Fv2%2Fmedia&parent=2505"}],"wp:term":[{"taxonomy":"category","embeddable":true,"href":"https:\/\/www.kneipp-garbsen.de\/index.php?rest_route=%2Fwp%2Fv2%2Fcategories&post=2505"},{"taxonomy":"post_tag","embeddable":true,"href":"https:\/\/www.kneipp-garbsen.de\/index.php?rest_route=%2Fwp%2Fv2%2Ftags&post=2505"}],"curies":[{"name":"wp","href":"https:\/\/api.w.org\/{rel}","templated":true}]}}