{"id":2197,"date":"2022-05-23T19:24:57","date_gmt":"2022-05-23T17:24:57","guid":{"rendered":"https:\/\/www.kneipp-garbsen.de\/?p=2197"},"modified":"2022-05-23T19:24:57","modified_gmt":"2022-05-23T17:24:57","slug":"eroeffnung-der-wassertretanlage-2022","status":"publish","type":"post","link":"https:\/\/www.kneipp-garbsen.de\/?p=2197","title":{"rendered":"Er\u00f6ffnung der Wassertretanlage 2022"},"content":{"rendered":"<p>Dieses Jahr konnten wir endlich wieder die Er\u00f6ffnung unserer Wassertretanlage feiern. Die Corona-Bedingungen hatten nichts dagegen und das Wetter offenbar auch nicht. Es war nicht zu hei\u00df und auch nicht zu kalt, selbst der Regen hielt sich f\u00fcr die Zeit der Feier zur\u00fcck. Und ein bisschen Wind hat noch keinen Kneippianer geschreckt. \u00dcber sechzig Teilnehmer fanden sich ein. Die vielen flei\u00dfigen Helfer bereiteten den Tag gut vor, Brat-w\u00fcrste, Salate und viel Kuchen wurden f\u00fcr den gro\u00dfen Appetit der Kneippianer organi-siert, nat\u00fcrlich auch hei\u00dfe und kalte<img data-recalc-dims=\"1\" loading=\"lazy\" decoding=\"async\" class=\"size-medium wp-image-2183 alignright\" src=\"https:\/\/i0.wp.com\/www.kneipp-garbsen.de\/wp-content\/uploads\/2022\/05\/Freiwilligentag2022-24.jpg?resize=300%2C225&#038;ssl=1\" alt=\"\" width=\"300\" height=\"225\" srcset=\"https:\/\/i0.wp.com\/www.kneipp-garbsen.de\/wp-content\/uploads\/2022\/05\/Freiwilligentag2022-24-scaled.jpg?resize=300%2C225&amp;ssl=1 300w, https:\/\/i0.wp.com\/www.kneipp-garbsen.de\/wp-content\/uploads\/2022\/05\/Freiwilligentag2022-24-scaled.jpg?resize=1024%2C768&amp;ssl=1 1024w, https:\/\/i0.wp.com\/www.kneipp-garbsen.de\/wp-content\/uploads\/2022\/05\/Freiwilligentag2022-24-scaled.jpg?resize=768%2C576&amp;ssl=1 768w, https:\/\/i0.wp.com\/www.kneipp-garbsen.de\/wp-content\/uploads\/2022\/05\/Freiwilligentag2022-24-scaled.jpg?resize=1536%2C1152&amp;ssl=1 1536w, https:\/\/i0.wp.com\/www.kneipp-garbsen.de\/wp-content\/uploads\/2022\/05\/Freiwilligentag2022-24-scaled.jpg?resize=2048%2C1536&amp;ssl=1 2048w, https:\/\/i0.wp.com\/www.kneipp-garbsen.de\/wp-content\/uploads\/2022\/05\/Freiwilligentag2022-24-scaled.jpg?resize=195%2C146&amp;ssl=1 195w, https:\/\/i0.wp.com\/www.kneipp-garbsen.de\/wp-content\/uploads\/2022\/05\/Freiwilligentag2022-24-scaled.jpg?resize=50%2C38&amp;ssl=1 50w, https:\/\/i0.wp.com\/www.kneipp-garbsen.de\/wp-content\/uploads\/2022\/05\/Freiwilligentag2022-24-scaled.jpg?resize=100%2C75&amp;ssl=1 100w, https:\/\/i0.wp.com\/www.kneipp-garbsen.de\/wp-content\/uploads\/2022\/05\/Freiwilligentag2022-24-scaled.jpg?w=2440&amp;ssl=1 2440w\" sizes=\"auto, (max-width:767px) 300px, 300px\" \/> Getr\u00e4nke.<br \/>\nDie hohe Wertigkeit unseres Tuns als Verein wurde auch durch den Besuch des B\u00fcrger-meisters der Stadt Garbsen, Claudio Provenzano, unterstrichen.<br \/>\nNach der Er\u00f6ffnungsrede der 1. Vorsitzenden, Peggy Ahlborn, richtete der B\u00fcrgermeister ein paar freundliche Worte an alle Anwesenden. Danach wurde der Grill angeheizt und die frischen Bratw\u00fcrste fanden mit Brot oder verschiedenen Salaten gro\u00dfen Anklang. Auch der von den Mitgliedern gespendete Kuchen war sehr lecker und wurde den flei\u00dfi-gen Helfern sehr gut abgenommen. Die Er\u00f6ffnungsfeier wurde durch eine Regenwolke kurz unterbrochen und konnte danach wieder mit Sonnenschein und Kindern aus der Tanzschule Tanzlust fortgesetzt werden. Die Kinder hatten zwei kleine St\u00fccke einstudiert und mimten Flei\u00dfbienen und Ponys. Damit bereiteten sie allen Beteiligten und Zuschau-ern viel Freude. Somit zeigte sich wieder, dass der Kneipp-Verein nicht nur das strenge Regime der Gesundheit, sondern auch die F\u00e4higkeit zur lustvollen Unterhaltung mit gutem Essen versteht.<\/p>\n","protected":false},"excerpt":{"rendered":"<p>Dieses Jahr konnten wir endlich wieder die Er\u00f6ffnung unserer Wassertretanlage feiern. Die Corona-Bedingungen hatten nichts dagegen und das Wetter offenbar auch nicht. Es war nicht zu hei\u00df und auch nicht zu kalt, selbst der Regen hielt sich f\u00fcr die Zeit der Feier zur\u00fcck. Und ein bisschen Wind hat noch keinen Kneippianer geschreckt. \u00dcber sechzig Teilnehmer fanden sich ein. Die vielen<span class=\"excerpt-hellip\"> [\u2026]<\/span><\/p>\n","protected":false},"author":2,"featured_media":2188,"comment_status":"open","ping_status":"open","sticky":false,"template":"","format":"standard","meta":{"jetpack_post_was_ever_published":false,"_jetpack_newsletter_access":"","_jetpack_dont_email_post_to_subs":false,"_jetpack_newsletter_tier_id":0,"_jetpack_memberships_contains_paywalled_content":false,"_jetpack_memberships_contains_paid_content":false,"footnotes":"","jetpack_publicize_message":"","jetpack_publicize_feature_enabled":true,"jetpack_social_post_already_shared":true,"jetpack_social_options":{"image_generator_settings":{"template":"highway","default_image_id":0,"font":"","enabled":false},"version":2}},"categories":[1],"tags":[],"class_list":["post-2197","post","type-post","status-publish","format-standard","has-post-thumbnail","hentry","category-allgemein"],"jetpack_publicize_connections":[],"jetpack_featured_media_url":"https:\/\/i0.wp.com\/www.kneipp-garbsen.de\/wp-content\/uploads\/2022\/05\/manuela-kneipp-wta-eroeffnung-2022-0001-scaled.jpg?fit=2560%2C1440&ssl=1","jetpack_sharing_enabled":true,"_links":{"self":[{"href":"https:\/\/www.kneipp-garbsen.de\/index.php?rest_route=\/wp\/v2\/posts\/2197","targetHints":{"allow":["GET"]}}],"collection":[{"href":"https:\/\/www.kneipp-garbsen.de\/index.php?rest_route=\/wp\/v2\/posts"}],"about":[{"href":"https:\/\/www.kneipp-garbsen.de\/index.php?rest_route=\/wp\/v2\/types\/post"}],"author":[{"embeddable":true,"href":"https:\/\/www.kneipp-garbsen.de\/index.php?rest_route=\/wp\/v2\/users\/2"}],"replies":[{"embeddable":true,"href":"https:\/\/www.kneipp-garbsen.de\/index.php?rest_route=%2Fwp%2Fv2%2Fcomments&post=2197"}],"version-history":[{"count":1,"href":"https:\/\/www.kneipp-garbsen.de\/index.php?rest_route=\/wp\/v2\/posts\/2197\/revisions"}],"predecessor-version":[{"id":2198,"href":"https:\/\/www.kneipp-garbsen.de\/index.php?rest_route=\/wp\/v2\/posts\/2197\/revisions\/2198"}],"wp:featuredmedia":[{"embeddable":true,"href":"https:\/\/www.kneipp-garbsen.de\/index.php?rest_route=\/wp\/v2\/media\/2188"}],"wp:attachment":[{"href":"https:\/\/www.kneipp-garbsen.de\/index.php?rest_route=%2Fwp%2Fv2%2Fmedia&parent=2197"}],"wp:term":[{"taxonomy":"category","embeddable":true,"href":"https:\/\/www.kneipp-garbsen.de\/index.php?rest_route=%2Fwp%2Fv2%2Fcategories&post=2197"},{"taxonomy":"post_tag","embeddable":true,"href":"https:\/\/www.kneipp-garbsen.de\/index.php?rest_route=%2Fwp%2Fv2%2Ftags&post=2197"}],"curies":[{"name":"wp","href":"https:\/\/api.w.org\/{rel}","templated":true}]}}