{"id":2191,"date":"2022-05-23T19:20:39","date_gmt":"2022-05-23T17:20:39","guid":{"rendered":"https:\/\/www.kneipp-garbsen.de\/?p=2191"},"modified":"2022-05-23T19:20:39","modified_gmt":"2022-05-23T17:20:39","slug":"jahreshauptversammlung-am-21-04-2022","status":"publish","type":"post","link":"https:\/\/www.kneipp-garbsen.de\/?p=2191","title":{"rendered":"Jahreshauptversammlung am 21.04.2022"},"content":{"rendered":"<p>Wie jedes Jahr treffen sich die Kneipp-Mitglieder zu einer Mitgliederversammlung. In diesem Jahr wurde die Gelegenheit genutzt, die ausgefallene Weihnachtfeier nachzuholen und f\u00fcr entsprechende Kulturprogramm-Acts wurde gesorgt.<br \/>\nDie Mitgliederversammlung ist entsprechend der Tagesordnung abgelaufen. Nach dem Bericht der Vorsitzenden, wurde eine Schweigeminute zu Ehren der verstorbenen Mit-glied<\/p>\n<p><img data-recalc-dims=\"1\" loading=\"lazy\" decoding=\"async\" class=\" wp-image-2161 alignright\" src=\"https:\/\/i0.wp.com\/www.kneipp-garbsen.de\/wp-content\/uploads\/2022\/05\/JHV2022-10.jpg?resize=403%2C302&#038;ssl=1\" alt=\"\" width=\"403\" height=\"302\" srcset=\"https:\/\/i0.wp.com\/www.kneipp-garbsen.de\/wp-content\/uploads\/2022\/05\/JHV2022-10-scaled.jpg?resize=300%2C225&amp;ssl=1 300w, https:\/\/i0.wp.com\/www.kneipp-garbsen.de\/wp-content\/uploads\/2022\/05\/JHV2022-10-scaled.jpg?resize=1024%2C768&amp;ssl=1 1024w, https:\/\/i0.wp.com\/www.kneipp-garbsen.de\/wp-content\/uploads\/2022\/05\/JHV2022-10-scaled.jpg?resize=768%2C576&amp;ssl=1 768w, https:\/\/i0.wp.com\/www.kneipp-garbsen.de\/wp-content\/uploads\/2022\/05\/JHV2022-10-scaled.jpg?resize=1536%2C1152&amp;ssl=1 1536w, https:\/\/i0.wp.com\/www.kneipp-garbsen.de\/wp-content\/uploads\/2022\/05\/JHV2022-10-scaled.jpg?resize=2048%2C1536&amp;ssl=1 2048w, https:\/\/i0.wp.com\/www.kneipp-garbsen.de\/wp-content\/uploads\/2022\/05\/JHV2022-10-scaled.jpg?resize=195%2C146&amp;ssl=1 195w, https:\/\/i0.wp.com\/www.kneipp-garbsen.de\/wp-content\/uploads\/2022\/05\/JHV2022-10-scaled.jpg?resize=50%2C38&amp;ssl=1 50w, https:\/\/i0.wp.com\/www.kneipp-garbsen.de\/wp-content\/uploads\/2022\/05\/JHV2022-10-scaled.jpg?resize=100%2C75&amp;ssl=1 100w, https:\/\/i0.wp.com\/www.kneipp-garbsen.de\/wp-content\/uploads\/2022\/05\/JHV2022-10-scaled.jpg?w=2440&amp;ssl=1 2440w\" sizes=\"auto, (max-width:767px) 403px, 403px\" \/><\/p>\n<p>er gehalten. Anschlie\u00dfend wurden die neuhinzugekommenen Mitglieder begr\u00fc\u00dft, Mitglieder, die Ehren\u00e4mter, wie WTA-Pfleger und Kiebitz-Austr\u00e4ger aus\u00fcben, geehrt und gedankt, sowie Jubilare mit 25j\u00e4hriger Mitgliedschaft.<br \/>\nNach dem Bericht der Schatzmeisterin und dem Vorschlag des Haushaltsplanes kamen die Kassenpr\u00fcfer zu Wort. Alle Berichte wurden einstimmig durch die Mitglieder angenom-men. Danach berichteten weiter Mitglieder \u00fcber weitere Aktionen und Planungen des Vereins.<br \/>\nNach dem offiziellen Teil der Mitgliederversammlung begann der unterhaltsame Teil mit einem wunderbaren und sehr umfangreichen Buffet. Die Show-Teile wurden durch Mit-glieder der Tanzschule \u201eKressler\u201c und durch den Verein \u201eLeselust\u201c gestaltet. Den Auftakt machten Tanzsch\u00fcler mit einem rhythmischen Formationstanz verschiedener Tanzstile unter Leitung von Martina Kressler, anschlie\u00dfend zeigen Amateure verschiedene Showt\u00e4nze und zum Schluss pr\u00e4sentierte ein Meisterpaar einen sehr emotionalen Leis-tungstanz. Alle Vorf\u00fchrungen waren gro\u00dfartig und worden von den Kneipp-Mitgliedern begeistert gefeiert. Dass medizinischen Studien zufolge, Tanzen mehr als nur Bewegung, sondern auch ein her<\/p>\n<p>vorragendes Vorbeugungsmittel gegen Demenz ist, passt nat\u00fcrlich bestens zum Gesundheitskonzept der S\u00e4ulen des Kneippens.<br \/>\nAus dem Verein \u201eLeselust\u201c besuchten uns drei Mitglieder und brachten sehr unterhalt-same, lustige Texte vor, die mit Gel\u00e4chter und Beifall aller Zuh\u00f6rer belohnt wurden.<br \/>\nSo klang ein sehr angenehmer Abend gegen 21:30 Uhr aus und alle Mitglieder waren froh, die Erleichterungen, die trotz der immer noch grassierenden Pandemie gestattet waren, nutzen zu k\u00f6nnen. Wir hoffen alle, dass das Vereinsleben damit auch einen neu-en, schwungvollen Anfang nehmen kann.<\/p>\n","protected":false},"excerpt":{"rendered":"<p>Wie jedes Jahr treffen sich die Kneipp-Mitglieder zu einer Mitgliederversammlung. In diesem Jahr wurde die Gelegenheit genutzt, die ausgefallene Weihnachtfeier nachzuholen und f\u00fcr entsprechende Kulturprogramm-Acts wurde gesorgt. Die Mitgliederversammlung ist entsprechend der Tagesordnung abgelaufen. Nach dem Bericht der Vorsitzenden, wurde eine Schweigeminute zu Ehren der verstorbenen Mit-glied er gehalten. Anschlie\u00dfend wurden die neuhinzugekommenen Mitglieder begr\u00fc\u00dft, Mitglieder, die Ehren\u00e4mter, wie WTA-Pfleger<span class=\"excerpt-hellip\"> [\u2026]<\/span><\/p>\n","protected":false},"author":2,"featured_media":2165,"comment_status":"open","ping_status":"open","sticky":false,"template":"","format":"standard","meta":{"jetpack_post_was_ever_published":false,"_jetpack_newsletter_access":"","_jetpack_dont_email_post_to_subs":false,"_jetpack_newsletter_tier_id":0,"_jetpack_memberships_contains_paywalled_content":false,"_jetpack_memberships_contains_paid_content":false,"footnotes":"","jetpack_publicize_message":"","jetpack_publicize_feature_enabled":true,"jetpack_social_post_already_shared":true,"jetpack_social_options":{"image_generator_settings":{"template":"highway","default_image_id":0,"font":"","enabled":false},"version":2}},"categories":[1],"tags":[],"class_list":["post-2191","post","type-post","status-publish","format-standard","has-post-thumbnail","hentry","category-allgemein"],"jetpack_publicize_connections":[],"jetpack_featured_media_url":"https:\/\/i0.wp.com\/www.kneipp-garbsen.de\/wp-content\/uploads\/2022\/05\/JHV2022-16-scaled.jpg?fit=2560%2C1920&ssl=1","jetpack_sharing_enabled":true,"_links":{"self":[{"href":"https:\/\/www.kneipp-garbsen.de\/index.php?rest_route=\/wp\/v2\/posts\/2191","targetHints":{"allow":["GET"]}}],"collection":[{"href":"https:\/\/www.kneipp-garbsen.de\/index.php?rest_route=\/wp\/v2\/posts"}],"about":[{"href":"https:\/\/www.kneipp-garbsen.de\/index.php?rest_route=\/wp\/v2\/types\/post"}],"author":[{"embeddable":true,"href":"https:\/\/www.kneipp-garbsen.de\/index.php?rest_route=\/wp\/v2\/users\/2"}],"replies":[{"embeddable":true,"href":"https:\/\/www.kneipp-garbsen.de\/index.php?rest_route=%2Fwp%2Fv2%2Fcomments&post=2191"}],"version-history":[{"count":1,"href":"https:\/\/www.kneipp-garbsen.de\/index.php?rest_route=\/wp\/v2\/posts\/2191\/revisions"}],"predecessor-version":[{"id":2192,"href":"https:\/\/www.kneipp-garbsen.de\/index.php?rest_route=\/wp\/v2\/posts\/2191\/revisions\/2192"}],"wp:featuredmedia":[{"embeddable":true,"href":"https:\/\/www.kneipp-garbsen.de\/index.php?rest_route=\/wp\/v2\/media\/2165"}],"wp:attachment":[{"href":"https:\/\/www.kneipp-garbsen.de\/index.php?rest_route=%2Fwp%2Fv2%2Fmedia&parent=2191"}],"wp:term":[{"taxonomy":"category","embeddable":true,"href":"https:\/\/www.kneipp-garbsen.de\/index.php?rest_route=%2Fwp%2Fv2%2Fcategories&post=2191"},{"taxonomy":"post_tag","embeddable":true,"href":"https:\/\/www.kneipp-garbsen.de\/index.php?rest_route=%2Fwp%2Fv2%2Ftags&post=2191"}],"curies":[{"name":"wp","href":"https:\/\/api.w.org\/{rel}","templated":true}]}}