{"id":1958,"date":"2021-11-21T12:40:56","date_gmt":"2021-11-21T11:40:56","guid":{"rendered":"https:\/\/www.kneipp-garbsen.de\/?p=1958"},"modified":"2021-11-21T12:40:56","modified_gmt":"2021-11-21T11:40:56","slug":"die-leineschwalben","status":"publish","type":"post","link":"https:\/\/www.kneipp-garbsen.de\/?p=1958","title":{"rendered":"Die Leineschwalben"},"content":{"rendered":"<p style=\"text-align: right;\">von Werner Knuth<\/p>\n<p style=\"text-align: left;\"><img data-recalc-dims=\"1\" loading=\"lazy\" decoding=\"async\" class=\" wp-image-1943 alignright\" src=\"https:\/\/i0.wp.com\/www.kneipp-garbsen.de\/wp-content\/uploads\/2021\/11\/Ingrid-Schmidt7.jpg?resize=358%2C260&#038;ssl=1\" alt=\"\" width=\"358\" height=\"260\" srcset=\"https:\/\/i0.wp.com\/www.kneipp-garbsen.de\/wp-content\/uploads\/2021\/11\/Ingrid-Schmidt7-scaled.jpg?resize=300%2C218&amp;ssl=1 300w, https:\/\/i0.wp.com\/www.kneipp-garbsen.de\/wp-content\/uploads\/2021\/11\/Ingrid-Schmidt7-scaled.jpg?resize=1024%2C745&amp;ssl=1 1024w, https:\/\/i0.wp.com\/www.kneipp-garbsen.de\/wp-content\/uploads\/2021\/11\/Ingrid-Schmidt7-scaled.jpg?resize=768%2C558&amp;ssl=1 768w, https:\/\/i0.wp.com\/www.kneipp-garbsen.de\/wp-content\/uploads\/2021\/11\/Ingrid-Schmidt7-scaled.jpg?resize=1536%2C1117&amp;ssl=1 1536w, https:\/\/i0.wp.com\/www.kneipp-garbsen.de\/wp-content\/uploads\/2021\/11\/Ingrid-Schmidt7-scaled.jpg?resize=2048%2C1489&amp;ssl=1 2048w, https:\/\/i0.wp.com\/www.kneipp-garbsen.de\/wp-content\/uploads\/2021\/11\/Ingrid-Schmidt7-scaled.jpg?resize=201%2C146&amp;ssl=1 201w, https:\/\/i0.wp.com\/www.kneipp-garbsen.de\/wp-content\/uploads\/2021\/11\/Ingrid-Schmidt7-scaled.jpg?resize=50%2C36&amp;ssl=1 50w, https:\/\/i0.wp.com\/www.kneipp-garbsen.de\/wp-content\/uploads\/2021\/11\/Ingrid-Schmidt7-scaled.jpg?resize=103%2C75&amp;ssl=1 103w, https:\/\/i0.wp.com\/www.kneipp-garbsen.de\/wp-content\/uploads\/2021\/11\/Ingrid-Schmidt7-scaled.jpg?w=2440&amp;ssl=1 2440w\" sizes=\"auto, (max-width:767px) 358px, 358px\" \/>Oh, wie sch\u00f6n war es doch, als vor Corona unsere Wandergruppe Sonntag f\u00fcr Sonntag auf Tour gehen konnte. Die Wanderleitungen Silvia, Manfred und Hardy boten immer wieder interessante Routen an, die nicht nur durch das hannoversche Stadtgebiet, son-dern auch \u00fcber den Gro\u00dfraum hinausf\u00fchrten. Fahrgemeinschaften machten es m\u00f6glich selbst Startpunkte ohne Bus- oder Stra\u00dfenbahnanbindung anzusteuern.<br \/>\nCorona hat alles ge\u00e4ndert. Ohne solche Fahrgemeinschaften in PKWs, m\u00fcssen wir uns auf Touren beschr\u00e4nken, deren Start- und Endpunkte per Stra\u00dfenbahn erreichbar sind.<br \/>\nDazu kommt noch ein anderes Problem. Wir alle sind \u00e4lter geworden und haben teilweise auch unser Leben umgestellt. Auch diejenigen, die uns mit viel Engagement zu sch\u00f6nen Stellen in n\u00e4herer und weiterer Umgebung f\u00fchrten.<br \/>\nWie soll es nun weitergehen? Soweit die Rechtslage es erlaubt, das Wetter es m\u00f6glich macht und ausreichend Interesse besteht, kann es auch in Zukunft Sonntagswanderungen geben. Vielleicht allerdings nicht jeden Sonntag und auch nicht immer mit den bekannten Wanderleitungen. Zum Beispiel gibt es eine Wanderung am 12.12. mit Werner Knuth mit Treff an der Endhaltestelle Garbsen rund 11 km ab Stra\u00dfenbahnendhaltestelle Nordhafen vorgesehen. Sie f\u00fchrt zun\u00e4chst durch den Mecklenheide Wald und entlang des Kanals, bis zur Kanalbr\u00fccke der Schwarze Heide Stra\u00dfe. Von dort soll es rund einen Kilometer, auf jetzt weniger sch\u00f6ner Strecke, zwischen VW und dem Kraftwerk zum St\u00f6ckener Bach gehen. Diesem folgend, wird der St\u00f6ckener Friedhof erreicht. Wer noch nie auf diesem Friedhof war, wird sich wundern. Auf gar nicht friedhofsartiger Route geht es neben Tei-chen, durch park\u00e4hnliche Landschaft, zum Nordwestausgang. Dann ist es nur noch ein kurzes St\u00fcck und nach einem Tunnel unter dem Westschnellweg, ist man in der Leine-masch. Auf einer Strecke, die manchen bekannt sein wird, soll dann weiter bis zur Klap-penburgbr\u00fccke gewandert werden. Den Abschluss, soweit m\u00f6glich, k\u00f6nnte eine Einkehr im \u201eBarCelona\u201c bilden. Von der Haltestelle J\u00e4dekamp sind es anschlie\u00dfend nur wenige Stationen bis Endhaltestelle Garbsen.<br \/>\nHoffen wir alle, dass diese Wanderung m\u00f6glich sein wird und die Teilnehmenden viel Freude daran haben.<\/p>\n","protected":false},"excerpt":{"rendered":"<p>von Werner Knuth Oh, wie sch\u00f6n war es doch, als vor Corona unsere Wandergruppe Sonntag f\u00fcr Sonntag auf Tour gehen konnte. Die Wanderleitungen Silvia, Manfred und Hardy boten immer wieder interessante Routen an, die nicht nur durch das hannoversche Stadtgebiet, son-dern auch \u00fcber den Gro\u00dfraum hinausf\u00fchrten. Fahrgemeinschaften machten es m\u00f6glich selbst Startpunkte ohne Bus- oder Stra\u00dfenbahnanbindung anzusteuern. Corona hat alles<span class=\"excerpt-hellip\"> [\u2026]<\/span><\/p>\n","protected":false},"author":2,"featured_media":1936,"comment_status":"open","ping_status":"open","sticky":false,"template":"","format":"standard","meta":{"jetpack_post_was_ever_published":false,"_jetpack_newsletter_access":"","_jetpack_dont_email_post_to_subs":false,"_jetpack_newsletter_tier_id":0,"_jetpack_memberships_contains_paywalled_content":false,"_jetpack_memberships_contains_paid_content":false,"footnotes":"","jetpack_publicize_message":"","jetpack_publicize_feature_enabled":true,"jetpack_social_post_already_shared":false,"jetpack_social_options":{"image_generator_settings":{"template":"highway","default_image_id":0,"font":"","enabled":false},"version":2}},"categories":[1],"tags":[],"class_list":["post-1958","post","type-post","status-publish","format-standard","has-post-thumbnail","hentry","category-allgemein"],"jetpack_publicize_connections":[],"jetpack_featured_media_url":"https:\/\/i0.wp.com\/www.kneipp-garbsen.de\/wp-content\/uploads\/2021\/11\/Ingrid-Schmidt3-scaled.jpg?fit=2560%2C1920&ssl=1","jetpack_sharing_enabled":true,"_links":{"self":[{"href":"https:\/\/www.kneipp-garbsen.de\/index.php?rest_route=\/wp\/v2\/posts\/1958","targetHints":{"allow":["GET"]}}],"collection":[{"href":"https:\/\/www.kneipp-garbsen.de\/index.php?rest_route=\/wp\/v2\/posts"}],"about":[{"href":"https:\/\/www.kneipp-garbsen.de\/index.php?rest_route=\/wp\/v2\/types\/post"}],"author":[{"embeddable":true,"href":"https:\/\/www.kneipp-garbsen.de\/index.php?rest_route=\/wp\/v2\/users\/2"}],"replies":[{"embeddable":true,"href":"https:\/\/www.kneipp-garbsen.de\/index.php?rest_route=%2Fwp%2Fv2%2Fcomments&post=1958"}],"version-history":[{"count":1,"href":"https:\/\/www.kneipp-garbsen.de\/index.php?rest_route=\/wp\/v2\/posts\/1958\/revisions"}],"predecessor-version":[{"id":1959,"href":"https:\/\/www.kneipp-garbsen.de\/index.php?rest_route=\/wp\/v2\/posts\/1958\/revisions\/1959"}],"wp:featuredmedia":[{"embeddable":true,"href":"https:\/\/www.kneipp-garbsen.de\/index.php?rest_route=\/wp\/v2\/media\/1936"}],"wp:attachment":[{"href":"https:\/\/www.kneipp-garbsen.de\/index.php?rest_route=%2Fwp%2Fv2%2Fmedia&parent=1958"}],"wp:term":[{"taxonomy":"category","embeddable":true,"href":"https:\/\/www.kneipp-garbsen.de\/index.php?rest_route=%2Fwp%2Fv2%2Fcategories&post=1958"},{"taxonomy":"post_tag","embeddable":true,"href":"https:\/\/www.kneipp-garbsen.de\/index.php?rest_route=%2Fwp%2Fv2%2Ftags&post=1958"}],"curies":[{"name":"wp","href":"https:\/\/api.w.org\/{rel}","templated":true}]}}