{"id":1893,"date":"2021-09-18T19:43:53","date_gmt":"2021-09-18T17:43:53","guid":{"rendered":"https:\/\/www.kneipp-garbsen.de\/?p=1893"},"modified":"2021-09-18T19:47:20","modified_gmt":"2021-09-18T17:47:20","slug":"dank-an-dieter-roggenkamp-in-unserer-mitgliederversammlung-am-08-09-2021","status":"publish","type":"post","link":"https:\/\/www.kneipp-garbsen.de\/?p=1893","title":{"rendered":"Dank an Dieter Roggenkamp"},"content":{"rendered":"<p>Im Kneippverein Garbsen e.V. war es am 08.09.2021 Zeit f\u00fcr einen Vorstandswechsel, genau genommen fast schon ein Generationswechsel. Dieter Roggenkamp wurde nach 14-j\u00e4hriger T\u00e4tigkeit als 1.Vorsitzender geb\u00fchrend verabschiedet. Viel Lob, eine Auszeichnung mit der goldenen Nadel des Landesverbands durch Werner Heinelt und die ausgesprochene Ehrenmitgliedschaft im Verein konnten von den zahlreich erschienenen Mitgliedern verfolgt werden.<br \/>\nGro\u00dfe Dinge, die mit Hilfe von Dieter erreicht wurden, wurden auch noch einmal benannt. Das Wassertretbecken mit Armbecken im Stadtpark Garbsen ist ein fester Platz f\u00fcr viele Mitglieder, Passanten und Familien. Die Bouleanlage gleich in der N\u00e4he und viele Sportger\u00e4te, machen den Park attraktiv und bringen Sebastian Kneipp immer wieder in Erinnerung.<br \/>\nEinstimmig neu gew\u00e4hlt tritt nun Peggy Ahlborn den 1.Vorsitz an und hat einige Aufgaben von Dieter Roggenkamp mit auf den Weg bekommen. Vielleicht klappt der Barfu\u00dfpfad im Park doch noch und auch eine Kneippschule ist geplant. Nat\u00fcrlich steht ihr Dieter Roggenkamp als Berater und Helfer zur Verf\u00fcgung.<br \/>\nAls 2. Vorsitzende ist Marianne Bockhorst gew\u00e4hlt. Sie \u00fcbernimmt auch noch einmal den Schatzmeister kommissarisch. Der Schriftf\u00fchrer Lutz Lange wurde best\u00e4tigt und die Beisitzer weiter benannt. Als Novum gibt es nun eine Jugendwartin, Jule Ahlborn, die sich auch um den Social Media-Bereich des Vereins k\u00fcmmert.   <\/p>\n","protected":false},"excerpt":{"rendered":"<p>Im Kneippverein Garbsen e.V. war es am 08.09.2021 Zeit f\u00fcr einen Vorstandswechsel, genau genommen fast schon ein Generationswechsel. Dieter Roggenkamp wurde nach 14-j\u00e4hriger T\u00e4tigkeit als 1.Vorsitzender geb\u00fchrend verabschiedet. Viel Lob, eine Auszeichnung mit der goldenen Nadel des Landesverbands durch Werner Heinelt und die ausgesprochene Ehrenmitgliedschaft im Verein konnten von den zahlreich erschienenen Mitgliedern verfolgt werden. Gro\u00dfe Dinge, die mit Hilfe<span class=\"excerpt-hellip\"> [\u2026]<\/span><\/p>\n","protected":false},"author":2,"featured_media":1899,"comment_status":"open","ping_status":"open","sticky":false,"template":"","format":"standard","meta":{"jetpack_post_was_ever_published":false,"_jetpack_newsletter_access":"","_jetpack_dont_email_post_to_subs":false,"_jetpack_newsletter_tier_id":0,"_jetpack_memberships_contains_paywalled_content":false,"_jetpack_memberships_contains_paid_content":false,"footnotes":"","jetpack_publicize_message":"","jetpack_publicize_feature_enabled":true,"jetpack_social_post_already_shared":false,"jetpack_social_options":{"image_generator_settings":{"template":"highway","default_image_id":0,"font":"","enabled":false},"version":2}},"categories":[1],"tags":[],"class_list":["post-1893","post","type-post","status-publish","format-standard","has-post-thumbnail","hentry","category-allgemein"],"jetpack_publicize_connections":[],"jetpack_featured_media_url":"https:\/\/i0.wp.com\/www.kneipp-garbsen.de\/wp-content\/uploads\/2021\/09\/IMG_5592-1.jpg?fit=640%2C570&ssl=1","jetpack_sharing_enabled":true,"_links":{"self":[{"href":"https:\/\/www.kneipp-garbsen.de\/index.php?rest_route=\/wp\/v2\/posts\/1893","targetHints":{"allow":["GET"]}}],"collection":[{"href":"https:\/\/www.kneipp-garbsen.de\/index.php?rest_route=\/wp\/v2\/posts"}],"about":[{"href":"https:\/\/www.kneipp-garbsen.de\/index.php?rest_route=\/wp\/v2\/types\/post"}],"author":[{"embeddable":true,"href":"https:\/\/www.kneipp-garbsen.de\/index.php?rest_route=\/wp\/v2\/users\/2"}],"replies":[{"embeddable":true,"href":"https:\/\/www.kneipp-garbsen.de\/index.php?rest_route=%2Fwp%2Fv2%2Fcomments&post=1893"}],"version-history":[{"count":3,"href":"https:\/\/www.kneipp-garbsen.de\/index.php?rest_route=\/wp\/v2\/posts\/1893\/revisions"}],"predecessor-version":[{"id":1901,"href":"https:\/\/www.kneipp-garbsen.de\/index.php?rest_route=\/wp\/v2\/posts\/1893\/revisions\/1901"}],"wp:featuredmedia":[{"embeddable":true,"href":"https:\/\/www.kneipp-garbsen.de\/index.php?rest_route=\/wp\/v2\/media\/1899"}],"wp:attachment":[{"href":"https:\/\/www.kneipp-garbsen.de\/index.php?rest_route=%2Fwp%2Fv2%2Fmedia&parent=1893"}],"wp:term":[{"taxonomy":"category","embeddable":true,"href":"https:\/\/www.kneipp-garbsen.de\/index.php?rest_route=%2Fwp%2Fv2%2Fcategories&post=1893"},{"taxonomy":"post_tag","embeddable":true,"href":"https:\/\/www.kneipp-garbsen.de\/index.php?rest_route=%2Fwp%2Fv2%2Ftags&post=1893"}],"curies":[{"name":"wp","href":"https:\/\/api.w.org\/{rel}","templated":true}]}}