{"id":1867,"date":"2021-09-05T12:15:10","date_gmt":"2021-09-05T10:15:10","guid":{"rendered":"https:\/\/www.kneipp-garbsen.de\/?p=1867"},"modified":"2021-09-05T12:15:10","modified_gmt":"2021-09-05T10:15:10","slug":"kinder-kneipp-tag-ferienpassaktion","status":"publish","type":"post","link":"https:\/\/www.kneipp-garbsen.de\/?p=1867","title":{"rendered":"Kinder Kneipp-Tag \u2013 Ferienpassaktion"},"content":{"rendered":"<p>In diesem Jahr wurde von der Stadt Garbsen wieder, trotz Pandemie, die Ferienpass Akti-on durchgef\u00fchrt. Der Kneipp-Verein veranstaltete einen Kneipp-Tag, der von Peggy und Manuela durchgef\u00fchrt wurde. Den Kindern wurden die Kneipp-Inhalte erl\u00e4utert und sie konnten das Wassertreten und das Armbecken praktisch ausprobieren. Die Kinder konn-ten selbst Kr\u00e4uterquark herstellen und haben ihn am Schluss auch selbst mit Appetit zu Wei\u00dfbrot verk\u00f6stigt. Da zus\u00e4tzlich das Wetter sehr sch\u00f6n war, war es f\u00fcr alle ein toller Tag.<\/p>\n","protected":false},"excerpt":{"rendered":"<p>In diesem Jahr wurde von der Stadt Garbsen wieder, trotz Pandemie, die Ferienpass Akti-on durchgef\u00fchrt. Der Kneipp-Verein veranstaltete einen Kneipp-Tag, der von Peggy und Manuela durchgef\u00fchrt wurde. Den Kindern wurden die Kneipp-Inhalte erl\u00e4utert und sie konnten das Wassertreten und das Armbecken praktisch ausprobieren. Die Kinder konn-ten selbst Kr\u00e4uterquark herstellen und haben ihn am Schluss auch selbst mit Appetit zu Wei\u00dfbrot<span class=\"excerpt-hellip\"> [\u2026]<\/span><\/p>\n","protected":false},"author":2,"featured_media":1863,"comment_status":"open","ping_status":"open","sticky":false,"template":"","format":"standard","meta":{"jetpack_post_was_ever_published":false,"_jetpack_newsletter_access":"","_jetpack_dont_email_post_to_subs":false,"_jetpack_newsletter_tier_id":0,"_jetpack_memberships_contains_paywalled_content":false,"_jetpack_memberships_contains_paid_content":false,"footnotes":"","jetpack_publicize_message":"","jetpack_publicize_feature_enabled":true,"jetpack_social_post_already_shared":false,"jetpack_social_options":{"image_generator_settings":{"template":"highway","default_image_id":0,"font":"","enabled":false},"version":2}},"categories":[1],"tags":[],"class_list":["post-1867","post","type-post","status-publish","format-standard","has-post-thumbnail","hentry","category-allgemein"],"jetpack_publicize_connections":[],"jetpack_featured_media_url":"https:\/\/i0.wp.com\/www.kneipp-garbsen.de\/wp-content\/uploads\/2021\/09\/Ferienprogramm-Kinder-Kneipp-Tag-scaled.jpg?fit=2560%2C1440&ssl=1","jetpack_sharing_enabled":true,"_links":{"self":[{"href":"https:\/\/www.kneipp-garbsen.de\/index.php?rest_route=\/wp\/v2\/posts\/1867","targetHints":{"allow":["GET"]}}],"collection":[{"href":"https:\/\/www.kneipp-garbsen.de\/index.php?rest_route=\/wp\/v2\/posts"}],"about":[{"href":"https:\/\/www.kneipp-garbsen.de\/index.php?rest_route=\/wp\/v2\/types\/post"}],"author":[{"embeddable":true,"href":"https:\/\/www.kneipp-garbsen.de\/index.php?rest_route=\/wp\/v2\/users\/2"}],"replies":[{"embeddable":true,"href":"https:\/\/www.kneipp-garbsen.de\/index.php?rest_route=%2Fwp%2Fv2%2Fcomments&post=1867"}],"version-history":[{"count":1,"href":"https:\/\/www.kneipp-garbsen.de\/index.php?rest_route=\/wp\/v2\/posts\/1867\/revisions"}],"predecessor-version":[{"id":1868,"href":"https:\/\/www.kneipp-garbsen.de\/index.php?rest_route=\/wp\/v2\/posts\/1867\/revisions\/1868"}],"wp:featuredmedia":[{"embeddable":true,"href":"https:\/\/www.kneipp-garbsen.de\/index.php?rest_route=\/wp\/v2\/media\/1863"}],"wp:attachment":[{"href":"https:\/\/www.kneipp-garbsen.de\/index.php?rest_route=%2Fwp%2Fv2%2Fmedia&parent=1867"}],"wp:term":[{"taxonomy":"category","embeddable":true,"href":"https:\/\/www.kneipp-garbsen.de\/index.php?rest_route=%2Fwp%2Fv2%2Fcategories&post=1867"},{"taxonomy":"post_tag","embeddable":true,"href":"https:\/\/www.kneipp-garbsen.de\/index.php?rest_route=%2Fwp%2Fv2%2Ftags&post=1867"}],"curies":[{"name":"wp","href":"https:\/\/api.w.org\/{rel}","templated":true}]}}