{"id":1802,"date":"2021-08-26T17:16:16","date_gmt":"2021-08-26T15:16:16","guid":{"rendered":"https:\/\/www.kneipp-garbsen.de\/?p=1802"},"modified":"2021-08-27T16:58:02","modified_gmt":"2021-08-27T14:58:02","slug":"das-wirtshaus-im-spessart-ohne-raeuber","status":"publish","type":"post","link":"https:\/\/www.kneipp-garbsen.de\/?p=1802","title":{"rendered":"Das Wirtshaus im Spessart &#8211; ohne R\u00e4uber"},"content":{"rendered":"<p>Na gut, unser Wirtshaus hei\u00dft \u201eSpessartruh\u201c und steht in Frammersbach, aber es ist im Spessart und war unser Wirtshaus in der Zeit vom 20. August bis 26. August des Jahres 2021. Liselotte trafen wir nicht, trotzdem wandelten wir auf ihren Spuren. Aber der Reihe nach, Manuela hat die Reise f\u00fcr den Kneipp-Verein bereits seit 2019 vorbereitet, von der Idee, \u00fcber die Probefahrt, durch die Corona-Pandemie. Am Freitag, dem Anreisetag, wurden insgesamt 29 Kneippianer von verschiedenen Treffpunkten mit einem Bus von BLOCK-Reisen abgeholt. Der Busfahrer Uwe war bei einigen Teilnehmern schon bekannt, er hat schon einige Reisen des Kneipp-Vereins gefahren. Zwei Reiseteilnehmer hatten sich f\u00fcr eine eigene Anreise entschieden. Frammersbach erreichten wir p\u00fcnktlich und wurden von den Wirtsleuten, Familie Freitag, sehr herzlich mit einem Glas Sekt begr\u00fc\u00dft. \u00a0Die Teilnehmer, die mit dem eigenen Auto angereist waren, kamen ebenfalls p\u00fcnktlich an. Die Zimmerverteilung ging schnell vonstatten und am ersten Abend schmeckte das servierte 4-G\u00e4nge-Men\u00fc allen sehr gut. Danach nutzten die ersten Kneippianer bereits die Schwimmhalle. Typisch, Kneippianer und Wasser sind halt nicht lange zu trennen. Dann gab es einen Hilferuf, Ulla konnte pl\u00f6tzlich nicht mehr laufen. Gemeinsam halfen ihr aufs Zimmer. Da es ihr am Morgen nicht besser ging, wurde sie vom herbeigerufenen Notarzt ins Krankenhaus gebracht. Lutz besuchte sie gemeinsam mit dem Busfahrer Uwe am Abend und brachten ihr pers\u00f6nliche Sachen. Am Samstag war f\u00fcr die \u00dcbrigen ein Ausflug nach Lohr am Main geplant. Es war ein hei\u00dfer Sommertag, der die Mainschifffahrt perfekt untermalte. Der Sonntag sollte regnerisch sein, so dass sich die Teilnehmer entsprechend darauf einstellten. Als es trotzdem den ganzen Tag, w\u00e4hrend der Stadtf\u00fchrung in W\u00fcrzburg, dem Stadtbummel und der abschlie\u00dfenden Bimmelbahnfahrt trocken blieb, hat der Freude keinen Abbruch getan. Gelernt haben wir, dass die Franken bescheiden und gen\u00fcgsam sind.<\/p>\n<p><img data-recalc-dims=\"1\" loading=\"lazy\" decoding=\"async\" class=\"size-medium wp-image-1795 alignleft\" src=\"https:\/\/i0.wp.com\/www.kneipp-garbsen.de\/wp-content\/uploads\/2021\/08\/20210820_143802.jpg?resize=300%2C225&#038;ssl=1\" alt=\"\" width=\"300\" height=\"225\" srcset=\"https:\/\/i0.wp.com\/www.kneipp-garbsen.de\/wp-content\/uploads\/2021\/08\/20210820_143802-scaled.jpg?resize=300%2C225&amp;ssl=1 300w, https:\/\/i0.wp.com\/www.kneipp-garbsen.de\/wp-content\/uploads\/2021\/08\/20210820_143802-scaled.jpg?resize=1024%2C768&amp;ssl=1 1024w, https:\/\/i0.wp.com\/www.kneipp-garbsen.de\/wp-content\/uploads\/2021\/08\/20210820_143802-scaled.jpg?resize=768%2C576&amp;ssl=1 768w, https:\/\/i0.wp.com\/www.kneipp-garbsen.de\/wp-content\/uploads\/2021\/08\/20210820_143802-scaled.jpg?resize=1536%2C1152&amp;ssl=1 1536w, https:\/\/i0.wp.com\/www.kneipp-garbsen.de\/wp-content\/uploads\/2021\/08\/20210820_143802-scaled.jpg?resize=2048%2C1536&amp;ssl=1 2048w, https:\/\/i0.wp.com\/www.kneipp-garbsen.de\/wp-content\/uploads\/2021\/08\/20210820_143802-scaled.jpg?resize=195%2C146&amp;ssl=1 195w, https:\/\/i0.wp.com\/www.kneipp-garbsen.de\/wp-content\/uploads\/2021\/08\/20210820_143802-scaled.jpg?resize=50%2C38&amp;ssl=1 50w, https:\/\/i0.wp.com\/www.kneipp-garbsen.de\/wp-content\/uploads\/2021\/08\/20210820_143802-scaled.jpg?resize=100%2C75&amp;ssl=1 100w, https:\/\/i0.wp.com\/www.kneipp-garbsen.de\/wp-content\/uploads\/2021\/08\/20210820_143802-scaled.jpg?w=2440&amp;ssl=1 2440w\" sizes=\"auto, (max-width:767px) 300px, 300px\" \/><\/p>\n<p>F\u00fcr Bad Orb hatte ich im Vorfeld gro\u00df die sch\u00f6nste Wassertretanlage angek\u00fcndigt, die uns bekannt sei. Als wir dann hinkamen, wurden wir allerdings \u00fcberrascht, aber angenehm. Denn die Start Orb hatte die Wassertretanlage ersetzt durch einen nagelneue Edelstahlanlage. War auch sehr sch\u00f6n anzusehen und nat\u00fcrlich auch zweckentsprechend. Nebenbei erfuhren wir von den anwesenden Mitarbeitern der Stadtwerke, die diese Anlage gerade pflegten, dass allein Bad Orb drei Wassertretanlagen hat. Diese konnten wir aber nicht alle besichtigen. Daf\u00fcr wurde der angrenzende Barfu\u00dfpfad nur besichtigt, zum Nutzen und Testen war das Wetter nicht unbedingt geeignet. Nat\u00fcrlich wurde uns auch hier auf einer Stadtf\u00fchrung das Wichtigste und das Interessanteste \u00fcber die Stadt erz\u00e4hlt. Dass Bad Orb aufgrund der Salzgewinnung und dem Bestreben einzelner B\u00fcrger zum Kurort ernannt wurde, ist hier eine Erkenntnis.<\/p>\n<p>Wertheim ist ein Ort, der noch nie meine Aufmerksamkeit genoss, oder auf meiner ToDo-Liste stand. Das w\u00e4re aber ein schweres Vers\u00e4umnis gewesen, wie ich feststellen konnte. Wertheim ist eine sehr sch\u00f6ne Stadt an der n\u00f6rdlichsten Grenze Baden-W\u00fcrttembergs, am Zufluss der Tauber in den Main. Weiter f\u00fchrte uns der Ausflug zum Wasserschloss Mespelbrunn. Der Drehort des Wirtshauses im Film fiel dem Bau der A3 zum Opfer, aber einige Szenen im ber\u00fchmten Film mit Liselotte Pulver wurden auch in diesem Wasserschloss gedreht, durch das uns die F\u00f6rsterin des Spessartwaldes f\u00fchrte. Am Abend wurde gegrillt.<\/p>\n<p>Ulla ist auch wieder aus dem Krankenhaus zur\u00fcckgekommen. Es geht ihr den Umst\u00e4nden entsprechend gut, konnte aber leider die Tage, an denen wir gro\u00dfartige Unternehmungen hatten, nicht genie\u00dfen.<\/p>\n<p><img data-recalc-dims=\"1\" loading=\"lazy\" decoding=\"async\" class=\"size-medium wp-image-1805 alignright\" src=\"https:\/\/i0.wp.com\/www.kneipp-garbsen.de\/wp-content\/uploads\/2021\/08\/20210821_115438.jpg?resize=300%2C225&#038;ssl=1\" alt=\"\" width=\"300\" height=\"225\" srcset=\"https:\/\/i0.wp.com\/www.kneipp-garbsen.de\/wp-content\/uploads\/2021\/08\/20210821_115438-scaled.jpg?resize=300%2C225&amp;ssl=1 300w, https:\/\/i0.wp.com\/www.kneipp-garbsen.de\/wp-content\/uploads\/2021\/08\/20210821_115438-scaled.jpg?resize=1024%2C768&amp;ssl=1 1024w, https:\/\/i0.wp.com\/www.kneipp-garbsen.de\/wp-content\/uploads\/2021\/08\/20210821_115438-scaled.jpg?resize=768%2C576&amp;ssl=1 768w, https:\/\/i0.wp.com\/www.kneipp-garbsen.de\/wp-content\/uploads\/2021\/08\/20210821_115438-scaled.jpg?resize=1536%2C1152&amp;ssl=1 1536w, https:\/\/i0.wp.com\/www.kneipp-garbsen.de\/wp-content\/uploads\/2021\/08\/20210821_115438-scaled.jpg?resize=2048%2C1536&amp;ssl=1 2048w, https:\/\/i0.wp.com\/www.kneipp-garbsen.de\/wp-content\/uploads\/2021\/08\/20210821_115438-scaled.jpg?resize=195%2C146&amp;ssl=1 195w, https:\/\/i0.wp.com\/www.kneipp-garbsen.de\/wp-content\/uploads\/2021\/08\/20210821_115438-scaled.jpg?resize=50%2C38&amp;ssl=1 50w, https:\/\/i0.wp.com\/www.kneipp-garbsen.de\/wp-content\/uploads\/2021\/08\/20210821_115438-scaled.jpg?resize=100%2C75&amp;ssl=1 100w, https:\/\/i0.wp.com\/www.kneipp-garbsen.de\/wp-content\/uploads\/2021\/08\/20210821_115438-scaled.jpg?w=2440&amp;ssl=1 2440w\" sizes=\"auto, (max-width:767px) 300px, 300px\" \/><\/p>\n<p>Am letzten Tag hatten wir alle Freizeit, die von vielen f\u00fcr ausgedehnte Wanderungen und andere Aktionen, darunter auch ausruhen, genutzt wurden. Am Abend gab es noch eine Bierverkostung der Frammersbacher Brauerei. Und damit das Bier nicht so trocken heruntergew\u00fcrgt werden muss, gab es eine frische Riesenbrezel dazu. Nach dem Abendessen gab es von der Wirtin des Hotels \u201eSpessartruh\u201c einen Abschiedskr\u00e4uterschnaps und freundliche Worte des Abschieds. Auch wir bedankten uns mit netten Worten, einem Obolus f\u00fcr die Trinkgeldkasse und spendeten Beifall f\u00fcr den sehr pers\u00f6nlichen und freundlichen Service und die Unterst\u00fctzung bei der L\u00f6sung manchen Problems. Der Dank richtet sich ausdr\u00fccklich auch an die \u201eunsichtbaren\u201c Mitarbeiter des Hotels, die Zimmerm\u00e4dchen, die K\u00fcchenhilfen und weitere.<br \/>\nSo k\u00f6nnen die Tage in Frammersbach, nicht zuletzt auch durch die Kooperation des Busfahrers Uwe, zu einem Highlight des Vereinslebens in guter Erinnerung bleiben.<\/p>\n<p>Weitere Bilder zu dieser Reise findet Ihr<a href=\"https:\/\/www.kneipp-garbsen.de\/?page_id=216\"> hier.<\/a><\/p>\n","protected":false},"excerpt":{"rendered":"<p>Na gut, unser Wirtshaus hei\u00dft \u201eSpessartruh\u201c und steht in Frammersbach, aber es ist im Spessart und war unser Wirtshaus in der Zeit vom 20. August bis 26. August des Jahres 2021. Liselotte trafen wir nicht, trotzdem wandelten wir auf ihren Spuren. Aber der Reihe nach, Manuela hat die Reise f\u00fcr den Kneipp-Verein bereits seit 2019 vorbereitet, von der Idee, \u00fcber<span class=\"excerpt-hellip\"> [\u2026]<\/span><\/p>\n","protected":false},"author":2,"featured_media":1793,"comment_status":"open","ping_status":"open","sticky":false,"template":"","format":"standard","meta":{"jetpack_post_was_ever_published":false,"_jetpack_newsletter_access":"","_jetpack_dont_email_post_to_subs":false,"_jetpack_newsletter_tier_id":0,"_jetpack_memberships_contains_paywalled_content":false,"_jetpack_memberships_contains_paid_content":false,"footnotes":"","jetpack_publicize_message":"","jetpack_publicize_feature_enabled":true,"jetpack_social_post_already_shared":false,"jetpack_social_options":{"image_generator_settings":{"template":"highway","default_image_id":0,"font":"","enabled":false},"version":2}},"categories":[1],"tags":[],"class_list":["post-1802","post","type-post","status-publish","format-standard","has-post-thumbnail","hentry","category-allgemein"],"jetpack_publicize_connections":[],"jetpack_featured_media_url":"https:\/\/i0.wp.com\/www.kneipp-garbsen.de\/wp-content\/uploads\/2021\/08\/20210820_114614-scaled.jpg?fit=2560%2C1920&ssl=1","jetpack_sharing_enabled":true,"_links":{"self":[{"href":"https:\/\/www.kneipp-garbsen.de\/index.php?rest_route=\/wp\/v2\/posts\/1802","targetHints":{"allow":["GET"]}}],"collection":[{"href":"https:\/\/www.kneipp-garbsen.de\/index.php?rest_route=\/wp\/v2\/posts"}],"about":[{"href":"https:\/\/www.kneipp-garbsen.de\/index.php?rest_route=\/wp\/v2\/types\/post"}],"author":[{"embeddable":true,"href":"https:\/\/www.kneipp-garbsen.de\/index.php?rest_route=\/wp\/v2\/users\/2"}],"replies":[{"embeddable":true,"href":"https:\/\/www.kneipp-garbsen.de\/index.php?rest_route=%2Fwp%2Fv2%2Fcomments&post=1802"}],"version-history":[{"count":4,"href":"https:\/\/www.kneipp-garbsen.de\/index.php?rest_route=\/wp\/v2\/posts\/1802\/revisions"}],"predecessor-version":[{"id":1856,"href":"https:\/\/www.kneipp-garbsen.de\/index.php?rest_route=\/wp\/v2\/posts\/1802\/revisions\/1856"}],"wp:featuredmedia":[{"embeddable":true,"href":"https:\/\/www.kneipp-garbsen.de\/index.php?rest_route=\/wp\/v2\/media\/1793"}],"wp:attachment":[{"href":"https:\/\/www.kneipp-garbsen.de\/index.php?rest_route=%2Fwp%2Fv2%2Fmedia&parent=1802"}],"wp:term":[{"taxonomy":"category","embeddable":true,"href":"https:\/\/www.kneipp-garbsen.de\/index.php?rest_route=%2Fwp%2Fv2%2Fcategories&post=1802"},{"taxonomy":"post_tag","embeddable":true,"href":"https:\/\/www.kneipp-garbsen.de\/index.php?rest_route=%2Fwp%2Fv2%2Ftags&post=1802"}],"curies":[{"name":"wp","href":"https:\/\/api.w.org\/{rel}","templated":true}]}}