{"id":1621,"date":"2020-08-30T17:51:45","date_gmt":"2020-08-30T15:51:45","guid":{"rendered":"https:\/\/www.kneipp-garbsen.de\/?p=1621"},"modified":"2020-08-31T19:58:52","modified_gmt":"2020-08-31T17:58:52","slug":"ueber-die-geschichte-der-kneipp-bewegung","status":"publish","type":"post","link":"https:\/\/www.kneipp-garbsen.de\/?p=1621","title":{"rendered":"\u00dcber die Geschichte der Kneipp-Bewegung"},"content":{"rendered":"<p>Im n\u00e4chsten Jahr feiern wir den 200sten Geburtstag von Sebastian Kneipp. Aus diesem Anlass m\u00f6chten wir Euch die Person unseres Namensgebers vergegenw\u00e4rtigen und seine Lehre zusammenfassen. Das hat der Kneippbund bereits sehr sch\u00f6n vorbereitet, sodass wir den Text Euch hiermit nahe und in Erinnerung bringen.<br \/>\nAlles begann mit dem Namensgeber: Sebastian Kneipp (1821-1897) ist der Begr\u00fcnder eines ganzheitlichen Naturheilverfahrens. Die grundlegenden Ideen stammen aus eigener Erfahrung: W\u00e4hrend seines Theologiestudiums kuriert Kneipp eine schwere Lungentuberkulose mit kalten Tauchb\u00e4dern in der Donau. Nach seiner Genesung systematisierte er sein fundiertes Wissen \u00fcber Gesundheit und Krankheit, wobei neben der Wasseranwendung auch der Einsatz von Heilpflanzen f\u00fcr die Pr\u00e4vention und Therapie im Zentrum steht. Kneipp verbreitet seine Lehre in Vortr\u00e4gen und Schriften, unter ihnen das Buch \u201eMeine Wasserkur\u201c, das auf Anhieb zu einem Bestseller und in viele Sprachen \u00fcbersetzt wird. Seit 1855 lebt Kneipp in Bad W\u00f6rishofen, zun\u00e4chst als Beichtvater im Dominikanerinnenkloster, dann als Pfarrer der 990-Seelen-Gemeinde. Im letzten Jahrzehnt seines Lebens verleiht er seinen therapeutischen Lehren in Zusammenarbeit mit \u00c4rzten ein wissenschaftliches Fundament. Unter dem Dachverband des Kneipp-Bundes existieren heute in Deutschland \u00fcber 660 Kneipp-Vereine mit etwa 160.000 Mitgliedern.<br \/>\n<b>LEBENSRHYTHMUS \u2013 Ausgleich und Harmonie<\/b><br \/>\nDieses Element verbindet die \u00fcbrigen vier Elemente miteinander und liefert die Grundlage f\u00fcr ein Leben in gr\u00f6\u00dftm\u00f6glicher Ausgeglichenheit und Harmonie mit der Gesellschaft und der Umwelt. Eine gesunde Lebensweise begegnet den Belastungen des Alltags mit einem entsprechenden Ausgleich in Ihrem Inneren.<br \/>\n<b>WASSER \u2013 Aktiviert Ihre Abwehrkr\u00e4fte<\/b><br \/>\nWasser machte Sebastian Kneipp ber\u00fchmt. Er heilte seine Tuberkulose durch B\u00e4der im kalten Flusswasser und entwickelte daraus ein komplexes System f\u00fcr Gesundheitsf\u00f6rde-rung. Bei klassischen Wasseranwendungen wird &#8217;s Ihnen prickelnd hei\u00df und kalt! Wasser als Tr\u00e4ger von W\u00e4rme und K\u00e4lte h\u00e4lt gesund:<br \/>\nSt\u00e4rkt die Leistungsf\u00e4higkeit, aktiviert die Abwehrkr\u00e4fte und verfeinert Ihre Selbstwahrnehmung.<br \/>\n<b>BEWEGUNG \u2013 St\u00e4rkt Ihr Herz-Kreislauf-System<\/b><br \/>\nWandern, Radfahren, Schwimmen, Walken oder sanfte meditative Bewegungsformen aus fernen L\u00e4ndern &#8211; es gibt viele M\u00f6glichkeiten, genau das Richtige f\u00fcr mehr Entspannung, mehr Beweglichkeit und Freude im Leben zu finden. Je nach Beruf, Lebensweise und pers\u00f6nlichem Stressfaktor treffen Sie Ihre Wahl aus dem Angebot des Kneipp-Vereins oder Ihrer Umgebung. Kneipp bedeutet Bewegung sinnvoll in den Alltag zu integrieren und damit Ausdauer, Koordination und das Herz-Kreislauf-System zu st\u00e4rken. Bieten Sie dem Krankmacher Nummer 1 unserer Zeit die Stirn: dem Stress. Einen Gesundheitsbonus erreichen Sie mit Bewegung im Freien &#8211; Licht und Luft streicheln die Seele.<br \/>\n<b>ERN\u00c4HRUNG \u2013 F\u00f6rdert Ihr Wohlbefinden<\/b><br \/>\nEssen nach Kneipp ist einfach gut. &#8211; schmackhaft, vielseitig, vollwertig und frisch. In der Zubereitung geben Sie den regionalen Produkten der Saison den Vorzug. Ballaststoffreiche Kost f\u00f6rdert Ihr Wohlbefinden und Ihre Vitalit\u00e4t, macht Sie fit f\u00fcr die Anforderungen des Alltags und versorgt Sie mit allem was der K\u00f6rper braucht.<br \/>\n<b>KR\u00c4UTER \u2013 Unterst\u00fctzt Ihre Gesundheit<\/b><br \/>\nGesunde Wirkung aus der Natur: So sch\u00fctzen Sie sich vor Krankheiten und lindern viele Beschwerden. Sebastian Kneipp war ein \u00fcberzeugter Experte und Phytotherapeut. Nach seinem Tod bewies die Forschung, wie Recht er mit seinen Empfehlungen hatte. Lernen auch Sie die Hausmittel sch\u00e4tzen, die er vor 150 Jahren eingesetzt hat. Ob als Tee, Gew\u00fcrz, Wickel- und Badezusatz oder Salbe: Pflanzen sind Vielseitige Helfer f\u00fcr Gesundheit und Wohlbefinden.<\/p>\n<p>Sebastian Kneipp konnte trefflich in wenigen Worten zusammenfassen, was ihm wichtig war. Sein reichhaltiger Zitatenschatz ist weitgehend erhalten. Vor allem sein Arzt und Biograph Dr. Alfred Baumgarten hat viele Aussagen Kneipps dokumentiert. Einige der interessantesten Kneipp-Worte haben wir f\u00fcr Sie zusammengestellt.<br \/>\n\u201eViele f\u00fcrchten sich nach W\u00f6rishofen zu kommen, weil sie meinen, hierher zu kommen und im Wasser zu ersaufen, sei eins.\u201c<br \/>\nDer Kneippfreund und Erzabt des Klosters Beuron, Maurus Wolter, schrieb:<br \/>\n\u201eKanne gie\u00dfe, Wasser flie\u00dfe, dass die schwachen Glieder finden Leben wieder.\u201c<br \/>\n\u201eDer Schwindel ist leichter zu heilen als der Schwindler.\u201c<br \/>\n\u201eDie Kurg\u00e4ste haben\u00b4s hier immer eilig. Erst haben sie anderswo jahrelang herumgedoktert, dann kommen sie nach W\u00f6rishofen, holen ihre Verordnungen und wollen am n\u00e4chsten Tag mit dem ersten Schnellzug wieder weg.\u201c<br \/>\n\u201eWenn ihr das kleine Kind zum ersten Male ins kalte Wasser taucht, wird es schreien. Es schreit aber auch, wenn ihr\u00b4s nicht hineintaucht.\u201c<br \/>\n\u201eIch warne vor zu vielen Wasseranwendungen. Die Natur soll man nicht \u00fcberladen.\u201c<br \/>\nEin Kurgast dichtete 1891:<br \/>\n\u201eWahre Wunder hat die Kraft des kalten Wassers schon vollbracht, Lahme gehen, Blinde sehen, wenn die Kur sie durchgemacht.\u201c<br \/>\n\u201eVon 100 Kranken, die bei mir \u00fcber ihren kranken Magen klagen, tun dies 99 zu Unrecht. Nicht der Magen ist krank, sondern der K\u00f6rper.\u201c<br \/>\nDr. Alfred Baumgarten erinnert sich:<br \/>\n\u201eBeim Umgang des Pfarrers Kneipp mit seinen Kranken gab\u00b4s keine Standesunterschiede; ob das eine Gr\u00e4fin war oder eine Bauersfrau, ein Baron oder ein einfacher Mann, das war ihm vollst\u00e4ndig gleichg\u00fcltig.\u201c<br \/>\nDie Patientin Regine Friedl\u00e4nder aus Wien litt an Schlaflosigkeit und konsultierte Pfarrer<br \/>\nKneipp:<br \/>\n\u201eIch bin seit Jahren gezwungen, zum Chloral meine Zuflucht zu nehmen.\u201c<br \/>\nKneipp rang die H\u00e4nde und rief:<br \/>\n\u201eVom Choral kriegen\u00b4s keinen Schlaf, das ist nur Bet\u00e4ubung und bet\u00e4uben tut ma ja nit amal ein Ross oder einen Ochsen.\u201c<br \/>\n\u201eWas ich von den Getr\u00e4nken halte, habe ich schon oft gesagt, das Wasser ist mir zu nass, das Bier zu schlecht, der Wein zu kostspielig.\u201c<br \/>\nIn einem seiner Vortr\u00e4ge hatte Pfarrer Kneipp wieder einmal gegen dumme Gewohnheiten gewettert und dann seine Regeln f\u00fcr ein vern\u00fcnftiges Leben dargestellt:<br \/>\n\u201eNun habe ich es Euch gesagt. Wenn Ihr es tut, ist es recht, wenn nicht, so habe ich es Euch gesagt. Macht nun, was Ihr wollt!\u201c<br \/>\n\u00dcber die Lebensumst\u00e4nde der armen Leute in seiner Jugend sagte Kneipp:<br \/>\n\u201eDie Not war oft so gro\u00df, dass man zum Beten kaum mehr Zeit hatte.\u201c<br \/>\n\u201eM\u00f6rder bekommen lebensl\u00e4nglich, Nahrungsmittelf\u00e4lscher sollten die gleiche Strafe erhalten.\u201c<br \/>\n\u201eIch bin ganz gegen den Zwieback \u2013 und wenn Ihr vom Pfarrer Kneipp Zwieback lest, so ist das erlogen.\u201c<br \/>\nEin Gesch\u00e4ftsmann brachte den \u201eKneipp-Malzkaffee\u201c auf den Markt und Pfarrer Kneipp<br \/>\nmahnte:<br \/>\n\u201eMacht die Br\u00fche nicht zud\u00fcnn!\u201c<br \/>\n\u201eW\u00fcrden alle guten Lehren angenommen und befolgt, so w\u00e4re die Erde l\u00e4ngst schon der Himmel.\u201c<br \/>\n\u201eSaufe w\u00f6lle se alle, aber sterbe will koiner!\u201c<br \/>\n\u201eWas gibt es Sch\u00f6neres als die Liebe zur Einfachheit.\u201c<\/p>\n<p>Bild und Text aus: https:\/\/www.kneippbund.de\/<\/p>\n","protected":false},"excerpt":{"rendered":"<p>Im n\u00e4chsten Jahr feiern wir den 200sten Geburtstag von Sebastian Kneipp. Aus diesem Anlass m\u00f6chten wir Euch die Person unseres Namensgebers vergegenw\u00e4rtigen und seine Lehre zusammenfassen. Das hat der Kneippbund bereits sehr sch\u00f6n vorbereitet, sodass wir den Text Euch hiermit nahe und in Erinnerung bringen. Alles begann mit dem Namensgeber: Sebastian Kneipp (1821-1897) ist der Begr\u00fcnder eines ganzheitlichen Naturheilverfahrens. Die<span class=\"excerpt-hellip\"> [\u2026]<\/span><\/p>\n","protected":false},"author":2,"featured_media":1623,"comment_status":"open","ping_status":"open","sticky":false,"template":"","format":"standard","meta":{"jetpack_post_was_ever_published":false,"_jetpack_newsletter_access":"","_jetpack_dont_email_post_to_subs":false,"_jetpack_newsletter_tier_id":0,"_jetpack_memberships_contains_paywalled_content":false,"_jetpack_memberships_contains_paid_content":false,"footnotes":"","jetpack_publicize_message":"","jetpack_publicize_feature_enabled":true,"jetpack_social_post_already_shared":false,"jetpack_social_options":{"image_generator_settings":{"template":"highway","default_image_id":0,"font":"","enabled":false},"version":2}},"categories":[1],"tags":[],"class_list":["post-1621","post","type-post","status-publish","format-standard","has-post-thumbnail","hentry","category-allgemein"],"jetpack_publicize_connections":[],"jetpack_featured_media_url":"https:\/\/i0.wp.com\/www.kneipp-garbsen.de\/wp-content\/uploads\/2020\/08\/Sebastian-Kneipp.png?fit=600%2C450&ssl=1","jetpack_sharing_enabled":true,"_links":{"self":[{"href":"https:\/\/www.kneipp-garbsen.de\/index.php?rest_route=\/wp\/v2\/posts\/1621","targetHints":{"allow":["GET"]}}],"collection":[{"href":"https:\/\/www.kneipp-garbsen.de\/index.php?rest_route=\/wp\/v2\/posts"}],"about":[{"href":"https:\/\/www.kneipp-garbsen.de\/index.php?rest_route=\/wp\/v2\/types\/post"}],"author":[{"embeddable":true,"href":"https:\/\/www.kneipp-garbsen.de\/index.php?rest_route=\/wp\/v2\/users\/2"}],"replies":[{"embeddable":true,"href":"https:\/\/www.kneipp-garbsen.de\/index.php?rest_route=%2Fwp%2Fv2%2Fcomments&post=1621"}],"version-history":[{"count":3,"href":"https:\/\/www.kneipp-garbsen.de\/index.php?rest_route=\/wp\/v2\/posts\/1621\/revisions"}],"predecessor-version":[{"id":1626,"href":"https:\/\/www.kneipp-garbsen.de\/index.php?rest_route=\/wp\/v2\/posts\/1621\/revisions\/1626"}],"wp:featuredmedia":[{"embeddable":true,"href":"https:\/\/www.kneipp-garbsen.de\/index.php?rest_route=\/wp\/v2\/media\/1623"}],"wp:attachment":[{"href":"https:\/\/www.kneipp-garbsen.de\/index.php?rest_route=%2Fwp%2Fv2%2Fmedia&parent=1621"}],"wp:term":[{"taxonomy":"category","embeddable":true,"href":"https:\/\/www.kneipp-garbsen.de\/index.php?rest_route=%2Fwp%2Fv2%2Fcategories&post=1621"},{"taxonomy":"post_tag","embeddable":true,"href":"https:\/\/www.kneipp-garbsen.de\/index.php?rest_route=%2Fwp%2Fv2%2Ftags&post=1621"}],"curies":[{"name":"wp","href":"https:\/\/api.w.org\/{rel}","templated":true}]}}