{"id":1594,"date":"2020-07-18T08:32:02","date_gmt":"2020-07-18T06:32:02","guid":{"rendered":"https:\/\/www.kneipp-garbsen.de\/?p=1594"},"modified":"2020-07-18T08:39:54","modified_gmt":"2020-07-18T06:39:54","slug":"tagesfahrt-in-die-lueneburger-heide","status":"publish","type":"post","link":"https:\/\/www.kneipp-garbsen.de\/?p=1594","title":{"rendered":"Tagesfahrt in die L\u00fcneburger Heide"},"content":{"rendered":"<p><strong>Liebe Kneippianer, in diesem Jahr mussten wir schon coronabedingt einige Fahrten und Ausfl\u00fcge absagen.<\/strong><br \/>\nJetzt ist auch der Ausflug nach Nienburg ins Polizeimuseum nicht m\u00f6glich. Hier werden erst voraussichtlich im n\u00e4chsten Jahr wieder F\u00fchrungen durchgef\u00fchrt.<br \/>\nWir haben uns gedacht, wenn schon keine Rhododendren dann aber die bl\u00fchende Heide.<br \/>\nDen bereits vorgemerkten Termin, 08. September 2020, haben wir vorgesehen, um eine Tagesfahrt mit dem Bus in die L\u00fcneburger Heide zu unternehmen.<br \/>\n<strong>Das Programm sieht wie folgt aus:<\/strong><br \/>\n08:30 Abfahrt in Garbsen (Endhaltestelle Planetenring), 08.40 Uhr Einstieg in Berenbostel bei Renault Ahrens m\u00f6glich.<br \/>\nWeiterfahrt nach Niederhaverbeck, 1 \u00bd Std. Kutschfahrt, danach Gelegenheit zum Mittagsimbiss (nicht im Preis enthalten) anschl. Fahrt mit Reiseleiter durch den Bereich Bispingen-Schneverdingen.<br \/>\nDas Arrangement beinhaltet: Busfahrt, Kutschfahrt, Rundfahrt mit Reiseleitung sowie Kaffeegedeck.<br \/>\nDer Fahrpreis betr\u00e4gt 50,00 Euro.<br \/>\nDen Abschluss bildet ein gemeinsames Kaffeetrinken mit 1 St\u00fcck Buchweizentorte und Kaffee\/Tee satt (im Fahrpreis enthalten).<br \/>\n<strong>Damit wir planen k\u00f6nnen, bitten wir um schnelle Anmeldung per Brief, Telefon oder E-Mail bei<\/strong><br \/>\n<strong>Ingrid Schmidt, Edith-Stein-Str. 22, 30823 Garbsen, Tel. 05131-47 62 93 oder mobil 0151-463 29 499 oder per E-Mail: sdti.gbs@t-online.de<\/strong><br \/>\nDamit gew\u00e4hrleistet ist, dass der Platz auch verbindlich reserviert ist, bitten wir zusammen mit der Anmeldung um \u00dcberweisung von 50,00 Euro pro Person auf das Konto:<br \/>\nIngrid Schmidt, IBAN: DE92 5001 0517 5547 7659 05<\/p>\n","protected":false},"excerpt":{"rendered":"<p>Liebe Kneippianer, in diesem Jahr mussten wir schon coronabedingt einige Fahrten und Ausfl\u00fcge absagen. Jetzt ist auch der Ausflug nach Nienburg ins Polizeimuseum nicht m\u00f6glich. Hier werden erst voraussichtlich im n\u00e4chsten Jahr wieder F\u00fchrungen durchgef\u00fchrt. Wir haben uns gedacht, wenn schon keine Rhododendren dann aber die bl\u00fchende Heide. Den bereits vorgemerkten Termin, 08. September 2020, haben wir vorgesehen, um eine<span class=\"excerpt-hellip\"> [\u2026]<\/span><\/p>\n","protected":false},"author":2,"featured_media":226,"comment_status":"closed","ping_status":"closed","sticky":false,"template":"","format":"standard","meta":{"jetpack_post_was_ever_published":false,"_jetpack_newsletter_access":"","_jetpack_dont_email_post_to_subs":false,"_jetpack_newsletter_tier_id":0,"_jetpack_memberships_contains_paywalled_content":false,"_jetpack_memberships_contains_paid_content":false,"footnotes":"","jetpack_publicize_message":"","jetpack_publicize_feature_enabled":true,"jetpack_social_post_already_shared":false,"jetpack_social_options":{"image_generator_settings":{"template":"highway","default_image_id":0,"font":"","enabled":false},"version":2}},"categories":[1],"tags":[],"class_list":["post-1594","post","type-post","status-publish","format-standard","has-post-thumbnail","hentry","category-allgemein"],"jetpack_publicize_connections":[],"jetpack_featured_media_url":"https:\/\/i0.wp.com\/www.kneipp-garbsen.de\/wp-content\/uploads\/2017\/01\/LogoSaeulen.jpg?fit=307%2C180&ssl=1","jetpack_sharing_enabled":true,"_links":{"self":[{"href":"https:\/\/www.kneipp-garbsen.de\/index.php?rest_route=\/wp\/v2\/posts\/1594","targetHints":{"allow":["GET"]}}],"collection":[{"href":"https:\/\/www.kneipp-garbsen.de\/index.php?rest_route=\/wp\/v2\/posts"}],"about":[{"href":"https:\/\/www.kneipp-garbsen.de\/index.php?rest_route=\/wp\/v2\/types\/post"}],"author":[{"embeddable":true,"href":"https:\/\/www.kneipp-garbsen.de\/index.php?rest_route=\/wp\/v2\/users\/2"}],"replies":[{"embeddable":true,"href":"https:\/\/www.kneipp-garbsen.de\/index.php?rest_route=%2Fwp%2Fv2%2Fcomments&post=1594"}],"version-history":[{"count":5,"href":"https:\/\/www.kneipp-garbsen.de\/index.php?rest_route=\/wp\/v2\/posts\/1594\/revisions"}],"predecessor-version":[{"id":1600,"href":"https:\/\/www.kneipp-garbsen.de\/index.php?rest_route=\/wp\/v2\/posts\/1594\/revisions\/1600"}],"wp:featuredmedia":[{"embeddable":true,"href":"https:\/\/www.kneipp-garbsen.de\/index.php?rest_route=\/wp\/v2\/media\/226"}],"wp:attachment":[{"href":"https:\/\/www.kneipp-garbsen.de\/index.php?rest_route=%2Fwp%2Fv2%2Fmedia&parent=1594"}],"wp:term":[{"taxonomy":"category","embeddable":true,"href":"https:\/\/www.kneipp-garbsen.de\/index.php?rest_route=%2Fwp%2Fv2%2Fcategories&post=1594"},{"taxonomy":"post_tag","embeddable":true,"href":"https:\/\/www.kneipp-garbsen.de\/index.php?rest_route=%2Fwp%2Fv2%2Ftags&post=1594"}],"curies":[{"name":"wp","href":"https:\/\/api.w.org\/{rel}","templated":true}]}}