{"id":1528,"date":"2020-05-10T10:07:59","date_gmt":"2020-05-10T08:07:59","guid":{"rendered":"https:\/\/www.kneipp-garbsen.de\/?p=1528"},"modified":"2020-05-10T10:07:59","modified_gmt":"2020-05-10T08:07:59","slug":"aktuelle-infos-fuer-unsere-mitglieder-und-kursteilnehmer","status":"publish","type":"post","link":"https:\/\/www.kneipp-garbsen.de\/?p=1528","title":{"rendered":"Aktuelle Infos f\u00fcr unsere Mitglieder und Kursteilnehmer"},"content":{"rendered":"<p><strong>Liebe Kneippianer, <\/strong>etwas holprig geht es nun weiter im Vereinsleben aufgrund von Corona. Hier einige Updates:<br \/>\n<strong>Der Verein wird bis zum 30.9.2020 keine Wanderungen, Radwanderungen, Nordic -Walk-Kurse oder Spazierg\u00e4nge anbieten. Am Stadtradeln 2020 beteiligen wir uns als Verein in diesem Jahr nicht.<\/strong><br \/>\nDie Wanderf\u00fchrer werden sich im September treffen, Termin und Infos kommen dann von Manfred Windt. Dann werden wieder neue Touren geplant.<br \/>\nGrund hierf\u00fcr ist nat\u00fcrlich die schwierige Planung derartiger Ereignisse aufgrund der Corona-Krise, aber auch die hohe Anzahl von Risikopersonen im Verein, die es nat\u00fcrlich weiterhin zu sch\u00fctzen gilt.<br \/>\nAus diesen genannten Gr\u00fcnden und der dann anstehenden Ferienzeit, finden bis zum 31.08.2020 auch keinerlei Kurse statt, weder im Treff noch in Sporthallen oder Schwimmb\u00e4dern. Es ist besser eine einheitliche Entscheidung zu treffen bei der derzeitigen Planungsunsicherheit. Die Situation bez\u00fcglich des Lehrschwimmbeckens ist auch noch nicht gekl\u00e4rt. Unglaublich, aber wahr.<br \/>\nF\u00fcr privat gef\u00fchrte Spazierg\u00e4nge o. \u00e4. \u00fcbernimmt der Verein keine Verantwortung oder Versicherungsschutz w\u00e4hrend der obengenannten Fristen.<br \/>\nDer Kneipptreff ist immer noch im Umbau, und dass mit leichter Verz\u00f6gerung.<br \/>\nNach Fertigstellung werden f\u00fcr diesen Raum und k\u00fcnftige Veranstaltungen sowie Kurse, die Hygienevorschriften und Abstandsregelungen erarbeitet. Und dann k\u00f6nnen wir wieder gesund starten. Im August wird ein neuer Kursplan erarbeitet.<br \/>\nMit der aktuell neuen Verordnung sind auch kleine Feste, Feierlichkeiten mit mehreren Personen bis 31.8.2020 nicht erlaubt, somit gibt es keine Er\u00f6ffnung der Wassertretanlage und kein Sommerfest mit der Kita im Juni!<br \/>\nNat\u00fcrlich beraten wir im Vorstand zu gegebener Zeit, wie wir das eine oder andere nachholen k\u00f6nnen. Wir halten euch auf dem Laufenden!<br \/>\nWir bitten unsere Mitglieder sehr um Verst\u00e4ndnis f\u00fcr all diese Entscheidungen und stehen nat\u00fcrlich bei Fragen gern zur Verf\u00fcgung.<br \/>\n<strong>Alle Fragen rund um Kurse und andere Aktivit\u00e4ten beantwortet Peggy Ahlborn unter 05137-818852.<br \/>\nF\u00fcr alle Fragen zur Mitgliedschaft und anderen Geldangelegenheiten steht Marianne Bockhorst unter 05137- 122908 zur Verf\u00fcgung.<br \/>\nF\u00fcr alles Weitere Dieter Roggenkamp unter 05131-476017.<br \/>\n<\/strong><u>Wir w\u00fcnschen allen Mitgliedern, dass sie gut und gesund durch diese Zeit kommen.<\/u><\/p>\n","protected":false},"excerpt":{"rendered":"<p>Liebe Kneippianer, etwas holprig geht es nun weiter im Vereinsleben aufgrund von Corona. Hier einige Updates: Der Verein wird bis zum 30.9.2020 keine Wanderungen, Radwanderungen, Nordic -Walk-Kurse oder Spazierg\u00e4nge anbieten. Am Stadtradeln 2020 beteiligen wir uns als Verein in diesem Jahr nicht. Die Wanderf\u00fchrer werden sich im September treffen, Termin und Infos kommen dann von Manfred Windt. Dann werden wieder<span class=\"excerpt-hellip\"> [\u2026]<\/span><\/p>\n","protected":false},"author":2,"featured_media":322,"comment_status":"closed","ping_status":"closed","sticky":false,"template":"","format":"standard","meta":{"jetpack_post_was_ever_published":false,"_jetpack_newsletter_access":"","_jetpack_dont_email_post_to_subs":false,"_jetpack_newsletter_tier_id":0,"_jetpack_memberships_contains_paywalled_content":false,"_jetpack_memberships_contains_paid_content":false,"footnotes":"","jetpack_publicize_message":"","jetpack_publicize_feature_enabled":true,"jetpack_social_post_already_shared":false,"jetpack_social_options":{"image_generator_settings":{"template":"highway","default_image_id":0,"font":"","enabled":false},"version":2}},"categories":[1],"tags":[],"class_list":["post-1528","post","type-post","status-publish","format-standard","has-post-thumbnail","hentry","category-allgemein"],"jetpack_publicize_connections":[],"jetpack_featured_media_url":"https:\/\/i0.wp.com\/www.kneipp-garbsen.de\/wp-content\/uploads\/2017\/02\/kneipp_logo.gif?fit=200%2C100&ssl=1","jetpack_sharing_enabled":true,"_links":{"self":[{"href":"https:\/\/www.kneipp-garbsen.de\/index.php?rest_route=\/wp\/v2\/posts\/1528","targetHints":{"allow":["GET"]}}],"collection":[{"href":"https:\/\/www.kneipp-garbsen.de\/index.php?rest_route=\/wp\/v2\/posts"}],"about":[{"href":"https:\/\/www.kneipp-garbsen.de\/index.php?rest_route=\/wp\/v2\/types\/post"}],"author":[{"embeddable":true,"href":"https:\/\/www.kneipp-garbsen.de\/index.php?rest_route=\/wp\/v2\/users\/2"}],"replies":[{"embeddable":true,"href":"https:\/\/www.kneipp-garbsen.de\/index.php?rest_route=%2Fwp%2Fv2%2Fcomments&post=1528"}],"version-history":[{"count":1,"href":"https:\/\/www.kneipp-garbsen.de\/index.php?rest_route=\/wp\/v2\/posts\/1528\/revisions"}],"predecessor-version":[{"id":1529,"href":"https:\/\/www.kneipp-garbsen.de\/index.php?rest_route=\/wp\/v2\/posts\/1528\/revisions\/1529"}],"wp:featuredmedia":[{"embeddable":true,"href":"https:\/\/www.kneipp-garbsen.de\/index.php?rest_route=\/wp\/v2\/media\/322"}],"wp:attachment":[{"href":"https:\/\/www.kneipp-garbsen.de\/index.php?rest_route=%2Fwp%2Fv2%2Fmedia&parent=1528"}],"wp:term":[{"taxonomy":"category","embeddable":true,"href":"https:\/\/www.kneipp-garbsen.de\/index.php?rest_route=%2Fwp%2Fv2%2Fcategories&post=1528"},{"taxonomy":"post_tag","embeddable":true,"href":"https:\/\/www.kneipp-garbsen.de\/index.php?rest_route=%2Fwp%2Fv2%2Ftags&post=1528"}],"curies":[{"name":"wp","href":"https:\/\/api.w.org\/{rel}","templated":true}]}}