{"id":1467,"date":"2020-03-18T19:15:18","date_gmt":"2020-03-18T18:15:18","guid":{"rendered":"https:\/\/www.kneipp-garbsen.de\/?p=1467"},"modified":"2020-06-07T08:00:04","modified_gmt":"2020-06-07T06:00:04","slug":"unser-kneipp-treff-wird-umgebaut","status":"publish","type":"post","link":"https:\/\/www.kneipp-garbsen.de\/?p=1467","title":{"rendered":"Unser Kneipp-Treff wird umgebaut"},"content":{"rendered":"<p>17.03.2020 &#8211; P\u00fcnktlich am Montag, den 16.03.2020, haben die Handwerker im Kohake-Zentrum zugeschlagen &#8211; fast w\u00f6rtlich, denn die Glasw\u00e4nde wurden abgebaut.<\/p>\n<p><img data-recalc-dims=\"1\" loading=\"lazy\" decoding=\"async\" class=\"alignnone size-medium wp-image-1461\" src=\"https:\/\/i0.wp.com\/www.kneipp-garbsen.de\/wp-content\/uploads\/2020\/03\/Kneipp-Umbau-1.-Phase-1.jpg?resize=225%2C300&#038;ssl=1\" alt=\"\" width=\"225\" height=\"300\" srcset=\"https:\/\/i0.wp.com\/www.kneipp-garbsen.de\/wp-content\/uploads\/2020\/03\/Kneipp-Umbau-1.-Phase-1-rotated.jpg?resize=225%2C300&amp;ssl=1 225w, https:\/\/i0.wp.com\/www.kneipp-garbsen.de\/wp-content\/uploads\/2020\/03\/Kneipp-Umbau-1.-Phase-1-rotated.jpg?resize=110%2C146&amp;ssl=1 110w, https:\/\/i0.wp.com\/www.kneipp-garbsen.de\/wp-content\/uploads\/2020\/03\/Kneipp-Umbau-1.-Phase-1-rotated.jpg?resize=38%2C50&amp;ssl=1 38w, https:\/\/i0.wp.com\/www.kneipp-garbsen.de\/wp-content\/uploads\/2020\/03\/Kneipp-Umbau-1.-Phase-1-rotated.jpg?resize=56%2C75&amp;ssl=1 56w, https:\/\/i0.wp.com\/www.kneipp-garbsen.de\/wp-content\/uploads\/2020\/03\/Kneipp-Umbau-1.-Phase-1-rotated.jpg?w=480&amp;ssl=1 480w\" sizes=\"auto, (max-width:767px) 225px, 225px\" \/> <img data-recalc-dims=\"1\" loading=\"lazy\" decoding=\"async\" class=\"alignnone size-medium wp-image-1457\" src=\"https:\/\/i0.wp.com\/www.kneipp-garbsen.de\/wp-content\/uploads\/2020\/03\/Kneipp-Umbau-1.-Phase-5.jpg?resize=225%2C300&#038;ssl=1\" alt=\"\" width=\"225\" height=\"300\" srcset=\"https:\/\/i0.wp.com\/www.kneipp-garbsen.de\/wp-content\/uploads\/2020\/03\/Kneipp-Umbau-1.-Phase-5-rotated.jpg?resize=225%2C300&amp;ssl=1 225w, https:\/\/i0.wp.com\/www.kneipp-garbsen.de\/wp-content\/uploads\/2020\/03\/Kneipp-Umbau-1.-Phase-5-rotated.jpg?resize=110%2C146&amp;ssl=1 110w, https:\/\/i0.wp.com\/www.kneipp-garbsen.de\/wp-content\/uploads\/2020\/03\/Kneipp-Umbau-1.-Phase-5-rotated.jpg?resize=38%2C50&amp;ssl=1 38w, https:\/\/i0.wp.com\/www.kneipp-garbsen.de\/wp-content\/uploads\/2020\/03\/Kneipp-Umbau-1.-Phase-5-rotated.jpg?resize=56%2C75&amp;ssl=1 56w, https:\/\/i0.wp.com\/www.kneipp-garbsen.de\/wp-content\/uploads\/2020\/03\/Kneipp-Umbau-1.-Phase-5-rotated.jpg?w=480&amp;ssl=1 480w\" sizes=\"auto, (max-width:767px) 225px, 225px\" \/><\/p>\n<p>20.03.2020 &#8211; Die Decke ist auch schon ab. Wir wissen nicht, ob die Bauarbeiten fortgesetzt werden k\u00f6nnen.<\/p>\n<p><img data-recalc-dims=\"1\" loading=\"lazy\" decoding=\"async\" class=\"alignnone size-medium wp-image-1474\" src=\"https:\/\/i0.wp.com\/www.kneipp-garbsen.de\/wp-content\/uploads\/2020\/03\/Kneipp-Umbau-2.-Phase-2-e1584790609809-225x300.jpg?resize=225%2C300&#038;ssl=1\" alt=\"\" width=\"225\" height=\"300\" srcset=\"https:\/\/i0.wp.com\/www.kneipp-garbsen.de\/wp-content\/uploads\/2020\/03\/Kneipp-Umbau-2.-Phase-2-e1584790609809.jpg?resize=225%2C300&amp;ssl=1 225w, https:\/\/i0.wp.com\/www.kneipp-garbsen.de\/wp-content\/uploads\/2020\/03\/Kneipp-Umbau-2.-Phase-2-e1584790609809.jpg?resize=768%2C1024&amp;ssl=1 768w, https:\/\/i0.wp.com\/www.kneipp-garbsen.de\/wp-content\/uploads\/2020\/03\/Kneipp-Umbau-2.-Phase-2-e1584790609809.jpg?resize=1152%2C1536&amp;ssl=1 1152w, https:\/\/i0.wp.com\/www.kneipp-garbsen.de\/wp-content\/uploads\/2020\/03\/Kneipp-Umbau-2.-Phase-2-e1584790609809.jpg?resize=110%2C146&amp;ssl=1 110w, https:\/\/i0.wp.com\/www.kneipp-garbsen.de\/wp-content\/uploads\/2020\/03\/Kneipp-Umbau-2.-Phase-2-e1584790609809.jpg?resize=38%2C50&amp;ssl=1 38w, https:\/\/i0.wp.com\/www.kneipp-garbsen.de\/wp-content\/uploads\/2020\/03\/Kneipp-Umbau-2.-Phase-2-e1584790609809.jpg?resize=56%2C75&amp;ssl=1 56w, https:\/\/i0.wp.com\/www.kneipp-garbsen.de\/wp-content\/uploads\/2020\/03\/Kneipp-Umbau-2.-Phase-2-e1584790609809.jpg?w=1512&amp;ssl=1 1512w\" sizes=\"auto, (max-width:767px) 225px, 225px\" \/> <img data-recalc-dims=\"1\" loading=\"lazy\" decoding=\"async\" class=\"alignnone size-medium wp-image-1473\" src=\"https:\/\/i0.wp.com\/www.kneipp-garbsen.de\/wp-content\/uploads\/2020\/03\/Kneipp-Umbau-2.-Phase-1-e1584790587777-300x225.jpg?resize=300%2C225&#038;ssl=1\" alt=\"\" width=\"300\" height=\"225\" srcset=\"https:\/\/i0.wp.com\/www.kneipp-garbsen.de\/wp-content\/uploads\/2020\/03\/Kneipp-Umbau-2.-Phase-1-e1584790587777.jpg?resize=300%2C225&amp;ssl=1 300w, https:\/\/i0.wp.com\/www.kneipp-garbsen.de\/wp-content\/uploads\/2020\/03\/Kneipp-Umbau-2.-Phase-1-e1584790587777.jpg?resize=1024%2C768&amp;ssl=1 1024w, https:\/\/i0.wp.com\/www.kneipp-garbsen.de\/wp-content\/uploads\/2020\/03\/Kneipp-Umbau-2.-Phase-1-e1584790587777.jpg?resize=768%2C576&amp;ssl=1 768w, https:\/\/i0.wp.com\/www.kneipp-garbsen.de\/wp-content\/uploads\/2020\/03\/Kneipp-Umbau-2.-Phase-1-e1584790587777.jpg?resize=1536%2C1152&amp;ssl=1 1536w, https:\/\/i0.wp.com\/www.kneipp-garbsen.de\/wp-content\/uploads\/2020\/03\/Kneipp-Umbau-2.-Phase-1-e1584790587777.jpg?resize=195%2C146&amp;ssl=1 195w, https:\/\/i0.wp.com\/www.kneipp-garbsen.de\/wp-content\/uploads\/2020\/03\/Kneipp-Umbau-2.-Phase-1-e1584790587777.jpg?resize=50%2C38&amp;ssl=1 50w, https:\/\/i0.wp.com\/www.kneipp-garbsen.de\/wp-content\/uploads\/2020\/03\/Kneipp-Umbau-2.-Phase-1-e1584790587777.jpg?resize=100%2C75&amp;ssl=1 100w, https:\/\/i0.wp.com\/www.kneipp-garbsen.de\/wp-content\/uploads\/2020\/03\/Kneipp-Umbau-2.-Phase-1-e1584790587777.jpg?w=2016&amp;ssl=1 2016w\" sizes=\"auto, (max-width:767px) 300px, 300px\" \/><\/p>\n<p>16.04.2020 &#8211; es geht weiter! Gestern wurden die Arbeiten fortgesetzt und die Helden unseres Umbaus sind flei\u00dfig&#8230;\u00a0 \u00a0\ud83d\ude42<\/p>\n<p><img data-recalc-dims=\"1\" loading=\"lazy\" decoding=\"async\" class=\"alignnone size-medium wp-image-1492\" src=\"https:\/\/i0.wp.com\/www.kneipp-garbsen.de\/wp-content\/uploads\/2020\/04\/Kneipp-Treff-am-16.04.2020-4.jpg?resize=300%2C169&#038;ssl=1\" alt=\"\" width=\"300\" height=\"169\" srcset=\"https:\/\/i0.wp.com\/www.kneipp-garbsen.de\/wp-content\/uploads\/2020\/04\/Kneipp-Treff-am-16.04.2020-4-scaled.jpg?resize=300%2C169&amp;ssl=1 300w, https:\/\/i0.wp.com\/www.kneipp-garbsen.de\/wp-content\/uploads\/2020\/04\/Kneipp-Treff-am-16.04.2020-4-scaled.jpg?resize=1024%2C576&amp;ssl=1 1024w, https:\/\/i0.wp.com\/www.kneipp-garbsen.de\/wp-content\/uploads\/2020\/04\/Kneipp-Treff-am-16.04.2020-4-scaled.jpg?resize=768%2C432&amp;ssl=1 768w, https:\/\/i0.wp.com\/www.kneipp-garbsen.de\/wp-content\/uploads\/2020\/04\/Kneipp-Treff-am-16.04.2020-4-scaled.jpg?resize=1536%2C864&amp;ssl=1 1536w, https:\/\/i0.wp.com\/www.kneipp-garbsen.de\/wp-content\/uploads\/2020\/04\/Kneipp-Treff-am-16.04.2020-4-scaled.jpg?resize=2048%2C1152&amp;ssl=1 2048w, https:\/\/i0.wp.com\/www.kneipp-garbsen.de\/wp-content\/uploads\/2020\/04\/Kneipp-Treff-am-16.04.2020-4-scaled.jpg?resize=260%2C146&amp;ssl=1 260w, https:\/\/i0.wp.com\/www.kneipp-garbsen.de\/wp-content\/uploads\/2020\/04\/Kneipp-Treff-am-16.04.2020-4-scaled.jpg?resize=50%2C28&amp;ssl=1 50w, https:\/\/i0.wp.com\/www.kneipp-garbsen.de\/wp-content\/uploads\/2020\/04\/Kneipp-Treff-am-16.04.2020-4-scaled.jpg?resize=133%2C75&amp;ssl=1 133w, https:\/\/i0.wp.com\/www.kneipp-garbsen.de\/wp-content\/uploads\/2020\/04\/Kneipp-Treff-am-16.04.2020-4-scaled.jpg?w=2440&amp;ssl=1 2440w\" sizes=\"auto, (max-width:767px) 300px, 300px\" \/> <img data-recalc-dims=\"1\" loading=\"lazy\" decoding=\"async\" class=\"alignnone size-medium wp-image-1490\" src=\"https:\/\/i0.wp.com\/www.kneipp-garbsen.de\/wp-content\/uploads\/2020\/04\/Kneipp-Treff-am-16.04.2020-2.jpg?resize=300%2C169&#038;ssl=1\" alt=\"\" width=\"300\" height=\"169\" srcset=\"https:\/\/i0.wp.com\/www.kneipp-garbsen.de\/wp-content\/uploads\/2020\/04\/Kneipp-Treff-am-16.04.2020-2-scaled.jpg?resize=300%2C169&amp;ssl=1 300w, https:\/\/i0.wp.com\/www.kneipp-garbsen.de\/wp-content\/uploads\/2020\/04\/Kneipp-Treff-am-16.04.2020-2-scaled.jpg?resize=1024%2C576&amp;ssl=1 1024w, https:\/\/i0.wp.com\/www.kneipp-garbsen.de\/wp-content\/uploads\/2020\/04\/Kneipp-Treff-am-16.04.2020-2-scaled.jpg?resize=768%2C432&amp;ssl=1 768w, https:\/\/i0.wp.com\/www.kneipp-garbsen.de\/wp-content\/uploads\/2020\/04\/Kneipp-Treff-am-16.04.2020-2-scaled.jpg?resize=1536%2C864&amp;ssl=1 1536w, https:\/\/i0.wp.com\/www.kneipp-garbsen.de\/wp-content\/uploads\/2020\/04\/Kneipp-Treff-am-16.04.2020-2-scaled.jpg?resize=2048%2C1152&amp;ssl=1 2048w, https:\/\/i0.wp.com\/www.kneipp-garbsen.de\/wp-content\/uploads\/2020\/04\/Kneipp-Treff-am-16.04.2020-2-scaled.jpg?resize=260%2C146&amp;ssl=1 260w, https:\/\/i0.wp.com\/www.kneipp-garbsen.de\/wp-content\/uploads\/2020\/04\/Kneipp-Treff-am-16.04.2020-2-scaled.jpg?resize=50%2C28&amp;ssl=1 50w, https:\/\/i0.wp.com\/www.kneipp-garbsen.de\/wp-content\/uploads\/2020\/04\/Kneipp-Treff-am-16.04.2020-2-scaled.jpg?resize=133%2C75&amp;ssl=1 133w, https:\/\/i0.wp.com\/www.kneipp-garbsen.de\/wp-content\/uploads\/2020\/04\/Kneipp-Treff-am-16.04.2020-2-scaled.jpg?w=2440&amp;ssl=1 2440w\" sizes=\"auto, (max-width:767px) 300px, 300px\" \/><\/p>\n<p>19.04.2020 &#8211; Der Umbau schreitet deutlich sichtbar voran.\u00a0 Die ersten Trockenbauw\u00e4nde wurden errichtet und die Decke wurde weiter vervollst\u00e4ndigt. Wir sind zuversichtlich, dass der Umbau eher abgeschlossen, als die entsprechende Er\u00f6ffnungsfeier m\u00f6glich sein wird.<\/p>\n<p><img data-recalc-dims=\"1\" loading=\"lazy\" decoding=\"async\" class=\"alignnone size-medium wp-image-1503\" src=\"https:\/\/i0.wp.com\/www.kneipp-garbsen.de\/wp-content\/uploads\/2020\/04\/Kneipp-Trefff-Umbau-am-19.04.2020-02.jpg?resize=300%2C169&#038;ssl=1\" alt=\"\" width=\"300\" height=\"169\" srcset=\"https:\/\/i0.wp.com\/www.kneipp-garbsen.de\/wp-content\/uploads\/2020\/04\/Kneipp-Trefff-Umbau-am-19.04.2020-02-scaled.jpg?resize=300%2C169&amp;ssl=1 300w, https:\/\/i0.wp.com\/www.kneipp-garbsen.de\/wp-content\/uploads\/2020\/04\/Kneipp-Trefff-Umbau-am-19.04.2020-02-scaled.jpg?resize=1024%2C576&amp;ssl=1 1024w, https:\/\/i0.wp.com\/www.kneipp-garbsen.de\/wp-content\/uploads\/2020\/04\/Kneipp-Trefff-Umbau-am-19.04.2020-02-scaled.jpg?resize=768%2C432&amp;ssl=1 768w, https:\/\/i0.wp.com\/www.kneipp-garbsen.de\/wp-content\/uploads\/2020\/04\/Kneipp-Trefff-Umbau-am-19.04.2020-02-scaled.jpg?resize=1536%2C864&amp;ssl=1 1536w, https:\/\/i0.wp.com\/www.kneipp-garbsen.de\/wp-content\/uploads\/2020\/04\/Kneipp-Trefff-Umbau-am-19.04.2020-02-scaled.jpg?resize=2048%2C1152&amp;ssl=1 2048w, https:\/\/i0.wp.com\/www.kneipp-garbsen.de\/wp-content\/uploads\/2020\/04\/Kneipp-Trefff-Umbau-am-19.04.2020-02-scaled.jpg?resize=260%2C146&amp;ssl=1 260w, https:\/\/i0.wp.com\/www.kneipp-garbsen.de\/wp-content\/uploads\/2020\/04\/Kneipp-Trefff-Umbau-am-19.04.2020-02-scaled.jpg?resize=50%2C28&amp;ssl=1 50w, https:\/\/i0.wp.com\/www.kneipp-garbsen.de\/wp-content\/uploads\/2020\/04\/Kneipp-Trefff-Umbau-am-19.04.2020-02-scaled.jpg?resize=133%2C75&amp;ssl=1 133w, https:\/\/i0.wp.com\/www.kneipp-garbsen.de\/wp-content\/uploads\/2020\/04\/Kneipp-Trefff-Umbau-am-19.04.2020-02-scaled.jpg?w=2440&amp;ssl=1 2440w\" sizes=\"auto, (max-width:767px) 300px, 300px\" \/> <img data-recalc-dims=\"1\" loading=\"lazy\" decoding=\"async\" class=\"alignnone size-medium wp-image-1505\" src=\"https:\/\/i0.wp.com\/www.kneipp-garbsen.de\/wp-content\/uploads\/2020\/04\/Kneipp-Trefff-Umbau-am-19.04.2020-04.jpg?resize=300%2C169&#038;ssl=1\" alt=\"\" width=\"300\" height=\"169\" srcset=\"https:\/\/i0.wp.com\/www.kneipp-garbsen.de\/wp-content\/uploads\/2020\/04\/Kneipp-Trefff-Umbau-am-19.04.2020-04-scaled.jpg?resize=300%2C169&amp;ssl=1 300w, https:\/\/i0.wp.com\/www.kneipp-garbsen.de\/wp-content\/uploads\/2020\/04\/Kneipp-Trefff-Umbau-am-19.04.2020-04-scaled.jpg?resize=1024%2C576&amp;ssl=1 1024w, https:\/\/i0.wp.com\/www.kneipp-garbsen.de\/wp-content\/uploads\/2020\/04\/Kneipp-Trefff-Umbau-am-19.04.2020-04-scaled.jpg?resize=768%2C432&amp;ssl=1 768w, https:\/\/i0.wp.com\/www.kneipp-garbsen.de\/wp-content\/uploads\/2020\/04\/Kneipp-Trefff-Umbau-am-19.04.2020-04-scaled.jpg?resize=1536%2C864&amp;ssl=1 1536w, https:\/\/i0.wp.com\/www.kneipp-garbsen.de\/wp-content\/uploads\/2020\/04\/Kneipp-Trefff-Umbau-am-19.04.2020-04-scaled.jpg?resize=2048%2C1152&amp;ssl=1 2048w, https:\/\/i0.wp.com\/www.kneipp-garbsen.de\/wp-content\/uploads\/2020\/04\/Kneipp-Trefff-Umbau-am-19.04.2020-04-scaled.jpg?resize=260%2C146&amp;ssl=1 260w, https:\/\/i0.wp.com\/www.kneipp-garbsen.de\/wp-content\/uploads\/2020\/04\/Kneipp-Trefff-Umbau-am-19.04.2020-04-scaled.jpg?resize=50%2C28&amp;ssl=1 50w, https:\/\/i0.wp.com\/www.kneipp-garbsen.de\/wp-content\/uploads\/2020\/04\/Kneipp-Trefff-Umbau-am-19.04.2020-04-scaled.jpg?resize=133%2C75&amp;ssl=1 133w, https:\/\/i0.wp.com\/www.kneipp-garbsen.de\/wp-content\/uploads\/2020\/04\/Kneipp-Trefff-Umbau-am-19.04.2020-04-scaled.jpg?w=2440&amp;ssl=1 2440w\" sizes=\"auto, (max-width:767px) 300px, 300px\" \/><\/p>\n<p>23.04.2020 &#8211; Keine Panik! So schlimm, wie es jetzt hier aussieht, wird es nicht bleiben &#8211; hoffen wir jedenfalls&#8230;\u00a0 \u00a0\ud83d\ude42<\/p>\n<p><img data-recalc-dims=\"1\" loading=\"lazy\" decoding=\"async\" class=\"alignnone size-medium wp-image-1513\" src=\"https:\/\/i0.wp.com\/www.kneipp-garbsen.de\/wp-content\/uploads\/2020\/04\/Kneipp-Treff-am-23.04.2020-5.jpg?resize=300%2C169&#038;ssl=1\" alt=\"\" width=\"300\" height=\"169\" srcset=\"https:\/\/i0.wp.com\/www.kneipp-garbsen.de\/wp-content\/uploads\/2020\/04\/Kneipp-Treff-am-23.04.2020-5-scaled.jpg?resize=300%2C169&amp;ssl=1 300w, https:\/\/i0.wp.com\/www.kneipp-garbsen.de\/wp-content\/uploads\/2020\/04\/Kneipp-Treff-am-23.04.2020-5-scaled.jpg?resize=1024%2C576&amp;ssl=1 1024w, https:\/\/i0.wp.com\/www.kneipp-garbsen.de\/wp-content\/uploads\/2020\/04\/Kneipp-Treff-am-23.04.2020-5-scaled.jpg?resize=768%2C432&amp;ssl=1 768w, https:\/\/i0.wp.com\/www.kneipp-garbsen.de\/wp-content\/uploads\/2020\/04\/Kneipp-Treff-am-23.04.2020-5-scaled.jpg?resize=1536%2C864&amp;ssl=1 1536w, https:\/\/i0.wp.com\/www.kneipp-garbsen.de\/wp-content\/uploads\/2020\/04\/Kneipp-Treff-am-23.04.2020-5-scaled.jpg?resize=2048%2C1152&amp;ssl=1 2048w, https:\/\/i0.wp.com\/www.kneipp-garbsen.de\/wp-content\/uploads\/2020\/04\/Kneipp-Treff-am-23.04.2020-5-scaled.jpg?resize=260%2C146&amp;ssl=1 260w, https:\/\/i0.wp.com\/www.kneipp-garbsen.de\/wp-content\/uploads\/2020\/04\/Kneipp-Treff-am-23.04.2020-5-scaled.jpg?resize=50%2C28&amp;ssl=1 50w, https:\/\/i0.wp.com\/www.kneipp-garbsen.de\/wp-content\/uploads\/2020\/04\/Kneipp-Treff-am-23.04.2020-5-scaled.jpg?resize=133%2C75&amp;ssl=1 133w, https:\/\/i0.wp.com\/www.kneipp-garbsen.de\/wp-content\/uploads\/2020\/04\/Kneipp-Treff-am-23.04.2020-5-scaled.jpg?w=2440&amp;ssl=1 2440w\" sizes=\"auto, (max-width:767px) 300px, 300px\" \/> <img data-recalc-dims=\"1\" loading=\"lazy\" decoding=\"async\" class=\"alignnone size-medium wp-image-1511\" src=\"https:\/\/i0.wp.com\/www.kneipp-garbsen.de\/wp-content\/uploads\/2020\/04\/Kneipp-Treff-am-23.04.2020-3.jpg?resize=300%2C169&#038;ssl=1\" alt=\"\" width=\"300\" height=\"169\" srcset=\"https:\/\/i0.wp.com\/www.kneipp-garbsen.de\/wp-content\/uploads\/2020\/04\/Kneipp-Treff-am-23.04.2020-3-scaled.jpg?resize=300%2C169&amp;ssl=1 300w, https:\/\/i0.wp.com\/www.kneipp-garbsen.de\/wp-content\/uploads\/2020\/04\/Kneipp-Treff-am-23.04.2020-3-scaled.jpg?resize=1024%2C576&amp;ssl=1 1024w, https:\/\/i0.wp.com\/www.kneipp-garbsen.de\/wp-content\/uploads\/2020\/04\/Kneipp-Treff-am-23.04.2020-3-scaled.jpg?resize=768%2C432&amp;ssl=1 768w, https:\/\/i0.wp.com\/www.kneipp-garbsen.de\/wp-content\/uploads\/2020\/04\/Kneipp-Treff-am-23.04.2020-3-scaled.jpg?resize=1536%2C864&amp;ssl=1 1536w, https:\/\/i0.wp.com\/www.kneipp-garbsen.de\/wp-content\/uploads\/2020\/04\/Kneipp-Treff-am-23.04.2020-3-scaled.jpg?resize=2048%2C1152&amp;ssl=1 2048w, https:\/\/i0.wp.com\/www.kneipp-garbsen.de\/wp-content\/uploads\/2020\/04\/Kneipp-Treff-am-23.04.2020-3-scaled.jpg?resize=260%2C146&amp;ssl=1 260w, https:\/\/i0.wp.com\/www.kneipp-garbsen.de\/wp-content\/uploads\/2020\/04\/Kneipp-Treff-am-23.04.2020-3-scaled.jpg?resize=50%2C28&amp;ssl=1 50w, https:\/\/i0.wp.com\/www.kneipp-garbsen.de\/wp-content\/uploads\/2020\/04\/Kneipp-Treff-am-23.04.2020-3-scaled.jpg?resize=133%2C75&amp;ssl=1 133w, https:\/\/i0.wp.com\/www.kneipp-garbsen.de\/wp-content\/uploads\/2020\/04\/Kneipp-Treff-am-23.04.2020-3-scaled.jpg?w=2440&amp;ssl=1 2440w\" sizes=\"auto, (max-width:767px) 300px, 300px\" \/><\/p>\n<p>30.04.2020 &#8211; Die Bauarbeiten schreiten langsamer voran, als es zu gew\u00f6hnliche Zeiten der Fall w\u00e4re. Auch die Handwerkerfirmen k\u00e4mpfen mit Corona.<\/p>\n<p><img data-recalc-dims=\"1\" loading=\"lazy\" decoding=\"async\" class=\"alignnone size-medium wp-image-1525\" src=\"https:\/\/i0.wp.com\/www.kneipp-garbsen.de\/wp-content\/uploads\/2020\/05\/Kneipp-Treff-am-30.04.2020-5.jpg?resize=300%2C169&#038;ssl=1\" alt=\"\" width=\"300\" height=\"169\" srcset=\"https:\/\/i0.wp.com\/www.kneipp-garbsen.de\/wp-content\/uploads\/2020\/05\/Kneipp-Treff-am-30.04.2020-5-scaled.jpg?resize=300%2C169&amp;ssl=1 300w, https:\/\/i0.wp.com\/www.kneipp-garbsen.de\/wp-content\/uploads\/2020\/05\/Kneipp-Treff-am-30.04.2020-5-scaled.jpg?resize=1024%2C576&amp;ssl=1 1024w, https:\/\/i0.wp.com\/www.kneipp-garbsen.de\/wp-content\/uploads\/2020\/05\/Kneipp-Treff-am-30.04.2020-5-scaled.jpg?resize=768%2C432&amp;ssl=1 768w, https:\/\/i0.wp.com\/www.kneipp-garbsen.de\/wp-content\/uploads\/2020\/05\/Kneipp-Treff-am-30.04.2020-5-scaled.jpg?resize=1536%2C864&amp;ssl=1 1536w, https:\/\/i0.wp.com\/www.kneipp-garbsen.de\/wp-content\/uploads\/2020\/05\/Kneipp-Treff-am-30.04.2020-5-scaled.jpg?resize=2048%2C1152&amp;ssl=1 2048w, https:\/\/i0.wp.com\/www.kneipp-garbsen.de\/wp-content\/uploads\/2020\/05\/Kneipp-Treff-am-30.04.2020-5-scaled.jpg?resize=260%2C146&amp;ssl=1 260w, https:\/\/i0.wp.com\/www.kneipp-garbsen.de\/wp-content\/uploads\/2020\/05\/Kneipp-Treff-am-30.04.2020-5-scaled.jpg?resize=50%2C28&amp;ssl=1 50w, https:\/\/i0.wp.com\/www.kneipp-garbsen.de\/wp-content\/uploads\/2020\/05\/Kneipp-Treff-am-30.04.2020-5-scaled.jpg?resize=133%2C75&amp;ssl=1 133w, https:\/\/i0.wp.com\/www.kneipp-garbsen.de\/wp-content\/uploads\/2020\/05\/Kneipp-Treff-am-30.04.2020-5-scaled.jpg?w=2440&amp;ssl=1 2440w\" sizes=\"auto, (max-width:767px) 300px, 300px\" \/> <img data-recalc-dims=\"1\" loading=\"lazy\" decoding=\"async\" class=\"alignnone size-medium wp-image-1522\" src=\"https:\/\/i0.wp.com\/www.kneipp-garbsen.de\/wp-content\/uploads\/2020\/05\/Kneipp-Treff-am-30.04.2020-2.jpg?resize=300%2C169&#038;ssl=1\" alt=\"\" width=\"300\" height=\"169\" srcset=\"https:\/\/i0.wp.com\/www.kneipp-garbsen.de\/wp-content\/uploads\/2020\/05\/Kneipp-Treff-am-30.04.2020-2-scaled.jpg?resize=300%2C169&amp;ssl=1 300w, https:\/\/i0.wp.com\/www.kneipp-garbsen.de\/wp-content\/uploads\/2020\/05\/Kneipp-Treff-am-30.04.2020-2-scaled.jpg?resize=1024%2C576&amp;ssl=1 1024w, https:\/\/i0.wp.com\/www.kneipp-garbsen.de\/wp-content\/uploads\/2020\/05\/Kneipp-Treff-am-30.04.2020-2-scaled.jpg?resize=768%2C432&amp;ssl=1 768w, https:\/\/i0.wp.com\/www.kneipp-garbsen.de\/wp-content\/uploads\/2020\/05\/Kneipp-Treff-am-30.04.2020-2-scaled.jpg?resize=1536%2C864&amp;ssl=1 1536w, https:\/\/i0.wp.com\/www.kneipp-garbsen.de\/wp-content\/uploads\/2020\/05\/Kneipp-Treff-am-30.04.2020-2-scaled.jpg?resize=2048%2C1152&amp;ssl=1 2048w, https:\/\/i0.wp.com\/www.kneipp-garbsen.de\/wp-content\/uploads\/2020\/05\/Kneipp-Treff-am-30.04.2020-2-scaled.jpg?resize=260%2C146&amp;ssl=1 260w, https:\/\/i0.wp.com\/www.kneipp-garbsen.de\/wp-content\/uploads\/2020\/05\/Kneipp-Treff-am-30.04.2020-2-scaled.jpg?resize=50%2C28&amp;ssl=1 50w, https:\/\/i0.wp.com\/www.kneipp-garbsen.de\/wp-content\/uploads\/2020\/05\/Kneipp-Treff-am-30.04.2020-2-scaled.jpg?resize=133%2C75&amp;ssl=1 133w, https:\/\/i0.wp.com\/www.kneipp-garbsen.de\/wp-content\/uploads\/2020\/05\/Kneipp-Treff-am-30.04.2020-2-scaled.jpg?w=2440&amp;ssl=1 2440w\" sizes=\"auto, (max-width:767px) 300px, 300px\" \/><\/p>\n<p>05.05.2020 &#8211; Jetzt sieht man aber schon, wie es aussehen kann, wenn unser Treff fertig ist. Die erste T\u00fcr und die Bereiche f\u00fcr unsere Werbung sind sichtbar.<\/p>\n<p><img data-recalc-dims=\"1\" loading=\"lazy\" decoding=\"async\" class=\"alignnone size-medium wp-image-1521\" src=\"https:\/\/i0.wp.com\/www.kneipp-garbsen.de\/wp-content\/uploads\/2020\/05\/Kneipp-Treff-am-06.05.2020-5.jpg?resize=169%2C300&#038;ssl=1\" alt=\"\" width=\"169\" height=\"300\" srcset=\"https:\/\/i0.wp.com\/www.kneipp-garbsen.de\/wp-content\/uploads\/2020\/05\/Kneipp-Treff-am-06.05.2020-5-scaled.jpg?resize=169%2C300&amp;ssl=1 169w, https:\/\/i0.wp.com\/www.kneipp-garbsen.de\/wp-content\/uploads\/2020\/05\/Kneipp-Treff-am-06.05.2020-5-scaled.jpg?resize=576%2C1024&amp;ssl=1 576w, https:\/\/i0.wp.com\/www.kneipp-garbsen.de\/wp-content\/uploads\/2020\/05\/Kneipp-Treff-am-06.05.2020-5-scaled.jpg?resize=768%2C1365&amp;ssl=1 768w, https:\/\/i0.wp.com\/www.kneipp-garbsen.de\/wp-content\/uploads\/2020\/05\/Kneipp-Treff-am-06.05.2020-5-scaled.jpg?resize=864%2C1536&amp;ssl=1 864w, https:\/\/i0.wp.com\/www.kneipp-garbsen.de\/wp-content\/uploads\/2020\/05\/Kneipp-Treff-am-06.05.2020-5-scaled.jpg?resize=1152%2C2048&amp;ssl=1 1152w, https:\/\/i0.wp.com\/www.kneipp-garbsen.de\/wp-content\/uploads\/2020\/05\/Kneipp-Treff-am-06.05.2020-5-scaled.jpg?resize=82%2C146&amp;ssl=1 82w, https:\/\/i0.wp.com\/www.kneipp-garbsen.de\/wp-content\/uploads\/2020\/05\/Kneipp-Treff-am-06.05.2020-5-scaled.jpg?resize=28%2C50&amp;ssl=1 28w, https:\/\/i0.wp.com\/www.kneipp-garbsen.de\/wp-content\/uploads\/2020\/05\/Kneipp-Treff-am-06.05.2020-5-scaled.jpg?resize=42%2C75&amp;ssl=1 42w, https:\/\/i0.wp.com\/www.kneipp-garbsen.de\/wp-content\/uploads\/2020\/05\/Kneipp-Treff-am-06.05.2020-5-scaled.jpg?w=1440&amp;ssl=1 1440w\" sizes=\"auto, (max-width:767px) 169px, 169px\" \/> <img data-recalc-dims=\"1\" loading=\"lazy\" decoding=\"async\" class=\"alignnone size-medium wp-image-1518\" src=\"https:\/\/i0.wp.com\/www.kneipp-garbsen.de\/wp-content\/uploads\/2020\/05\/Kneipp-Treff-am-06.05.2020-2.jpg?resize=300%2C169&#038;ssl=1\" alt=\"\" width=\"300\" height=\"169\" srcset=\"https:\/\/i0.wp.com\/www.kneipp-garbsen.de\/wp-content\/uploads\/2020\/05\/Kneipp-Treff-am-06.05.2020-2-scaled.jpg?resize=300%2C169&amp;ssl=1 300w, https:\/\/i0.wp.com\/www.kneipp-garbsen.de\/wp-content\/uploads\/2020\/05\/Kneipp-Treff-am-06.05.2020-2-scaled.jpg?resize=1024%2C576&amp;ssl=1 1024w, https:\/\/i0.wp.com\/www.kneipp-garbsen.de\/wp-content\/uploads\/2020\/05\/Kneipp-Treff-am-06.05.2020-2-scaled.jpg?resize=768%2C432&amp;ssl=1 768w, https:\/\/i0.wp.com\/www.kneipp-garbsen.de\/wp-content\/uploads\/2020\/05\/Kneipp-Treff-am-06.05.2020-2-scaled.jpg?resize=1536%2C864&amp;ssl=1 1536w, https:\/\/i0.wp.com\/www.kneipp-garbsen.de\/wp-content\/uploads\/2020\/05\/Kneipp-Treff-am-06.05.2020-2-scaled.jpg?resize=2048%2C1152&amp;ssl=1 2048w, https:\/\/i0.wp.com\/www.kneipp-garbsen.de\/wp-content\/uploads\/2020\/05\/Kneipp-Treff-am-06.05.2020-2-scaled.jpg?resize=260%2C146&amp;ssl=1 260w, https:\/\/i0.wp.com\/www.kneipp-garbsen.de\/wp-content\/uploads\/2020\/05\/Kneipp-Treff-am-06.05.2020-2-scaled.jpg?resize=50%2C28&amp;ssl=1 50w, https:\/\/i0.wp.com\/www.kneipp-garbsen.de\/wp-content\/uploads\/2020\/05\/Kneipp-Treff-am-06.05.2020-2-scaled.jpg?resize=133%2C75&amp;ssl=1 133w, https:\/\/i0.wp.com\/www.kneipp-garbsen.de\/wp-content\/uploads\/2020\/05\/Kneipp-Treff-am-06.05.2020-2-scaled.jpg?w=2440&amp;ssl=1 2440w\" sizes=\"auto, (max-width:767px) 300px, 300px\" \/><\/p>\n<p>15.05.2020 &#8211; Die Decke wird fertig. Nun scheint die Fertigstellung nicht mehr weit zu sein. Ihr k\u00f6nnt Euch schon auf den fertigen Kneipp-Treff freuen. Wir haben n\u00e4mlich auch schon neue M\u00f6bel.<\/p>\n<p><img data-recalc-dims=\"1\" loading=\"lazy\" decoding=\"async\" class=\"alignnone size-medium wp-image-1534\" src=\"https:\/\/i0.wp.com\/www.kneipp-garbsen.de\/wp-content\/uploads\/2020\/05\/Kneipp-Treff-am-15.05.2020-2.jpg?resize=225%2C300&#038;ssl=1\" alt=\"\" width=\"225\" height=\"300\" srcset=\"https:\/\/i0.wp.com\/www.kneipp-garbsen.de\/wp-content\/uploads\/2020\/05\/Kneipp-Treff-am-15.05.2020-2-rotated.jpg?resize=225%2C300&amp;ssl=1 225w, https:\/\/i0.wp.com\/www.kneipp-garbsen.de\/wp-content\/uploads\/2020\/05\/Kneipp-Treff-am-15.05.2020-2-rotated.jpg?resize=110%2C146&amp;ssl=1 110w, https:\/\/i0.wp.com\/www.kneipp-garbsen.de\/wp-content\/uploads\/2020\/05\/Kneipp-Treff-am-15.05.2020-2-rotated.jpg?resize=38%2C50&amp;ssl=1 38w, https:\/\/i0.wp.com\/www.kneipp-garbsen.de\/wp-content\/uploads\/2020\/05\/Kneipp-Treff-am-15.05.2020-2-rotated.jpg?resize=56%2C75&amp;ssl=1 56w, https:\/\/i0.wp.com\/www.kneipp-garbsen.de\/wp-content\/uploads\/2020\/05\/Kneipp-Treff-am-15.05.2020-2-rotated.jpg?w=480&amp;ssl=1 480w\" sizes=\"auto, (max-width:767px) 225px, 225px\" \/> <img data-recalc-dims=\"1\" loading=\"lazy\" decoding=\"async\" class=\"alignnone size-medium wp-image-1533\" src=\"https:\/\/i0.wp.com\/www.kneipp-garbsen.de\/wp-content\/uploads\/2020\/05\/Kneipp-Treff-am-15.05.2020-3.jpg?resize=225%2C300&#038;ssl=1\" alt=\"\" width=\"225\" height=\"300\" srcset=\"https:\/\/i0.wp.com\/www.kneipp-garbsen.de\/wp-content\/uploads\/2020\/05\/Kneipp-Treff-am-15.05.2020-3-rotated.jpg?resize=225%2C300&amp;ssl=1 225w, https:\/\/i0.wp.com\/www.kneipp-garbsen.de\/wp-content\/uploads\/2020\/05\/Kneipp-Treff-am-15.05.2020-3-rotated.jpg?resize=110%2C146&amp;ssl=1 110w, https:\/\/i0.wp.com\/www.kneipp-garbsen.de\/wp-content\/uploads\/2020\/05\/Kneipp-Treff-am-15.05.2020-3-rotated.jpg?resize=38%2C50&amp;ssl=1 38w, https:\/\/i0.wp.com\/www.kneipp-garbsen.de\/wp-content\/uploads\/2020\/05\/Kneipp-Treff-am-15.05.2020-3-rotated.jpg?resize=56%2C75&amp;ssl=1 56w, https:\/\/i0.wp.com\/www.kneipp-garbsen.de\/wp-content\/uploads\/2020\/05\/Kneipp-Treff-am-15.05.2020-3-rotated.jpg?w=480&amp;ssl=1 480w\" sizes=\"auto, (max-width:767px) 225px, 225px\" \/><\/p>\n<p>23.05.2020 &#8211; Na also, jetzt sieht unser neuer Treff schon viel &#8222;fertiger&#8220; aus. Die Lampen fehlen noch.<\/p>\n<p><img data-recalc-dims=\"1\" loading=\"lazy\" decoding=\"async\" class=\"alignnone size-medium wp-image-1549\" src=\"https:\/\/i0.wp.com\/www.kneipp-garbsen.de\/wp-content\/uploads\/2020\/05\/Kneipp-Treff-am-23.05.2020-2.jpg?resize=300%2C169&#038;ssl=1\" alt=\"\" width=\"300\" height=\"169\" srcset=\"https:\/\/i0.wp.com\/www.kneipp-garbsen.de\/wp-content\/uploads\/2020\/05\/Kneipp-Treff-am-23.05.2020-2-scaled.jpg?resize=300%2C169&amp;ssl=1 300w, https:\/\/i0.wp.com\/www.kneipp-garbsen.de\/wp-content\/uploads\/2020\/05\/Kneipp-Treff-am-23.05.2020-2-scaled.jpg?resize=1024%2C576&amp;ssl=1 1024w, https:\/\/i0.wp.com\/www.kneipp-garbsen.de\/wp-content\/uploads\/2020\/05\/Kneipp-Treff-am-23.05.2020-2-scaled.jpg?resize=768%2C432&amp;ssl=1 768w, https:\/\/i0.wp.com\/www.kneipp-garbsen.de\/wp-content\/uploads\/2020\/05\/Kneipp-Treff-am-23.05.2020-2-scaled.jpg?resize=1536%2C864&amp;ssl=1 1536w, https:\/\/i0.wp.com\/www.kneipp-garbsen.de\/wp-content\/uploads\/2020\/05\/Kneipp-Treff-am-23.05.2020-2-scaled.jpg?resize=2048%2C1152&amp;ssl=1 2048w, https:\/\/i0.wp.com\/www.kneipp-garbsen.de\/wp-content\/uploads\/2020\/05\/Kneipp-Treff-am-23.05.2020-2-scaled.jpg?resize=260%2C146&amp;ssl=1 260w, https:\/\/i0.wp.com\/www.kneipp-garbsen.de\/wp-content\/uploads\/2020\/05\/Kneipp-Treff-am-23.05.2020-2-scaled.jpg?resize=50%2C28&amp;ssl=1 50w, https:\/\/i0.wp.com\/www.kneipp-garbsen.de\/wp-content\/uploads\/2020\/05\/Kneipp-Treff-am-23.05.2020-2-scaled.jpg?resize=133%2C75&amp;ssl=1 133w, https:\/\/i0.wp.com\/www.kneipp-garbsen.de\/wp-content\/uploads\/2020\/05\/Kneipp-Treff-am-23.05.2020-2-scaled.jpg?w=2440&amp;ssl=1 2440w\" sizes=\"auto, (max-width:767px) 300px, 300px\" \/> <img data-recalc-dims=\"1\" loading=\"lazy\" decoding=\"async\" class=\"alignnone size-medium wp-image-1548\" src=\"https:\/\/i0.wp.com\/www.kneipp-garbsen.de\/wp-content\/uploads\/2020\/05\/Kneipp-Treff-am-23.05.2020-1.jpg?resize=300%2C169&#038;ssl=1\" alt=\"\" width=\"300\" height=\"169\" srcset=\"https:\/\/i0.wp.com\/www.kneipp-garbsen.de\/wp-content\/uploads\/2020\/05\/Kneipp-Treff-am-23.05.2020-1-scaled.jpg?resize=300%2C169&amp;ssl=1 300w, https:\/\/i0.wp.com\/www.kneipp-garbsen.de\/wp-content\/uploads\/2020\/05\/Kneipp-Treff-am-23.05.2020-1-scaled.jpg?resize=1024%2C576&amp;ssl=1 1024w, https:\/\/i0.wp.com\/www.kneipp-garbsen.de\/wp-content\/uploads\/2020\/05\/Kneipp-Treff-am-23.05.2020-1-scaled.jpg?resize=768%2C432&amp;ssl=1 768w, https:\/\/i0.wp.com\/www.kneipp-garbsen.de\/wp-content\/uploads\/2020\/05\/Kneipp-Treff-am-23.05.2020-1-scaled.jpg?resize=1536%2C864&amp;ssl=1 1536w, https:\/\/i0.wp.com\/www.kneipp-garbsen.de\/wp-content\/uploads\/2020\/05\/Kneipp-Treff-am-23.05.2020-1-scaled.jpg?resize=2048%2C1152&amp;ssl=1 2048w, https:\/\/i0.wp.com\/www.kneipp-garbsen.de\/wp-content\/uploads\/2020\/05\/Kneipp-Treff-am-23.05.2020-1-scaled.jpg?resize=260%2C146&amp;ssl=1 260w, https:\/\/i0.wp.com\/www.kneipp-garbsen.de\/wp-content\/uploads\/2020\/05\/Kneipp-Treff-am-23.05.2020-1-scaled.jpg?resize=50%2C28&amp;ssl=1 50w, https:\/\/i0.wp.com\/www.kneipp-garbsen.de\/wp-content\/uploads\/2020\/05\/Kneipp-Treff-am-23.05.2020-1-scaled.jpg?resize=133%2C75&amp;ssl=1 133w, https:\/\/i0.wp.com\/www.kneipp-garbsen.de\/wp-content\/uploads\/2020\/05\/Kneipp-Treff-am-23.05.2020-1-scaled.jpg?w=2440&amp;ssl=1 2440w\" sizes=\"auto, (max-width:767px) 300px, 300px\" \/><\/p>\n<p>05.06.2020 &#8211; Und, sieht unser Treff nicht toll aus? Mit der Bef\u00fcrchtung, unser Treff w\u00fcrde dunkel erscheinen, hat sich nicht bewahrheitet. Wir k\u00f6nnen uns auf einen sehr sch\u00f6nen und neuen Treff freuen. Sobald auch die Ma\u00dfnahmen der Corona-Krise \u00fcberwunden sind, werden wir unser Vereinsleben in diesem neuen, alten Standort neu starten.<\/p>\n<p><img data-recalc-dims=\"1\" loading=\"lazy\" decoding=\"async\" class=\"alignnone size-medium wp-image-1560\" src=\"https:\/\/i0.wp.com\/www.kneipp-garbsen.de\/wp-content\/uploads\/2020\/05\/Kneipp-Treff-am-28.05.2020-3.jpg?resize=300%2C225&#038;ssl=1\" alt=\"\" width=\"300\" height=\"225\" srcset=\"https:\/\/i0.wp.com\/www.kneipp-garbsen.de\/wp-content\/uploads\/2020\/05\/Kneipp-Treff-am-28.05.2020-3-scaled.jpg?resize=300%2C225&amp;ssl=1 300w, https:\/\/i0.wp.com\/www.kneipp-garbsen.de\/wp-content\/uploads\/2020\/05\/Kneipp-Treff-am-28.05.2020-3-scaled.jpg?resize=1024%2C768&amp;ssl=1 1024w, https:\/\/i0.wp.com\/www.kneipp-garbsen.de\/wp-content\/uploads\/2020\/05\/Kneipp-Treff-am-28.05.2020-3-scaled.jpg?resize=768%2C576&amp;ssl=1 768w, https:\/\/i0.wp.com\/www.kneipp-garbsen.de\/wp-content\/uploads\/2020\/05\/Kneipp-Treff-am-28.05.2020-3-scaled.jpg?resize=1536%2C1152&amp;ssl=1 1536w, https:\/\/i0.wp.com\/www.kneipp-garbsen.de\/wp-content\/uploads\/2020\/05\/Kneipp-Treff-am-28.05.2020-3-scaled.jpg?resize=2048%2C1536&amp;ssl=1 2048w, https:\/\/i0.wp.com\/www.kneipp-garbsen.de\/wp-content\/uploads\/2020\/05\/Kneipp-Treff-am-28.05.2020-3-scaled.jpg?resize=195%2C146&amp;ssl=1 195w, https:\/\/i0.wp.com\/www.kneipp-garbsen.de\/wp-content\/uploads\/2020\/05\/Kneipp-Treff-am-28.05.2020-3-scaled.jpg?resize=50%2C38&amp;ssl=1 50w, https:\/\/i0.wp.com\/www.kneipp-garbsen.de\/wp-content\/uploads\/2020\/05\/Kneipp-Treff-am-28.05.2020-3-scaled.jpg?resize=100%2C75&amp;ssl=1 100w, https:\/\/i0.wp.com\/www.kneipp-garbsen.de\/wp-content\/uploads\/2020\/05\/Kneipp-Treff-am-28.05.2020-3-scaled.jpg?w=2440&amp;ssl=1 2440w\" sizes=\"auto, (max-width:767px) 300px, 300px\" \/> <img data-recalc-dims=\"1\" loading=\"lazy\" decoding=\"async\" class=\"alignnone size-medium wp-image-1559\" src=\"https:\/\/i0.wp.com\/www.kneipp-garbsen.de\/wp-content\/uploads\/2020\/05\/Kneipp-Treff-am-28.05.2020-2.jpg?resize=225%2C300&#038;ssl=1\" alt=\"\" width=\"225\" height=\"300\" srcset=\"https:\/\/i0.wp.com\/www.kneipp-garbsen.de\/wp-content\/uploads\/2020\/05\/Kneipp-Treff-am-28.05.2020-2-scaled.jpg?resize=225%2C300&amp;ssl=1 225w, https:\/\/i0.wp.com\/www.kneipp-garbsen.de\/wp-content\/uploads\/2020\/05\/Kneipp-Treff-am-28.05.2020-2-scaled.jpg?resize=768%2C1024&amp;ssl=1 768w, https:\/\/i0.wp.com\/www.kneipp-garbsen.de\/wp-content\/uploads\/2020\/05\/Kneipp-Treff-am-28.05.2020-2-scaled.jpg?resize=1152%2C1536&amp;ssl=1 1152w, https:\/\/i0.wp.com\/www.kneipp-garbsen.de\/wp-content\/uploads\/2020\/05\/Kneipp-Treff-am-28.05.2020-2-scaled.jpg?resize=1536%2C2048&amp;ssl=1 1536w, https:\/\/i0.wp.com\/www.kneipp-garbsen.de\/wp-content\/uploads\/2020\/05\/Kneipp-Treff-am-28.05.2020-2-scaled.jpg?resize=110%2C146&amp;ssl=1 110w, https:\/\/i0.wp.com\/www.kneipp-garbsen.de\/wp-content\/uploads\/2020\/05\/Kneipp-Treff-am-28.05.2020-2-scaled.jpg?resize=38%2C50&amp;ssl=1 38w, https:\/\/i0.wp.com\/www.kneipp-garbsen.de\/wp-content\/uploads\/2020\/05\/Kneipp-Treff-am-28.05.2020-2-scaled.jpg?resize=56%2C75&amp;ssl=1 56w, https:\/\/i0.wp.com\/www.kneipp-garbsen.de\/wp-content\/uploads\/2020\/05\/Kneipp-Treff-am-28.05.2020-2-scaled.jpg?w=1920&amp;ssl=1 1920w\" sizes=\"auto, (max-width:767px) 225px, 225px\" \/><\/p>\n<p>D<strong>ieser Beitrag wird fortgesetzt. Weitere Bilder findet Ihr <a href=\"https:\/\/www.kneipp-garbsen.de\/?page_id=216\" target=\"_blank\" rel=\"noopener noreferrer\">hier<\/a>.<\/strong><\/p>\n","protected":false},"excerpt":{"rendered":"<p>17.03.2020 &#8211; P\u00fcnktlich am Montag, den 16.03.2020, haben die Handwerker im Kohake-Zentrum zugeschlagen &#8211; fast w\u00f6rtlich, denn die Glasw\u00e4nde wurden abgebaut. 20.03.2020 &#8211; Die Decke ist auch schon ab. Wir wissen nicht, ob die Bauarbeiten fortgesetzt werden k\u00f6nnen. 16.04.2020 &#8211; es geht weiter! Gestern wurden die Arbeiten fortgesetzt und die Helden unseres Umbaus sind flei\u00dfig&#8230;\u00a0 \u00a0\ud83d\ude42 19.04.2020 &#8211; Der Umbau<span class=\"excerpt-hellip\"> [\u2026]<\/span><\/p>\n","protected":false},"author":2,"featured_media":1561,"comment_status":"closed","ping_status":"closed","sticky":false,"template":"","format":"standard","meta":{"jetpack_post_was_ever_published":false,"_jetpack_newsletter_access":"","_jetpack_dont_email_post_to_subs":false,"_jetpack_newsletter_tier_id":0,"_jetpack_memberships_contains_paywalled_content":false,"_jetpack_memberships_contains_paid_content":false,"footnotes":"","jetpack_publicize_message":"","jetpack_publicize_feature_enabled":true,"jetpack_social_post_already_shared":false,"jetpack_social_options":{"image_generator_settings":{"template":"highway","default_image_id":0,"font":"","enabled":false},"version":2}},"categories":[1],"tags":[],"class_list":["post-1467","post","type-post","status-publish","format-standard","has-post-thumbnail","hentry","category-allgemein"],"jetpack_publicize_connections":[],"jetpack_featured_media_url":"https:\/\/i0.wp.com\/www.kneipp-garbsen.de\/wp-content\/uploads\/2020\/05\/Kneipp-Treff-am-28.05.2020-4-scaled.jpg?fit=2560%2C1920&ssl=1","jetpack_sharing_enabled":true,"_links":{"self":[{"href":"https:\/\/www.kneipp-garbsen.de\/index.php?rest_route=\/wp\/v2\/posts\/1467","targetHints":{"allow":["GET"]}}],"collection":[{"href":"https:\/\/www.kneipp-garbsen.de\/index.php?rest_route=\/wp\/v2\/posts"}],"about":[{"href":"https:\/\/www.kneipp-garbsen.de\/index.php?rest_route=\/wp\/v2\/types\/post"}],"author":[{"embeddable":true,"href":"https:\/\/www.kneipp-garbsen.de\/index.php?rest_route=\/wp\/v2\/users\/2"}],"replies":[{"embeddable":true,"href":"https:\/\/www.kneipp-garbsen.de\/index.php?rest_route=%2Fwp%2Fv2%2Fcomments&post=1467"}],"version-history":[{"count":14,"href":"https:\/\/www.kneipp-garbsen.de\/index.php?rest_route=\/wp\/v2\/posts\/1467\/revisions"}],"predecessor-version":[{"id":1570,"href":"https:\/\/www.kneipp-garbsen.de\/index.php?rest_route=\/wp\/v2\/posts\/1467\/revisions\/1570"}],"wp:featuredmedia":[{"embeddable":true,"href":"https:\/\/www.kneipp-garbsen.de\/index.php?rest_route=\/wp\/v2\/media\/1561"}],"wp:attachment":[{"href":"https:\/\/www.kneipp-garbsen.de\/index.php?rest_route=%2Fwp%2Fv2%2Fmedia&parent=1467"}],"wp:term":[{"taxonomy":"category","embeddable":true,"href":"https:\/\/www.kneipp-garbsen.de\/index.php?rest_route=%2Fwp%2Fv2%2Fcategories&post=1467"},{"taxonomy":"post_tag","embeddable":true,"href":"https:\/\/www.kneipp-garbsen.de\/index.php?rest_route=%2Fwp%2Fv2%2Ftags&post=1467"}],"curies":[{"name":"wp","href":"https:\/\/api.w.org\/{rel}","templated":true}]}}