{"id":1433,"date":"2020-02-29T16:22:14","date_gmt":"2020-02-29T15:22:14","guid":{"rendered":"https:\/\/www.kneipp-garbsen.de\/?p=1433"},"modified":"2020-02-29T16:30:57","modified_gmt":"2020-02-29T15:30:57","slug":"ehrung-fuer-franz-genegel-mit-der-silbernen-kneipp-medaillie","status":"publish","type":"post","link":"https:\/\/www.kneipp-garbsen.de\/?p=1433","title":{"rendered":"Ehrung f\u00fcr Franz Genegel mit der silbernen Kneipp-Medaillie"},"content":{"rendered":"<p>Auf der Jahreshauptversammlung am 13.02.2020 wurde Franz Genegel mit der silber-nen Kneipp-Medaille ausgezeichnet. Franz wurde f\u00fcr seine zw\u00f6lfj\u00e4hrige ehrenamtliche T\u00e4tigkeit als stellvertretender Vereins-Vorsitzender geehrt.<br \/>\nLieber Franz, wir danken Dir f\u00fcr Deine Arbeit und freuen uns, dass Du weiterhin dem Verein treu bleibst und wir sicher auf Deinen Rat zur\u00fcckgreifen k\u00f6nnen.<br \/>\nAuf dem Bild, von links nach rechts: Dieter Roggenkamp (1. Vorsitzender), Werner Heinelt (Laudator und Vertreter des Kneipp-Bundes), Peggy Ahlborn (2. Vorsitzende und Franz Genegel.<\/p>\n","protected":false},"excerpt":{"rendered":"<p>Auf der Jahreshauptversammlung am 13.02.2020 wurde Franz Genegel mit der silber-nen Kneipp-Medaille ausgezeichnet. Franz wurde f\u00fcr seine zw\u00f6lfj\u00e4hrige ehrenamtliche T\u00e4tigkeit als stellvertretender Vereins-Vorsitzender geehrt. Lieber Franz, wir danken Dir f\u00fcr Deine Arbeit und freuen uns, dass Du weiterhin dem Verein treu bleibst und wir sicher auf Deinen Rat zur\u00fcckgreifen k\u00f6nnen. Auf dem Bild, von links nach rechts: Dieter Roggenkamp (1.<span class=\"excerpt-hellip\"> [\u2026]<\/span><\/p>\n","protected":false},"author":2,"featured_media":1410,"comment_status":"closed","ping_status":"closed","sticky":false,"template":"","format":"image","meta":{"jetpack_post_was_ever_published":false,"_jetpack_newsletter_access":"","_jetpack_dont_email_post_to_subs":false,"_jetpack_newsletter_tier_id":0,"_jetpack_memberships_contains_paywalled_content":false,"_jetpack_memberships_contains_paid_content":false,"footnotes":"","jetpack_publicize_message":"","jetpack_publicize_feature_enabled":true,"jetpack_social_post_already_shared":false,"jetpack_social_options":{"image_generator_settings":{"template":"highway","default_image_id":0,"font":"","enabled":false},"version":2}},"categories":[1],"tags":[],"class_list":["post-1433","post","type-post","status-publish","format-image","has-post-thumbnail","hentry","category-allgemein","post_format-post-format-image"],"jetpack_publicize_connections":[],"jetpack_featured_media_url":"https:\/\/i0.wp.com\/www.kneipp-garbsen.de\/wp-content\/uploads\/2020\/02\/Ehrung-Franz-zur-JHV0001-scaled.jpg?fit=2560%2C2450&ssl=1","jetpack_sharing_enabled":true,"_links":{"self":[{"href":"https:\/\/www.kneipp-garbsen.de\/index.php?rest_route=\/wp\/v2\/posts\/1433","targetHints":{"allow":["GET"]}}],"collection":[{"href":"https:\/\/www.kneipp-garbsen.de\/index.php?rest_route=\/wp\/v2\/posts"}],"about":[{"href":"https:\/\/www.kneipp-garbsen.de\/index.php?rest_route=\/wp\/v2\/types\/post"}],"author":[{"embeddable":true,"href":"https:\/\/www.kneipp-garbsen.de\/index.php?rest_route=\/wp\/v2\/users\/2"}],"replies":[{"embeddable":true,"href":"https:\/\/www.kneipp-garbsen.de\/index.php?rest_route=%2Fwp%2Fv2%2Fcomments&post=1433"}],"version-history":[{"count":2,"href":"https:\/\/www.kneipp-garbsen.de\/index.php?rest_route=\/wp\/v2\/posts\/1433\/revisions"}],"predecessor-version":[{"id":1437,"href":"https:\/\/www.kneipp-garbsen.de\/index.php?rest_route=\/wp\/v2\/posts\/1433\/revisions\/1437"}],"wp:featuredmedia":[{"embeddable":true,"href":"https:\/\/www.kneipp-garbsen.de\/index.php?rest_route=\/wp\/v2\/media\/1410"}],"wp:attachment":[{"href":"https:\/\/www.kneipp-garbsen.de\/index.php?rest_route=%2Fwp%2Fv2%2Fmedia&parent=1433"}],"wp:term":[{"taxonomy":"category","embeddable":true,"href":"https:\/\/www.kneipp-garbsen.de\/index.php?rest_route=%2Fwp%2Fv2%2Fcategories&post=1433"},{"taxonomy":"post_tag","embeddable":true,"href":"https:\/\/www.kneipp-garbsen.de\/index.php?rest_route=%2Fwp%2Fv2%2Ftags&post=1433"}],"curies":[{"name":"wp","href":"https:\/\/api.w.org\/{rel}","templated":true}]}}