{"id":1431,"date":"2020-02-29T16:19:43","date_gmt":"2020-02-29T15:19:43","guid":{"rendered":"https:\/\/www.kneipp-garbsen.de\/?p=1431"},"modified":"2020-02-29T16:19:43","modified_gmt":"2020-02-29T15:19:43","slug":"bericht-des-vorsitzenden-ueber-die-jhv-am-13-02-2020","status":"publish","type":"post","link":"https:\/\/www.kneipp-garbsen.de\/?p=1431","title":{"rendered":"Bericht des Vorsitzenden \u00fcber die JHV am 13.02.2020"},"content":{"rendered":"<p>Der Garbsener Kneipp-Verein tagte im Sozialzentrum und gedachte zu Beginn der verstorbenen Mitglieder, begr\u00fc\u00dfte aber auch 19 Neumitglieder. Der Vorsitzende Dieter Roggenkamp und seine Vertreterin Peggy Ahlborn bedankten sich bei allen aktiven Mitgliedern und ehrten 29 Personen f\u00fcr 20 und 25j\u00e4hrige Mitgliedschaft.<br \/>\nWerner Heinelt vom Kneippbund Niedersachsen war nicht nur Gast, um sich zu informieren, sondern auch um Franz Genegel f\u00fcr den 12-j\u00e4hrigen stellvertretenden Vorsitz mit der silbernen Kneipp-Medaille f\u00fcr erfolgreichen Einsatz im Kneippverein auszuzeichnen. Franz Genegel wurde am Tag seiner Pensionierung vor 12 Jahren von der Jahresversammlung 2008 einstimmig zum stellvertretenden Vorsitzenden gew\u00e4hlt. Er strukturierte die Gesundheitskurse des Vereins, die Inhalte und ihre Abrechnung. Die weitere Entwicklung des Vereins, sowie Satzungs- und Versicherungsfragen unterst\u00fctzte er sehr engagiert.<br \/>\nDie folgenden Berichte des Vorsitzenden Dieter Roggenkamp und Wanderbeauftragten Manfred Windt wurde dankend aufgenommen. Helga Ebner war stolz \u00fcber mehr als 2600 G\u00e4ste im Kneipp-Treff und deren Teilnahme an Kursen, Kl\u00f6nen und Spielen.<br \/>\nDie stellvertretende Vorsitzende Peggy Ahlborn berichtete von neuen Kursen und Schwerpunkten mit den Kneippianern, aber auch von den Kindern in den drei Kneipp Kinderg\u00e4rten. Die Schatzmeisterin Marianne Bockhorst erhielt Beifall f\u00fcr den ausgeglichenen Haushalt und die Revisoren beantragten nach Stichproben-Pr\u00fcfung Entlastung. Das geschah ebenso einstimmig wie die Zustimmung zum neuen Haushaltsplan.<br \/>\nF\u00fcr die Mitgliederbetreuung wurden aktive Helfer gefunden und der Vorstand und die Teilnehmerinnen und Teilnehmer konnten mit Zuversicht und guten Vors\u00e4tzen die Versammlung beenden.<\/p>\n","protected":false},"excerpt":{"rendered":"<p>Der Garbsener Kneipp-Verein tagte im Sozialzentrum und gedachte zu Beginn der verstorbenen Mitglieder, begr\u00fc\u00dfte aber auch 19 Neumitglieder. Der Vorsitzende Dieter Roggenkamp und seine Vertreterin Peggy Ahlborn bedankten sich bei allen aktiven Mitgliedern und ehrten 29 Personen f\u00fcr 20 und 25j\u00e4hrige Mitgliedschaft. Werner Heinelt vom Kneippbund Niedersachsen war nicht nur Gast, um sich zu informieren, sondern auch um Franz Genegel<span class=\"excerpt-hellip\"> [\u2026]<\/span><\/p>\n","protected":false},"author":2,"featured_media":1417,"comment_status":"closed","ping_status":"closed","sticky":false,"template":"","format":"standard","meta":{"jetpack_post_was_ever_published":false,"_jetpack_newsletter_access":"","_jetpack_dont_email_post_to_subs":false,"_jetpack_newsletter_tier_id":0,"_jetpack_memberships_contains_paywalled_content":false,"_jetpack_memberships_contains_paid_content":false,"footnotes":"","jetpack_publicize_message":"","jetpack_publicize_feature_enabled":true,"jetpack_social_post_already_shared":false,"jetpack_social_options":{"image_generator_settings":{"template":"highway","default_image_id":0,"font":"","enabled":false},"version":2}},"categories":[1],"tags":[],"class_list":["post-1431","post","type-post","status-publish","format-standard","has-post-thumbnail","hentry","category-allgemein"],"jetpack_publicize_connections":[],"jetpack_featured_media_url":"https:\/\/i0.wp.com\/www.kneipp-garbsen.de\/wp-content\/uploads\/2020\/02\/Jahreshauptversammlung-2020-Kneipp-6-rotated.jpg?fit=480%2C640&ssl=1","jetpack_sharing_enabled":true,"_links":{"self":[{"href":"https:\/\/www.kneipp-garbsen.de\/index.php?rest_route=\/wp\/v2\/posts\/1431","targetHints":{"allow":["GET"]}}],"collection":[{"href":"https:\/\/www.kneipp-garbsen.de\/index.php?rest_route=\/wp\/v2\/posts"}],"about":[{"href":"https:\/\/www.kneipp-garbsen.de\/index.php?rest_route=\/wp\/v2\/types\/post"}],"author":[{"embeddable":true,"href":"https:\/\/www.kneipp-garbsen.de\/index.php?rest_route=\/wp\/v2\/users\/2"}],"replies":[{"embeddable":true,"href":"https:\/\/www.kneipp-garbsen.de\/index.php?rest_route=%2Fwp%2Fv2%2Fcomments&post=1431"}],"version-history":[{"count":1,"href":"https:\/\/www.kneipp-garbsen.de\/index.php?rest_route=\/wp\/v2\/posts\/1431\/revisions"}],"predecessor-version":[{"id":1432,"href":"https:\/\/www.kneipp-garbsen.de\/index.php?rest_route=\/wp\/v2\/posts\/1431\/revisions\/1432"}],"wp:featuredmedia":[{"embeddable":true,"href":"https:\/\/www.kneipp-garbsen.de\/index.php?rest_route=\/wp\/v2\/media\/1417"}],"wp:attachment":[{"href":"https:\/\/www.kneipp-garbsen.de\/index.php?rest_route=%2Fwp%2Fv2%2Fmedia&parent=1431"}],"wp:term":[{"taxonomy":"category","embeddable":true,"href":"https:\/\/www.kneipp-garbsen.de\/index.php?rest_route=%2Fwp%2Fv2%2Fcategories&post=1431"},{"taxonomy":"post_tag","embeddable":true,"href":"https:\/\/www.kneipp-garbsen.de\/index.php?rest_route=%2Fwp%2Fv2%2Ftags&post=1431"}],"curies":[{"name":"wp","href":"https:\/\/api.w.org\/{rel}","templated":true}]}}