{"id":1318,"date":"2019-11-30T21:35:13","date_gmt":"2019-11-30T20:35:13","guid":{"rendered":"https:\/\/www.kneipp-garbsen.de\/?p=1318"},"modified":"2019-11-30T21:35:13","modified_gmt":"2019-11-30T20:35:13","slug":"weisse-weihnachten-2019","status":"publish","type":"post","link":"https:\/\/www.kneipp-garbsen.de\/?p=1318","title":{"rendered":"Wei\u00dfe Weihnachten 2019"},"content":{"rendered":"<p>gab es auch in diesem Jahr nicht, aber Weihnachten wird trotzdem jedes Jahr im Kneipp-Verein gefeiert. In diesem Jahr wurde die Feier im Sozialzentrum, im Werner-Baesmann-Park, geplant, da sich unsere Weihnachtsfeier steigender Beliebtheit erfreut. Dieses Mal meldeten sich 70 Mitglieder an.  Da der Kneipp-Verein inzwischen drei Kinder-Tagest\u00e4tten betreut, traten Kinder aus der KiTa, Nelkenstr. auf. Sie brachten zu aller Freude Winter- und Weihnachtslieder zu Geh\u00f6r. Nach dem anschlie\u00dfenden Kaffee mit vorz\u00fcglichen Kuchen und Torten wurden unterhaltsame und lustige Texte durch einzelne Mitglieder des Vereins \u201eLeselust\u201c vorgetragen. Kultureller H\u00f6hepunkt waren Line Dancer vom TSV Stelingen. Sie zeigten nicht nur Ihr K\u00f6nnen, sondern informierten uns auch \u00fcber die die Geschichte. Wer wollte konnte auch mitmachen und einige Kneippianer lie\u00dfen sich nicht lange bitten und so wurde aus der Vorf\u00fchrung  ein gemeinsamer Tanz. Nach dem Abendessen ging ein angenehmer Nachmittag f\u00fcr fast alle Mitglieder zu ende. \u201eFast alle\u201c bedeutet, dass nat\u00fcrlich etliche Helfer, unter organisatorischer Federf\u00fchrung von Helga, das Sozialzentrum wieder in den Ausgangszustand bringen mussten. Dazu trafen sie sich zus\u00e4tzlich auch am Samstagvormittag. An dieser Selle ein ausdr\u00fccklicher Dank an alle Helfer, die diesen Nachmittag durch freiwillige Unterst\u00fctzung bei der Vorbereitung, aber auch danach, zu einem Erlebnis haben lassen. Vielen Dank!<\/p>\n","protected":false},"excerpt":{"rendered":"<p>gab es auch in diesem Jahr nicht, aber Weihnachten wird trotzdem jedes Jahr im Kneipp-Verein gefeiert. In diesem Jahr wurde die Feier im Sozialzentrum, im Werner-Baesmann-Park, geplant, da sich unsere Weihnachtsfeier steigender Beliebtheit erfreut. Dieses Mal meldeten sich 70 Mitglieder an. Da der Kneipp-Verein inzwischen drei Kinder-Tagest\u00e4tten betreut, traten Kinder aus der KiTa, Nelkenstr. auf. Sie brachten zu aller Freude<span class=\"excerpt-hellip\"> [\u2026]<\/span><\/p>\n","protected":false},"author":2,"featured_media":1319,"comment_status":"closed","ping_status":"closed","sticky":false,"template":"","format":"standard","meta":{"jetpack_post_was_ever_published":false,"_jetpack_newsletter_access":"","_jetpack_dont_email_post_to_subs":false,"_jetpack_newsletter_tier_id":0,"_jetpack_memberships_contains_paywalled_content":false,"_jetpack_memberships_contains_paid_content":false,"footnotes":"","jetpack_publicize_message":"","jetpack_publicize_feature_enabled":true,"jetpack_social_post_already_shared":false,"jetpack_social_options":{"image_generator_settings":{"template":"highway","default_image_id":0,"font":"","enabled":false},"version":2}},"categories":[1],"tags":[],"class_list":["post-1318","post","type-post","status-publish","format-standard","has-post-thumbnail","hentry","category-allgemein"],"jetpack_publicize_connections":[],"jetpack_featured_media_url":"https:\/\/i0.wp.com\/www.kneipp-garbsen.de\/wp-content\/uploads\/2019\/11\/Weihnachtsfeier-am-29.11.2019-2-Kopie-Kopie-scaled.jpg?fit=2560%2C1920&ssl=1","jetpack_sharing_enabled":true,"_links":{"self":[{"href":"https:\/\/www.kneipp-garbsen.de\/index.php?rest_route=\/wp\/v2\/posts\/1318","targetHints":{"allow":["GET"]}}],"collection":[{"href":"https:\/\/www.kneipp-garbsen.de\/index.php?rest_route=\/wp\/v2\/posts"}],"about":[{"href":"https:\/\/www.kneipp-garbsen.de\/index.php?rest_route=\/wp\/v2\/types\/post"}],"author":[{"embeddable":true,"href":"https:\/\/www.kneipp-garbsen.de\/index.php?rest_route=\/wp\/v2\/users\/2"}],"replies":[{"embeddable":true,"href":"https:\/\/www.kneipp-garbsen.de\/index.php?rest_route=%2Fwp%2Fv2%2Fcomments&post=1318"}],"version-history":[{"count":1,"href":"https:\/\/www.kneipp-garbsen.de\/index.php?rest_route=\/wp\/v2\/posts\/1318\/revisions"}],"predecessor-version":[{"id":1320,"href":"https:\/\/www.kneipp-garbsen.de\/index.php?rest_route=\/wp\/v2\/posts\/1318\/revisions\/1320"}],"wp:featuredmedia":[{"embeddable":true,"href":"https:\/\/www.kneipp-garbsen.de\/index.php?rest_route=\/wp\/v2\/media\/1319"}],"wp:attachment":[{"href":"https:\/\/www.kneipp-garbsen.de\/index.php?rest_route=%2Fwp%2Fv2%2Fmedia&parent=1318"}],"wp:term":[{"taxonomy":"category","embeddable":true,"href":"https:\/\/www.kneipp-garbsen.de\/index.php?rest_route=%2Fwp%2Fv2%2Fcategories&post=1318"},{"taxonomy":"post_tag","embeddable":true,"href":"https:\/\/www.kneipp-garbsen.de\/index.php?rest_route=%2Fwp%2Fv2%2Ftags&post=1318"}],"curies":[{"name":"wp","href":"https:\/\/api.w.org\/{rel}","templated":true}]}}