{"id":1292,"date":"2019-09-09T20:17:15","date_gmt":"2019-09-09T18:17:15","guid":{"rendered":"https:\/\/www.kneipp-garbsen.de\/?p=1292"},"modified":"2019-09-09T20:17:15","modified_gmt":"2019-09-09T18:17:15","slug":"sonnenaufgang-in-langenhagen","status":"publish","type":"post","link":"https:\/\/www.kneipp-garbsen.de\/?p=1292","title":{"rendered":"Sonnenaufgang in Langenhagen"},"content":{"rendered":"<p>Am 20.07 fanden sich erstaunlich viele Kneippianer bereit, ausnahmsweise mal am Samstag sehr zeitig aufzustehen &#8211; n\u00e4mlich vor Sonnenaufgang.<br \/>\nManuela hatte zu einer Radtour in den Sommer-Sonnenaufgang aufgerufen. Es zeigte sich, dass die Kneippianer trotz ihres \u00fcberwiegend vorliegenden Rentnerdaseins, ihre Wecker noch nicht verschrottet haben. Tats\u00e4chlich trafen um f\u00fcnf Uhr bei M\u00f6bel Hes-se acht Teilnehmer ein, die diese Tour nicht vers\u00e4umen wollten. Das Wetter war in der Vorhersage super und tats\u00e4chlich war, bis auf leichten morgendlichen Dunst, klare Sicht.<br \/>\nWir fuhren planm\u00e4\u00dfig Richtung Osten und pausierten zur Aufgangszeit, 05:26 Uhr.<br \/>\nSchade war, dass nat\u00fcrlich durch Bebauung und Bewuchs der Horizont nicht so sch\u00f6n sichtbar war, wie er es an einer \u00f6stlichen Meeresk\u00fcste gewesen w\u00e4re. Das tat aber der Stimmung keinen Abbruch. Fr\u00f6hlich radelten wir um den Silbersee, genossen die au-\u00dfergew\u00f6hnliche Ruhe und konnten sogar einen sehr sch\u00f6nen Regenbogen bewundern. Die Sch\u00f6nheit dieses Regenbogens entsch\u00e4digte uns aber f\u00fcr den dadurch angek\u00fcndig-ten leichten Regenschauer. Bevor dieser aber begann, erreichten wir unseren Fr\u00fch-st\u00fcckspunkt, ein Bistro am Bahnhof Langenhagen-Mitte. Das Wetter hatte es mit uns gut gemeint und so konnten wir die Fahrt nach dem sehr guten Fr\u00fchst\u00fcck auch wei-terhin trocken fortsetzen.<br \/>\nDie Tour wurde von allen Teilnehmern als sehr gut befunden und so plant Manuela im n\u00e4chsten Jahr wieder eine Fahrt in den Sonnenaufgang.<\/p>\n","protected":false},"excerpt":{"rendered":"<p>Am 20.07 fanden sich erstaunlich viele Kneippianer bereit, ausnahmsweise mal am Samstag sehr zeitig aufzustehen &#8211; n\u00e4mlich vor Sonnenaufgang. Manuela hatte zu einer Radtour in den Sommer-Sonnenaufgang aufgerufen. Es zeigte sich, dass die Kneippianer trotz ihres \u00fcberwiegend vorliegenden Rentnerdaseins, ihre Wecker noch nicht verschrottet haben. Tats\u00e4chlich trafen um f\u00fcnf Uhr bei M\u00f6bel Hes-se acht Teilnehmer ein, die diese Tour nicht<span class=\"excerpt-hellip\"> [\u2026]<\/span><\/p>\n","protected":false},"author":2,"featured_media":1293,"comment_status":"closed","ping_status":"closed","sticky":false,"template":"","format":"standard","meta":{"jetpack_post_was_ever_published":false,"_jetpack_newsletter_access":"","_jetpack_dont_email_post_to_subs":false,"_jetpack_newsletter_tier_id":0,"_jetpack_memberships_contains_paywalled_content":false,"_jetpack_memberships_contains_paid_content":false,"footnotes":"","jetpack_publicize_message":"","jetpack_publicize_feature_enabled":true,"jetpack_social_post_already_shared":false,"jetpack_social_options":{"image_generator_settings":{"template":"highway","default_image_id":0,"font":"","enabled":false},"version":2}},"categories":[1],"tags":[],"class_list":["post-1292","post","type-post","status-publish","format-standard","has-post-thumbnail","hentry","category-allgemein"],"jetpack_publicize_connections":[],"jetpack_featured_media_url":"https:\/\/i0.wp.com\/www.kneipp-garbsen.de\/wp-content\/uploads\/2019\/09\/20190517_072041.jpg?fit=4608%2C2592&ssl=1","jetpack_sharing_enabled":true,"_links":{"self":[{"href":"https:\/\/www.kneipp-garbsen.de\/index.php?rest_route=\/wp\/v2\/posts\/1292","targetHints":{"allow":["GET"]}}],"collection":[{"href":"https:\/\/www.kneipp-garbsen.de\/index.php?rest_route=\/wp\/v2\/posts"}],"about":[{"href":"https:\/\/www.kneipp-garbsen.de\/index.php?rest_route=\/wp\/v2\/types\/post"}],"author":[{"embeddable":true,"href":"https:\/\/www.kneipp-garbsen.de\/index.php?rest_route=\/wp\/v2\/users\/2"}],"replies":[{"embeddable":true,"href":"https:\/\/www.kneipp-garbsen.de\/index.php?rest_route=%2Fwp%2Fv2%2Fcomments&post=1292"}],"version-history":[{"count":1,"href":"https:\/\/www.kneipp-garbsen.de\/index.php?rest_route=\/wp\/v2\/posts\/1292\/revisions"}],"predecessor-version":[{"id":1294,"href":"https:\/\/www.kneipp-garbsen.de\/index.php?rest_route=\/wp\/v2\/posts\/1292\/revisions\/1294"}],"wp:featuredmedia":[{"embeddable":true,"href":"https:\/\/www.kneipp-garbsen.de\/index.php?rest_route=\/wp\/v2\/media\/1293"}],"wp:attachment":[{"href":"https:\/\/www.kneipp-garbsen.de\/index.php?rest_route=%2Fwp%2Fv2%2Fmedia&parent=1292"}],"wp:term":[{"taxonomy":"category","embeddable":true,"href":"https:\/\/www.kneipp-garbsen.de\/index.php?rest_route=%2Fwp%2Fv2%2Fcategories&post=1292"},{"taxonomy":"post_tag","embeddable":true,"href":"https:\/\/www.kneipp-garbsen.de\/index.php?rest_route=%2Fwp%2Fv2%2Ftags&post=1292"}],"curies":[{"name":"wp","href":"https:\/\/api.w.org\/{rel}","templated":true}]}}