{"id":1289,"date":"2019-09-09T20:15:09","date_gmt":"2019-09-09T18:15:09","guid":{"rendered":"https:\/\/www.kneipp-garbsen.de\/?p=1289"},"modified":"2019-09-09T20:15:09","modified_gmt":"2019-09-09T18:15:09","slug":"besuch-des-stadtfriedhofs-stoecken","status":"publish","type":"post","link":"https:\/\/www.kneipp-garbsen.de\/?p=1289","title":{"rendered":"Besuch des Stadtfriedhofs St\u00f6cken"},"content":{"rendered":"<p>Den Haupteingang des Stadtfriedhofs St\u00f6cken erreicht man bequem mit der Linie 4. Obwohl sich wohl alle Teilnehmer des Ausflugs schon oft vorgenommen hatten, das weitl\u00e4ufige Gel\u00e4nde hinter dem auff\u00e4lligen neugotischen Geb\u00e4udeensemble einmal genauer zu erkunden, war es bisher f\u00fcr die meisten beim Vorsatz geblieben. Bis Adela von der Nordic-Walking-Gruppe den Stadtfriedhof als Ziel des Ausflugs vom 4. Juni 2019 vorschlug.<br \/>\nSo kam es, dass sich an diesem Dienstag 23 Kneippianer bei herrlichem Wetter an der Endhaltestelle Planetencenter trafen und zusammen stadteinw\u00e4rts fuhren.<br \/>\nAm Haupteingang des Friedhofs war die Gruppe mit einer Stadtf\u00fchrerin von Stattreisen Hannover e.V. verabredet. Unter ihrer kompetenten und freundlichen Leitung erfuhr man in zwei Stunden viel Wissenswertes und Interessantes \u00fcber Entstehung, Aufbau und Geschichte des Friedhofes. Sie berichtete \u00fcber das Wirken von Gartendirektoren und Gartenbautechnikern, Bildhauern und Steinmetzen, \u00fcber unterschiedliche Bestattungskulturen und, an den Grabst\u00e4tten bekannter Familien, \u00fcber Zusammenh\u00e4nge der j\u00fcngeren hannoverschen Stadtgeschichte.<br \/>\nDie Teilnehmer konnten die Pracht der weithin bekannten Rhododendron-Anpflanzungen und die F\u00fclle der Seerosen auf dem angelegten Teich bewundern und freuten sich, sogar einen der selten gewordenen Pirole zu h\u00f6ren.<br \/>\nZum Abschluss der F\u00fchrung besuchte die Gruppe das Kulturcaf\u00e9 Anna Blume, das in einem Fl\u00fcgel des Eingangsportals liegt. Bei vorz\u00fcglichen hausgemachten Kuchen und Kaffeespezialit\u00e4ten, die von freundlichen Servicemitarbeiterinnen im Garten des Caf\u00e9s serviert wurden, klang der Nachmittag angenehm aus, so dass alle Teilnehmer gutgelaunt am Abend wieder in Garbsen ankamen.<\/p>\n","protected":false},"excerpt":{"rendered":"<p>Den Haupteingang des Stadtfriedhofs St\u00f6cken erreicht man bequem mit der Linie 4. Obwohl sich wohl alle Teilnehmer des Ausflugs schon oft vorgenommen hatten, das weitl\u00e4ufige Gel\u00e4nde hinter dem auff\u00e4lligen neugotischen Geb\u00e4udeensemble einmal genauer zu erkunden, war es bisher f\u00fcr die meisten beim Vorsatz geblieben. Bis Adela von der Nordic-Walking-Gruppe den Stadtfriedhof als Ziel des Ausflugs vom 4. Juni 2019 vorschlug.<span class=\"excerpt-hellip\"> [\u2026]<\/span><\/p>\n","protected":false},"author":2,"featured_media":1290,"comment_status":"closed","ping_status":"closed","sticky":false,"template":"","format":"standard","meta":{"jetpack_post_was_ever_published":false,"_jetpack_newsletter_access":"","_jetpack_dont_email_post_to_subs":false,"_jetpack_newsletter_tier_id":0,"_jetpack_memberships_contains_paywalled_content":false,"_jetpack_memberships_contains_paid_content":false,"footnotes":"","jetpack_publicize_message":"","jetpack_publicize_feature_enabled":true,"jetpack_social_post_already_shared":false,"jetpack_social_options":{"image_generator_settings":{"template":"highway","default_image_id":0,"font":"","enabled":false},"version":2}},"categories":[1],"tags":[],"class_list":["post-1289","post","type-post","status-publish","format-standard","has-post-thumbnail","hentry","category-allgemein"],"jetpack_publicize_connections":[],"jetpack_featured_media_url":"https:\/\/i0.wp.com\/www.kneipp-garbsen.de\/wp-content\/uploads\/2019\/09\/St%C3%B6ckener-Friedhof-Bericht-3.jpg?fit=640%2C480&ssl=1","jetpack_sharing_enabled":true,"_links":{"self":[{"href":"https:\/\/www.kneipp-garbsen.de\/index.php?rest_route=\/wp\/v2\/posts\/1289","targetHints":{"allow":["GET"]}}],"collection":[{"href":"https:\/\/www.kneipp-garbsen.de\/index.php?rest_route=\/wp\/v2\/posts"}],"about":[{"href":"https:\/\/www.kneipp-garbsen.de\/index.php?rest_route=\/wp\/v2\/types\/post"}],"author":[{"embeddable":true,"href":"https:\/\/www.kneipp-garbsen.de\/index.php?rest_route=\/wp\/v2\/users\/2"}],"replies":[{"embeddable":true,"href":"https:\/\/www.kneipp-garbsen.de\/index.php?rest_route=%2Fwp%2Fv2%2Fcomments&post=1289"}],"version-history":[{"count":1,"href":"https:\/\/www.kneipp-garbsen.de\/index.php?rest_route=\/wp\/v2\/posts\/1289\/revisions"}],"predecessor-version":[{"id":1291,"href":"https:\/\/www.kneipp-garbsen.de\/index.php?rest_route=\/wp\/v2\/posts\/1289\/revisions\/1291"}],"wp:featuredmedia":[{"embeddable":true,"href":"https:\/\/www.kneipp-garbsen.de\/index.php?rest_route=\/wp\/v2\/media\/1290"}],"wp:attachment":[{"href":"https:\/\/www.kneipp-garbsen.de\/index.php?rest_route=%2Fwp%2Fv2%2Fmedia&parent=1289"}],"wp:term":[{"taxonomy":"category","embeddable":true,"href":"https:\/\/www.kneipp-garbsen.de\/index.php?rest_route=%2Fwp%2Fv2%2Fcategories&post=1289"},{"taxonomy":"post_tag","embeddable":true,"href":"https:\/\/www.kneipp-garbsen.de\/index.php?rest_route=%2Fwp%2Fv2%2Ftags&post=1289"}],"curies":[{"name":"wp","href":"https:\/\/api.w.org\/{rel}","templated":true}]}}