{"id":1267,"date":"2019-05-19T15:10:01","date_gmt":"2019-05-19T13:10:01","guid":{"rendered":"http:\/\/www.kneipp-garbsen.de\/?p=1267"},"modified":"2019-05-19T15:10:01","modified_gmt":"2019-05-19T13:10:01","slug":"eroeffnungsfeier-der-wassertretanlage-saison-2019","status":"publish","type":"post","link":"https:\/\/www.kneipp-garbsen.de\/?p=1267","title":{"rendered":"Er\u00f6ffnungsfeier der Wassertretanlage Saison 2019"},"content":{"rendered":"<p>Das Wetter ist eine sehr unsichere Sache und niemand kann wirklich das Wetter \u00fcber Monate vorhersagen. Wenn der Kneipp-Verein seine Planung macht, muss das aber Monate im Voraus geschehen. Darum hatten wir die Er\u00f6ffnung bereits f\u00fcr den 04. Mai geplant. Dann war aber eben diese unsichere Wettervorhersage so schlecht, dass wir uns f\u00fcr eine Verschiebung entschieden und wir hatten Gl\u00fcck! Am 18.05. war das Wetter perfekt f\u00fcr unsere Er\u00f6ffnungsfeier.<\/p>\n<p>Nachdem die flei\u00dfigen Helfer um Helga, die bereits am Freitag mit den ersten Vorbereitungen begannen, alles aufgebaut hatten, St\u00fchle, Tische, den Kuchentresen, die Grillstation aufgebaut und die Wassertretanlage vorbereitet hatten, konnte die Feier gegen 12:00 Uhr beginnen. Bei sch\u00f6nstem Sonnenschein starteten wir p\u00fcnktlich. Dieter Roggenkamp, unser 1. Vorsitzende, hielt eine kurze Festansprache. In der rechten Hand das Mikrophon, in der linken einen P\u00fcmpel. Damit machte er deutlich, wie wichtig eine gute und regelm\u00e4\u00dfige Pflege der Wassertretanlage ist \u2013 Dieter hatte ihn wenige Minuten zuvor benutzt. Immerhin existiert unsere WTA seit dreizehn Jahren und ist immer noch in einem Topzustand. Das ist den vielen freiwilligen ehrenamtlichen Helfern geschuldet, die Dieter in seiner Ansprache ausdr\u00fccklich w\u00fcrdigte und ihnen dankte. Weiterhin sprach er von einem ungl\u00fccklichen Baum, der nach der Anpflanzung abknickte und vom Gr\u00fcnfl\u00e4chenamt irrt\u00fcmlich entfernt wurde. Er sprach \u00fcber die Familie Hesse, die dem Verein freundlicherweise einen neuen Baum sponsorte. Von der Spende konnten sogar noch zwei weitere Pflanzen beschafft werden, die w\u00e4hrend der Er\u00f6ffnungsfeier eingepflanzt wurden. Nat\u00fcrlich verga\u00df Dieter nicht, an den Geburtstag von Sebastian Kneipp zu erinnern, der am 17. Mai 1821, also sich zum 198. Mal j\u00e4hrte.<\/p>\n<p>Klar, dass Gudrun wieder mit ihrem Grill die Anwesenden mit hervorragenden Bratw\u00fcrsten und Kartoffelsalat verk\u00f6stigte und andere Helfer wunderbaren Kuchen gebacken hatten, der ebenfalls angeboten und mit Freude angenommen wurde.<\/p>\n<p>Es wurden wieder interessante Gespr\u00e4che gef\u00fchrt, man traf sich, tauschte sich aus und freute sich auf die n\u00e4chsten Ereignisse des Kneipp-Vereins. Das ist auch das, was unsren Verein ausmacht \u2013 er eint. Danke an alle Ehrenamtliche!<\/p>\n","protected":false},"excerpt":{"rendered":"<p>Das Wetter ist eine sehr unsichere Sache und niemand kann wirklich das Wetter \u00fcber Monate vorhersagen. Wenn der Kneipp-Verein seine Planung macht, muss das aber Monate im Voraus geschehen. Darum hatten wir die Er\u00f6ffnung bereits f\u00fcr den 04. Mai geplant. Dann war aber eben diese unsichere Wettervorhersage so schlecht, dass wir uns f\u00fcr eine Verschiebung entschieden und wir hatten Gl\u00fcck!<span class=\"excerpt-hellip\"> [\u2026]<\/span><\/p>\n","protected":false},"author":2,"featured_media":1273,"comment_status":"open","ping_status":"open","sticky":false,"template":"","format":"standard","meta":{"jetpack_post_was_ever_published":false,"_jetpack_newsletter_access":"","_jetpack_dont_email_post_to_subs":false,"_jetpack_newsletter_tier_id":0,"_jetpack_memberships_contains_paywalled_content":false,"_jetpack_memberships_contains_paid_content":false,"footnotes":"","jetpack_publicize_message":"","jetpack_publicize_feature_enabled":true,"jetpack_social_post_already_shared":false,"jetpack_social_options":{"image_generator_settings":{"template":"highway","default_image_id":0,"font":"","enabled":false},"version":2}},"categories":[1],"tags":[],"class_list":["post-1267","post","type-post","status-publish","format-standard","has-post-thumbnail","hentry","category-allgemein"],"jetpack_publicize_connections":[],"jetpack_featured_media_url":"https:\/\/i0.wp.com\/www.kneipp-garbsen.de\/wp-content\/uploads\/2019\/05\/WTA-Er%C3%B6ffnung-1-e1558271359801.jpg?fit=3283%2C1624&ssl=1","jetpack_sharing_enabled":true,"_links":{"self":[{"href":"https:\/\/www.kneipp-garbsen.de\/index.php?rest_route=\/wp\/v2\/posts\/1267","targetHints":{"allow":["GET"]}}],"collection":[{"href":"https:\/\/www.kneipp-garbsen.de\/index.php?rest_route=\/wp\/v2\/posts"}],"about":[{"href":"https:\/\/www.kneipp-garbsen.de\/index.php?rest_route=\/wp\/v2\/types\/post"}],"author":[{"embeddable":true,"href":"https:\/\/www.kneipp-garbsen.de\/index.php?rest_route=\/wp\/v2\/users\/2"}],"replies":[{"embeddable":true,"href":"https:\/\/www.kneipp-garbsen.de\/index.php?rest_route=%2Fwp%2Fv2%2Fcomments&post=1267"}],"version-history":[{"count":1,"href":"https:\/\/www.kneipp-garbsen.de\/index.php?rest_route=\/wp\/v2\/posts\/1267\/revisions"}],"predecessor-version":[{"id":1278,"href":"https:\/\/www.kneipp-garbsen.de\/index.php?rest_route=\/wp\/v2\/posts\/1267\/revisions\/1278"}],"wp:featuredmedia":[{"embeddable":true,"href":"https:\/\/www.kneipp-garbsen.de\/index.php?rest_route=\/wp\/v2\/media\/1273"}],"wp:attachment":[{"href":"https:\/\/www.kneipp-garbsen.de\/index.php?rest_route=%2Fwp%2Fv2%2Fmedia&parent=1267"}],"wp:term":[{"taxonomy":"category","embeddable":true,"href":"https:\/\/www.kneipp-garbsen.de\/index.php?rest_route=%2Fwp%2Fv2%2Fcategories&post=1267"},{"taxonomy":"post_tag","embeddable":true,"href":"https:\/\/www.kneipp-garbsen.de\/index.php?rest_route=%2Fwp%2Fv2%2Ftags&post=1267"}],"curies":[{"name":"wp","href":"https:\/\/api.w.org\/{rel}","templated":true}]}}