{"id":1232,"date":"2019-04-07T20:15:18","date_gmt":"2019-04-07T18:15:18","guid":{"rendered":"http:\/\/www.kneipp-garbsen.de\/?p=1232"},"modified":"2019-04-27T18:19:36","modified_gmt":"2019-04-27T16:19:36","slug":"%ef%bb%bfvogelexkursion-durch-den-hinueberschen-garten-2","status":"publish","type":"post","link":"https:\/\/www.kneipp-garbsen.de\/?p=1232","title":{"rendered":"\ufeffVogelexkursion durch den Hin\u00fcberschen Garten"},"content":{"rendered":"\n<p>\nDer n\u00e4chste Spaziergang beginnt am So., 14.04.2019, 8.00 Uhr, \nGrundschule Marienwerder, Westermannweg 10.  Anmeldung bei J\u00fcrgen \nWasmuth, Tel.05137\/78353, eMail: <a href=\"mailto:juergen.wasmuth@htp-tel.de\">juergen.wasmuth@htp-tel.de<\/a><\/p>\n\n\n\n<ul class=\"wp-block-gallery columns-2 is-cropped wp-block-gallery-1 is-layout-flex wp-block-gallery-is-layout-flex\"><li class=\"blocks-gallery-item\"><figure><img data-recalc-dims=\"1\" loading=\"lazy\" decoding=\"async\" width=\"1024\" height=\"575\" src=\"https:\/\/i0.wp.com\/www.kneipp-garbsen.de\/wp-content\/uploads\/2019\/04\/am-Hexenturm-1024x575.jpg?resize=1024%2C575\" alt=\"\" data-id=\"1233\" data-link=\"http:\/\/www.kneipp-garbsen.de\/?attachment_id=1233\" class=\"wp-image-1233\" srcset=\"https:\/\/i0.wp.com\/www.kneipp-garbsen.de\/wp-content\/uploads\/2019\/04\/am-Hexenturm.jpg?resize=1024%2C575&amp;ssl=1 1024w, https:\/\/i0.wp.com\/www.kneipp-garbsen.de\/wp-content\/uploads\/2019\/04\/am-Hexenturm.jpg?resize=300%2C169&amp;ssl=1 300w, https:\/\/i0.wp.com\/www.kneipp-garbsen.de\/wp-content\/uploads\/2019\/04\/am-Hexenturm.jpg?resize=768%2C432&amp;ssl=1 768w, https:\/\/i0.wp.com\/www.kneipp-garbsen.de\/wp-content\/uploads\/2019\/04\/am-Hexenturm.jpg?resize=260%2C146&amp;ssl=1 260w, https:\/\/i0.wp.com\/www.kneipp-garbsen.de\/wp-content\/uploads\/2019\/04\/am-Hexenturm.jpg?resize=50%2C28&amp;ssl=1 50w, https:\/\/i0.wp.com\/www.kneipp-garbsen.de\/wp-content\/uploads\/2019\/04\/am-Hexenturm.jpg?resize=133%2C75&amp;ssl=1 133w, https:\/\/i0.wp.com\/www.kneipp-garbsen.de\/wp-content\/uploads\/2019\/04\/am-Hexenturm.jpg?w=2440&amp;ssl=1 2440w, https:\/\/i0.wp.com\/www.kneipp-garbsen.de\/wp-content\/uploads\/2019\/04\/am-Hexenturm.jpg?w=3660&amp;ssl=1 3660w\" sizes=\"auto, (max-width:767px) 480px, (max-width:1024px) 100vw, 1024px\" \/><figcaption>am Hexenturm<\/figcaption><\/figure><\/li><li class=\"blocks-gallery-item\"><figure><img data-recalc-dims=\"1\" loading=\"lazy\" decoding=\"async\" width=\"1024\" height=\"575\" src=\"https:\/\/i0.wp.com\/www.kneipp-garbsen.de\/wp-content\/uploads\/2019\/04\/Wir-lauschen-1024x575.jpg?resize=1024%2C575\" alt=\"\" data-id=\"1235\" data-link=\"http:\/\/www.kneipp-garbsen.de\/?attachment_id=1235\" class=\"wp-image-1235\" srcset=\"https:\/\/i0.wp.com\/www.kneipp-garbsen.de\/wp-content\/uploads\/2019\/04\/Wir-lauschen.jpg?resize=1024%2C575&amp;ssl=1 1024w, https:\/\/i0.wp.com\/www.kneipp-garbsen.de\/wp-content\/uploads\/2019\/04\/Wir-lauschen.jpg?resize=300%2C169&amp;ssl=1 300w, https:\/\/i0.wp.com\/www.kneipp-garbsen.de\/wp-content\/uploads\/2019\/04\/Wir-lauschen.jpg?resize=768%2C432&amp;ssl=1 768w, https:\/\/i0.wp.com\/www.kneipp-garbsen.de\/wp-content\/uploads\/2019\/04\/Wir-lauschen.jpg?resize=260%2C146&amp;ssl=1 260w, https:\/\/i0.wp.com\/www.kneipp-garbsen.de\/wp-content\/uploads\/2019\/04\/Wir-lauschen.jpg?resize=50%2C28&amp;ssl=1 50w, https:\/\/i0.wp.com\/www.kneipp-garbsen.de\/wp-content\/uploads\/2019\/04\/Wir-lauschen.jpg?resize=133%2C75&amp;ssl=1 133w, https:\/\/i0.wp.com\/www.kneipp-garbsen.de\/wp-content\/uploads\/2019\/04\/Wir-lauschen.jpg?w=2440&amp;ssl=1 2440w, https:\/\/i0.wp.com\/www.kneipp-garbsen.de\/wp-content\/uploads\/2019\/04\/Wir-lauschen.jpg?w=3660&amp;ssl=1 3660w\" sizes=\"auto, (max-width:767px) 480px, (max-width:1024px) 100vw, 1024px\" \/><figcaption>Wir lauschen!!<\/figcaption><\/figure><\/li><\/ul>\n\n\n\n<p>Bereits im 4. Jahr l\u00e4dt unser Hobbyornithologe  zu seiner immer beliebter werdenden Exkursion ein. Direkt am Treffpunkt an der Grundschule Marienwerder erkl\u00e4rte er den 15 Teilnehmern  die Kohl- und Blaumeisen, die uns mit ihrem Zizid\u00e4h-Rufen begleiten werden.  <\/p>\n\n\n\n<p>Gleich darauf ert\u00f6nten die Neuank\u00f6mmlinge Zilpzalp und M\u00f6nchsgrasm\u00fccke mit seiner schwarzen M\u00f6nchskappe. Dann st\u00fcrmte laut-stark eine Schar farbenpr\u00e4chtiger Eichelh\u00e4her durch das Quantelholz. Der kleine rundliche Zaunk\u00f6nig im Unterholz lie\u00df sich davon nicht st\u00f6ren und tr\u00e4llerte weithin h\u00f6rbar sein Lied.  <\/p>\n\n\n\n<p>J\u00fcrgen Wasmuth beschrieb ausf\u00fchrlich die Lebens- und Verhaltensweisen der V\u00f6gel, zeigte Abbildungen und lie\u00df die entsprechenden Ges\u00e4nge h\u00f6ren.  Souver\u00e4n beantwortete er mehrfach Fragen der Teilnehmer und wies ganz nebenbei noch auf die Fr\u00fchlingsblumen wie Lerchensporn, Buschwind-r\u00f6schen, Scharbockskraut und den interessanten Aronstab hin. Am Hexen-turm lernten wir den Hundszahn kennen, einen tulpen\u00e4hnlichen Fr\u00fchbl\u00fcher.<\/p>\n\n\n\n<p>Dieser Turm mit Blick auf Hannover und die vorbeiziehende Leine bildete einst mit dem Obelisken auf dem Glockenberg und dem Kloster Marien-werder eine Sichtachse in diesem englichen Garten, der 1866 von Jobst von Hin\u00fcber entworfen wurde. Hin\u00fcber war Mitgleid der Freimaurerloge Friedrich. Mehrere Tafeln mit Sinnspr\u00fcchen und Symbolen weisen noch heute darauf hin.  <\/p>\n\n\n\n<p><em>\u201eEine der sch\u00f6nsten Gaben des Himmels ist es, ein unbeschwertes, m\u00e4\u00dfiges und ruhiges Leben f\u00fchren zu k\u00f6nnen, Schatten und Licht in der Seele zu ordnen und die Sch\u00f6nheit der Natur anzul\u00e4cheln.\u201c  <\/em><\/p>\n\n\n\n<p>Nahe dem Teich ersp\u00e4hte Wasmuth eine Stockente, die ihrem Namen alle Ehre machte und auf einem Zeig (Stock) in einer alten Eiche sa\u00df.  Er zeigte uns auch einen Busardhorst ganz oben in einer m\u00e4chtigen Buche, f\u00fchrte uns den Ruf vor und schon bald sahen wir die Greife am Himmel kreisen. Auch ein Habicht durchstreifte immerwieder elegant das Ge\u00e4st des Forstes.  <\/p>\n\n\n\n<p>Vom\nmelodischen Lied des Waldlaubs\u00e4ngers war leider nichts zu h\u00f6ren.\nWasmuth lie\u00df den Gesang \u00fcber seinem Ting erklingen, sodass wir ihn\nbei n\u00e4chsten Spaziergang selbst erkennen k\u00f6nnen.  \n<\/p>\n\n\n\n<p>Der besondere Ganzjahresbewohner des Parks ist der Kleiber oder Specht-meise. Wir h\u00f6rten seine verschiedenartigen Rufe. Wasmuth zeigte uns seine H\u00f6hle, bei der das Einflugloch auf seine K\u00f6rpergr\u00f6\u00dfe passend zugeklebt war, und schon zeigte er sich kopf\u00fcber den Baumstamm hinunterlaufend.  <\/p>\n\n\n\n<p>Pr\u00e4sent waren auch immer wieder die Bunt- und Gr\u00fcnspechte und die metallisch schillernden Stare. Noch auf dem R\u00fcckweg zum Parkplatz sang uns ein Rotkehlchen ihr zartes Abschiedslied. F\u00fcr eine wiedermal gelun-gene Fr\u00fchlingswanderung bedankten wir uns bei J\u00fcrgen Wasmuth mit einem donnernden Applaus.  <\/p>\n\n\n\n<p>Silvia\nM\u00fcnkel, Vorstandsmitglied Kneipp-Verein Garbsen<\/p>\n","protected":false},"excerpt":{"rendered":"<p>Der n\u00e4chste Spaziergang beginnt am So., 14.04.2019, 8.00 Uhr, Grundschule Marienwerder, Westermannweg 10. Anmeldung bei J\u00fcrgen Wasmuth, Tel.05137\/78353, eMail: juergen.wasmuth@htp-tel.de Bereits im 4. Jahr l\u00e4dt unser Hobbyornithologe zu seiner immer beliebter werdenden Exkursion ein. Direkt am Treffpunkt an der Grundschule Marienwerder erkl\u00e4rte er den 15 Teilnehmern die Kohl- und Blaumeisen, die uns mit ihrem Zizid\u00e4h-Rufen begleiten werden. Gleich darauf ert\u00f6nten<span class=\"excerpt-hellip\"> [\u2026]<\/span><\/p>\n","protected":false},"author":2,"featured_media":1234,"comment_status":"open","ping_status":"open","sticky":false,"template":"","format":"standard","meta":{"jetpack_post_was_ever_published":false,"_jetpack_newsletter_access":"","_jetpack_dont_email_post_to_subs":false,"_jetpack_newsletter_tier_id":0,"_jetpack_memberships_contains_paywalled_content":false,"_jetpack_memberships_contains_paid_content":false,"footnotes":"","jetpack_publicize_message":"","jetpack_publicize_feature_enabled":true,"jetpack_social_post_already_shared":false,"jetpack_social_options":{"image_generator_settings":{"template":"highway","default_image_id":0,"font":"","enabled":false},"version":2}},"categories":[1],"tags":[],"class_list":["post-1232","post","type-post","status-publish","format-standard","has-post-thumbnail","hentry","category-allgemein"],"jetpack_publicize_connections":[],"jetpack_featured_media_url":"https:\/\/i0.wp.com\/www.kneipp-garbsen.de\/wp-content\/uploads\/2019\/04\/P1110410.jpg?fit=4000%2C2248&ssl=1","jetpack_sharing_enabled":true,"_links":{"self":[{"href":"https:\/\/www.kneipp-garbsen.de\/index.php?rest_route=\/wp\/v2\/posts\/1232","targetHints":{"allow":["GET"]}}],"collection":[{"href":"https:\/\/www.kneipp-garbsen.de\/index.php?rest_route=\/wp\/v2\/posts"}],"about":[{"href":"https:\/\/www.kneipp-garbsen.de\/index.php?rest_route=\/wp\/v2\/types\/post"}],"author":[{"embeddable":true,"href":"https:\/\/www.kneipp-garbsen.de\/index.php?rest_route=\/wp\/v2\/users\/2"}],"replies":[{"embeddable":true,"href":"https:\/\/www.kneipp-garbsen.de\/index.php?rest_route=%2Fwp%2Fv2%2Fcomments&post=1232"}],"version-history":[{"count":3,"href":"https:\/\/www.kneipp-garbsen.de\/index.php?rest_route=\/wp\/v2\/posts\/1232\/revisions"}],"predecessor-version":[{"id":1239,"href":"https:\/\/www.kneipp-garbsen.de\/index.php?rest_route=\/wp\/v2\/posts\/1232\/revisions\/1239"}],"wp:featuredmedia":[{"embeddable":true,"href":"https:\/\/www.kneipp-garbsen.de\/index.php?rest_route=\/wp\/v2\/media\/1234"}],"wp:attachment":[{"href":"https:\/\/www.kneipp-garbsen.de\/index.php?rest_route=%2Fwp%2Fv2%2Fmedia&parent=1232"}],"wp:term":[{"taxonomy":"category","embeddable":true,"href":"https:\/\/www.kneipp-garbsen.de\/index.php?rest_route=%2Fwp%2Fv2%2Fcategories&post=1232"},{"taxonomy":"post_tag","embeddable":true,"href":"https:\/\/www.kneipp-garbsen.de\/index.php?rest_route=%2Fwp%2Fv2%2Ftags&post=1232"}],"curies":[{"name":"wp","href":"https:\/\/api.w.org\/{rel}","templated":true}]}}