{"id":1200,"date":"2019-02-23T17:19:27","date_gmt":"2019-02-23T16:19:27","guid":{"rendered":"http:\/\/www.kneipp-garbsen.de\/?p=1200"},"modified":"2019-02-23T17:25:47","modified_gmt":"2019-02-23T16:25:47","slug":"kneipp-garbsen-waehlt-neuen-vorstand","status":"publish","type":"post","link":"https:\/\/www.kneipp-garbsen.de\/?p=1200","title":{"rendered":"KNEIPP-Garbsen w\u00e4hlt neuen Vorstand"},"content":{"rendered":"\n<p style=\"text-align:right\">von R\u00fcdiger Kleinowski<\/p>\n\n\n\n<p>Der KNEIPP-Verein Garbsen stellt die Weichen f\u00fcr ein erfolgreiches Jahr 2019.<br>Mit neugew\u00e4hltem Vorstand und Ideen geht der Kneipp-Verein Garbsen in die neue Saison. Der Kneipp-Treff im KOHAKE-Zentrum war gut gef\u00fcllt als der 1.Vorsitzende Dieter Roggenkamp die anwesenden Mitglieder und die Beauftragte des Landesverbandes Frau Gehrmann begr\u00fc\u00dfte.<br>Ein Dank ging ebenso an die Arbeit der Kitas, die von Gerd Kalt betreut werden. <br>Noch einmal lie\u00df man das vergangene Jubil\u00e4umsjahr Revue passieren und wies auf die zahlreichen Aktivit\u00e4ten und Kurse f\u00fcr Kneipp- Mitglieder hin.<br>Das Angebot des Garbsener Vereins reicht von Nordic Walking \u00fcber Yoga und Qigong bis hin zu etlichen Wanderangeboten auch per Rad. Immer beliebter und gut besucht sind die Tagesausfl\u00fcge und Reisen.<br>Mit geringen Mitglieds-Beitr\u00e4gen wird den Mitgliedern ein tolles Ange-bot f\u00fcr gemeinsame und gesunde Lebensweise geboten.<br>Auf der Jahres-Hauptversammlung wurde der Vorstand neu gew\u00e4hlt. Dank wurde den Wanderf\u00fchrern und Spartenleitern ausgesprochen, langj\u00e4hrige Mitglieder erhielten eine Urkunde und ein kleines Pr\u00e4sent.<br>Neu im Kneipp-Team ist R\u00fcdiger Kleinowski f\u00fcr den Bereich Presse- und \u00d6ffentlichkeitsarbeit.<br>Ferner wurden Aufgaben und Eins\u00e4tze des Kneipp Vereins angesprochen. Hierf\u00fcr werden immer wieder Mitglieder gesucht, die bei diesen Aufgaben mithelfen, damit der Kneipp-Verein Garbsen auch in Zukunft weiter gut aufgestellt ist.<\/p>\n","protected":false},"excerpt":{"rendered":"<p>von R\u00fcdiger Kleinowski Der KNEIPP-Verein Garbsen stellt die Weichen f\u00fcr ein erfolgreiches Jahr 2019.Mit neugew\u00e4hltem Vorstand und Ideen geht der Kneipp-Verein Garbsen in die neue Saison. Der Kneipp-Treff im KOHAKE-Zentrum war gut gef\u00fcllt als der 1.Vorsitzende Dieter Roggenkamp die anwesenden Mitglieder und die Beauftragte des Landesverbandes Frau Gehrmann begr\u00fc\u00dfte.Ein Dank ging ebenso an die Arbeit der Kitas, die von Gerd<span class=\"excerpt-hellip\"> [\u2026]<\/span><\/p>\n","protected":false},"author":2,"featured_media":1201,"comment_status":"open","ping_status":"open","sticky":false,"template":"","format":"standard","meta":{"jetpack_post_was_ever_published":false,"_jetpack_newsletter_access":"","_jetpack_dont_email_post_to_subs":false,"_jetpack_newsletter_tier_id":0,"_jetpack_memberships_contains_paywalled_content":false,"_jetpack_memberships_contains_paid_content":false,"footnotes":"","jetpack_publicize_message":"","jetpack_publicize_feature_enabled":true,"jetpack_social_post_already_shared":false,"jetpack_social_options":{"image_generator_settings":{"template":"highway","default_image_id":0,"font":"","enabled":false},"version":2}},"categories":[1],"tags":[],"class_list":["post-1200","post","type-post","status-publish","format-standard","has-post-thumbnail","hentry","category-allgemein"],"jetpack_publicize_connections":[],"jetpack_featured_media_url":"https:\/\/i0.wp.com\/www.kneipp-garbsen.de\/wp-content\/uploads\/2019\/02\/20190207_190134.jpg?fit=4608%2C2592&ssl=1","jetpack_sharing_enabled":true,"_links":{"self":[{"href":"https:\/\/www.kneipp-garbsen.de\/index.php?rest_route=\/wp\/v2\/posts\/1200","targetHints":{"allow":["GET"]}}],"collection":[{"href":"https:\/\/www.kneipp-garbsen.de\/index.php?rest_route=\/wp\/v2\/posts"}],"about":[{"href":"https:\/\/www.kneipp-garbsen.de\/index.php?rest_route=\/wp\/v2\/types\/post"}],"author":[{"embeddable":true,"href":"https:\/\/www.kneipp-garbsen.de\/index.php?rest_route=\/wp\/v2\/users\/2"}],"replies":[{"embeddable":true,"href":"https:\/\/www.kneipp-garbsen.de\/index.php?rest_route=%2Fwp%2Fv2%2Fcomments&post=1200"}],"version-history":[{"count":2,"href":"https:\/\/www.kneipp-garbsen.de\/index.php?rest_route=\/wp\/v2\/posts\/1200\/revisions"}],"predecessor-version":[{"id":1204,"href":"https:\/\/www.kneipp-garbsen.de\/index.php?rest_route=\/wp\/v2\/posts\/1200\/revisions\/1204"}],"wp:featuredmedia":[{"embeddable":true,"href":"https:\/\/www.kneipp-garbsen.de\/index.php?rest_route=\/wp\/v2\/media\/1201"}],"wp:attachment":[{"href":"https:\/\/www.kneipp-garbsen.de\/index.php?rest_route=%2Fwp%2Fv2%2Fmedia&parent=1200"}],"wp:term":[{"taxonomy":"category","embeddable":true,"href":"https:\/\/www.kneipp-garbsen.de\/index.php?rest_route=%2Fwp%2Fv2%2Fcategories&post=1200"},{"taxonomy":"post_tag","embeddable":true,"href":"https:\/\/www.kneipp-garbsen.de\/index.php?rest_route=%2Fwp%2Fv2%2Ftags&post=1200"}],"curies":[{"name":"wp","href":"https:\/\/api.w.org\/{rel}","templated":true}]}}