{"id":1185,"date":"2019-02-16T21:21:29","date_gmt":"2019-02-16T20:21:29","guid":{"rendered":"http:\/\/www.kneipp-garbsen.de\/?p=1185"},"modified":"2019-02-16T21:21:31","modified_gmt":"2019-02-16T20:21:31","slug":"wedemark-wanderung-am-so-10-maerz-2019","status":"publish","type":"post","link":"https:\/\/www.kneipp-garbsen.de\/?p=1185","title":{"rendered":"Wedemark-Wanderung am So., 10. M\u00e4rz 2019"},"content":{"rendered":"\n<p>Von Wiechendorf aus wandern wir zum L\u00f6nssee, durch den Henjeskamp nach Schadehop, dann zum Bissendorfer Moor, wo wir auf den Aussichtsturm steigen, um \u00fcber das wilde Moorgebiet zu schauen. Es sind flache 13 km und zum Schlu\u00df kehren wir in einem Cafe ein. Ich hoffe auf rege Beteiligung und sch\u00f6nes Wetter.  Silvia M\u00fcnkel <\/p>\n","protected":false},"excerpt":{"rendered":"<p>Von Wiechendorf aus wandern wir zum L\u00f6nssee, durch den Henjeskamp nach Schadehop, dann zum Bissendorfer Moor, wo wir auf den Aussichtsturm steigen, um \u00fcber das wilde Moorgebiet zu schauen. Es sind flache 13 km und zum Schlu\u00df kehren wir in einem Cafe ein. Ich hoffe auf rege Beteiligung und sch\u00f6nes Wetter. Silvia M\u00fcnkel<\/p>\n","protected":false},"author":2,"featured_media":1187,"comment_status":"open","ping_status":"open","sticky":false,"template":"","format":"standard","meta":{"jetpack_post_was_ever_published":false,"_jetpack_newsletter_access":"","_jetpack_dont_email_post_to_subs":false,"_jetpack_newsletter_tier_id":0,"_jetpack_memberships_contains_paywalled_content":false,"_jetpack_memberships_contains_paid_content":false,"footnotes":"","jetpack_publicize_message":"","jetpack_publicize_feature_enabled":true,"jetpack_social_post_already_shared":false,"jetpack_social_options":{"image_generator_settings":{"template":"highway","default_image_id":0,"font":"","enabled":false},"version":2}},"categories":[1],"tags":[],"class_list":["post-1185","post","type-post","status-publish","format-standard","has-post-thumbnail","hentry","category-allgemein"],"jetpack_publicize_connections":[],"jetpack_featured_media_url":"https:\/\/i0.wp.com\/www.kneipp-garbsen.de\/wp-content\/uploads\/2019\/02\/wedemark.jpg?fit=3444%2C2134&ssl=1","jetpack_sharing_enabled":true,"_links":{"self":[{"href":"https:\/\/www.kneipp-garbsen.de\/index.php?rest_route=\/wp\/v2\/posts\/1185","targetHints":{"allow":["GET"]}}],"collection":[{"href":"https:\/\/www.kneipp-garbsen.de\/index.php?rest_route=\/wp\/v2\/posts"}],"about":[{"href":"https:\/\/www.kneipp-garbsen.de\/index.php?rest_route=\/wp\/v2\/types\/post"}],"author":[{"embeddable":true,"href":"https:\/\/www.kneipp-garbsen.de\/index.php?rest_route=\/wp\/v2\/users\/2"}],"replies":[{"embeddable":true,"href":"https:\/\/www.kneipp-garbsen.de\/index.php?rest_route=%2Fwp%2Fv2%2Fcomments&post=1185"}],"version-history":[{"count":1,"href":"https:\/\/www.kneipp-garbsen.de\/index.php?rest_route=\/wp\/v2\/posts\/1185\/revisions"}],"predecessor-version":[{"id":1188,"href":"https:\/\/www.kneipp-garbsen.de\/index.php?rest_route=\/wp\/v2\/posts\/1185\/revisions\/1188"}],"wp:featuredmedia":[{"embeddable":true,"href":"https:\/\/www.kneipp-garbsen.de\/index.php?rest_route=\/wp\/v2\/media\/1187"}],"wp:attachment":[{"href":"https:\/\/www.kneipp-garbsen.de\/index.php?rest_route=%2Fwp%2Fv2%2Fmedia&parent=1185"}],"wp:term":[{"taxonomy":"category","embeddable":true,"href":"https:\/\/www.kneipp-garbsen.de\/index.php?rest_route=%2Fwp%2Fv2%2Fcategories&post=1185"},{"taxonomy":"post_tag","embeddable":true,"href":"https:\/\/www.kneipp-garbsen.de\/index.php?rest_route=%2Fwp%2Fv2%2Ftags&post=1185"}],"curies":[{"name":"wp","href":"https:\/\/api.w.org\/{rel}","templated":true}]}}