{"id":1051,"date":"2018-09-08T18:32:09","date_gmt":"2018-09-08T16:32:09","guid":{"rendered":"http:\/\/www.kneipp-garbsen.de\/?p=1051"},"modified":"2018-09-08T18:32:09","modified_gmt":"2018-09-08T16:32:09","slug":"sonntagswanderer-auf-tour-im-ith","status":"publish","type":"post","link":"https:\/\/www.kneipp-garbsen.de\/?p=1051","title":{"rendered":"Sonntagswanderer auf Tour im Ith"},"content":{"rendered":"<p><span style=\"font-family: Arial, sans-serif;\"><span style=\"font-size: large;\">Das ist der 22 km lange Ith, der l\u00e4ngste Klippenzug Niedersachsens. Auf einem 16-km-Rundweg leitete unser Wanderf\u00fchrer, Hardy Wunder,\u00a0 uns \u00fcber den Ithkopf bei Coppenbr\u00fcgge auf sanften Anstiegen zum Kammweg. <\/span><\/span><\/p>\n<p><span style=\"font-family: Arial, sans-serif;\"><span style=\"font-size: large;\">Ein schmaler, steiniger Waldpfad f\u00fchrte uns durch den naturbelassenen Buchenwald bis zum Ithturm (439 m). Von oben bestaunten wir bei klarer Sicht das weite Wesertal bis Grohnde und den S\u00fcdteil des S\u00fcntels. Dazwischen war Hameln zu erahnen. <\/span><\/span><\/p>\n<p><img data-recalc-dims=\"1\" loading=\"lazy\" decoding=\"async\" class=\" wp-image-1054 alignright\" src=\"https:\/\/i0.wp.com\/www.kneipp-garbsen.de\/wp-content\/uploads\/2018\/09\/Ihtziegen-225x300.jpg?resize=245%2C327\" alt=\"\" width=\"245\" height=\"327\" srcset=\"https:\/\/i0.wp.com\/www.kneipp-garbsen.de\/wp-content\/uploads\/2018\/09\/Ihtziegen.jpg?resize=225%2C300&amp;ssl=1 225w, https:\/\/i0.wp.com\/www.kneipp-garbsen.de\/wp-content\/uploads\/2018\/09\/Ihtziegen.jpg?w=768&amp;ssl=1 768w, https:\/\/i0.wp.com\/www.kneipp-garbsen.de\/wp-content\/uploads\/2018\/09\/Ihtziegen.jpg?resize=110%2C146&amp;ssl=1 110w, https:\/\/i0.wp.com\/www.kneipp-garbsen.de\/wp-content\/uploads\/2018\/09\/Ihtziegen.jpg?resize=38%2C50&amp;ssl=1 38w, https:\/\/i0.wp.com\/www.kneipp-garbsen.de\/wp-content\/uploads\/2018\/09\/Ihtziegen.jpg?resize=56%2C75&amp;ssl=1 56w\" sizes=\"auto, (max-width:767px) 245px, 245px\" \/><span style=\"font-family: Arial, sans-serif;\"><span style=\"font-size: large;\">Wir trauten unseren Augen nicht, vom M\u00f6nchstein herunter kam uns eine Ziege entgegen. Sie war zahm und begleitete uns \u00fcber die Bessinger Klippen bis zu den freistehenden Felsformationen \u201eAdam und Eva\u201c.<\/span><\/span><\/p>\n<p><span style=\"font-family: Arial, sans-serif;\"><span style=\"font-size: large;\">Noch einmal genossen wir den sonnen-durchfluteten Naturwald und dann hie\u00df es Obacht geben, denn das letzte St\u00fcck ging steil runter \u00fcber Felsen, vermooste Stufen und umgest\u00fcrzte B\u00e4ume. Das war an-strengend, aber trainierte Kneipp-Wanderer schaffen das.<\/span><\/span><\/p>\n<p><img data-recalc-dims=\"1\" loading=\"lazy\" decoding=\"async\" class=\"wp-image-1053 alignleft\" src=\"https:\/\/i0.wp.com\/www.kneipp-garbsen.de\/wp-content\/uploads\/2018\/09\/Abstieg-Ihtkopf-300x169.jpg?resize=290%2C163\" alt=\"\" width=\"290\" height=\"163\" srcset=\"https:\/\/i0.wp.com\/www.kneipp-garbsen.de\/wp-content\/uploads\/2018\/09\/Abstieg-Ihtkopf.jpg?resize=300%2C169&amp;ssl=1 300w, https:\/\/i0.wp.com\/www.kneipp-garbsen.de\/wp-content\/uploads\/2018\/09\/Abstieg-Ihtkopf.jpg?resize=768%2C432&amp;ssl=1 768w, https:\/\/i0.wp.com\/www.kneipp-garbsen.de\/wp-content\/uploads\/2018\/09\/Abstieg-Ihtkopf.jpg?resize=1024%2C575&amp;ssl=1 1024w, https:\/\/i0.wp.com\/www.kneipp-garbsen.de\/wp-content\/uploads\/2018\/09\/Abstieg-Ihtkopf.jpg?resize=260%2C146&amp;ssl=1 260w, https:\/\/i0.wp.com\/www.kneipp-garbsen.de\/wp-content\/uploads\/2018\/09\/Abstieg-Ihtkopf.jpg?resize=50%2C28&amp;ssl=1 50w, https:\/\/i0.wp.com\/www.kneipp-garbsen.de\/wp-content\/uploads\/2018\/09\/Abstieg-Ihtkopf.jpg?resize=133%2C75&amp;ssl=1 133w, https:\/\/i0.wp.com\/www.kneipp-garbsen.de\/wp-content\/uploads\/2018\/09\/Abstieg-Ihtkopf.jpg?w=2440&amp;ssl=1 2440w, https:\/\/i0.wp.com\/www.kneipp-garbsen.de\/wp-content\/uploads\/2018\/09\/Abstieg-Ihtkopf.jpg?w=3660&amp;ssl=1 3660w\" sizes=\"auto, (max-width:767px) 290px, 290px\" \/><\/p>\n<p><span style=\"font-family: Arial, sans-serif;\"><span style=\"font-size: large;\">Ein abenteuerlicher Sonntag endete in einem urigen Cafe, wo wir noch einmal unsere Tour Revue passieren lie\u00dfen.\u00a0\u00a0\u00a0\u00a0<\/span><\/span><\/p>\n<p><span style=\"font-family: Arial, sans-serif;\"><span style=\"font-size: large;\">Sep. 2018 Silvia M\u00fcnkel <\/span><\/span><\/p>\n","protected":false},"excerpt":{"rendered":"<p>Das ist der 22 km lange Ith, der l\u00e4ngste Klippenzug Niedersachsens. Auf einem 16-km-Rundweg leitete unser Wanderf\u00fchrer, Hardy Wunder,\u00a0 uns \u00fcber den Ithkopf bei Coppenbr\u00fcgge auf sanften Anstiegen zum Kammweg. Ein schmaler, steiniger Waldpfad f\u00fchrte uns durch den naturbelassenen Buchenwald bis zum Ithturm (439 m). Von oben bestaunten wir bei klarer Sicht das weite Wesertal bis Grohnde und den S\u00fcdteil<span class=\"excerpt-hellip\"> [\u2026]<\/span><\/p>\n","protected":false},"author":2,"featured_media":1052,"comment_status":"open","ping_status":"open","sticky":false,"template":"","format":"standard","meta":{"jetpack_post_was_ever_published":false,"_jetpack_newsletter_access":"","_jetpack_dont_email_post_to_subs":false,"_jetpack_newsletter_tier_id":0,"_jetpack_memberships_contains_paywalled_content":false,"_jetpack_memberships_contains_paid_content":false,"footnotes":"","jetpack_publicize_message":"","jetpack_publicize_feature_enabled":true,"jetpack_social_post_already_shared":false,"jetpack_social_options":{"image_generator_settings":{"template":"highway","default_image_id":0,"font":"","enabled":false},"version":2}},"categories":[1],"tags":[],"class_list":["post-1051","post","type-post","status-publish","format-standard","has-post-thumbnail","hentry","category-allgemein"],"jetpack_publicize_connections":[],"jetpack_featured_media_url":"https:\/\/i0.wp.com\/www.kneipp-garbsen.de\/wp-content\/uploads\/2018\/09\/Iht-wanderung.jpg?fit=4000%2C2248&ssl=1","jetpack_sharing_enabled":true,"_links":{"self":[{"href":"https:\/\/www.kneipp-garbsen.de\/index.php?rest_route=\/wp\/v2\/posts\/1051","targetHints":{"allow":["GET"]}}],"collection":[{"href":"https:\/\/www.kneipp-garbsen.de\/index.php?rest_route=\/wp\/v2\/posts"}],"about":[{"href":"https:\/\/www.kneipp-garbsen.de\/index.php?rest_route=\/wp\/v2\/types\/post"}],"author":[{"embeddable":true,"href":"https:\/\/www.kneipp-garbsen.de\/index.php?rest_route=\/wp\/v2\/users\/2"}],"replies":[{"embeddable":true,"href":"https:\/\/www.kneipp-garbsen.de\/index.php?rest_route=%2Fwp%2Fv2%2Fcomments&post=1051"}],"version-history":[{"count":1,"href":"https:\/\/www.kneipp-garbsen.de\/index.php?rest_route=\/wp\/v2\/posts\/1051\/revisions"}],"predecessor-version":[{"id":1055,"href":"https:\/\/www.kneipp-garbsen.de\/index.php?rest_route=\/wp\/v2\/posts\/1051\/revisions\/1055"}],"wp:featuredmedia":[{"embeddable":true,"href":"https:\/\/www.kneipp-garbsen.de\/index.php?rest_route=\/wp\/v2\/media\/1052"}],"wp:attachment":[{"href":"https:\/\/www.kneipp-garbsen.de\/index.php?rest_route=%2Fwp%2Fv2%2Fmedia&parent=1051"}],"wp:term":[{"taxonomy":"category","embeddable":true,"href":"https:\/\/www.kneipp-garbsen.de\/index.php?rest_route=%2Fwp%2Fv2%2Fcategories&post=1051"},{"taxonomy":"post_tag","embeddable":true,"href":"https:\/\/www.kneipp-garbsen.de\/index.php?rest_route=%2Fwp%2Fv2%2Ftags&post=1051"}],"curies":[{"name":"wp","href":"https:\/\/api.w.org\/{rel}","templated":true}]}}